{"id":86999,"date":"2025-09-01T22:24:09","date_gmt":"2025-09-01T22:24:09","guid":{"rendered":"https:\/\/www.europesays.com\/es\/86999\/"},"modified":"2025-09-01T22:24:09","modified_gmt":"2025-09-01T22:24:09","slug":"sergio-chumil-el-guatemalteco-revelacion-que-cumple-su-sueno-en-europa-ciclismo","status":"publish","type":"post","link":"https:\/\/www.europesays.com\/es\/86999\/","title":{"rendered":"Sergio Chumil, el guatemalteco revelaci\u00f3n que cumple su sue\u00f1o en Europa &#8211; Ciclismo"},"content":{"rendered":"<ol>\n<li><a href=\"https:\/\/news.google.com\/rss\/articles\/CBMiakFVX3lxTE5XMzhLOFNSWU5MTHQ3SWV1aEc1STVHcFN3T2xGdHdYeGhmQmpYUDJHODdkUG9pWjZ1LTBsSWFWODhfSFg3TTQzdGxiLVJ4cmg1XzRMTGI1TWszNHkwc19QZDRzeVY3OHJndFE?oc=5\" target=\"_blank\" rel=\"nofollow noopener\">Sergio Chumil, el guatemalteco revelaci\u00f3n que cumple su sue\u00f1o en Europa<\/a>&nbsp;&nbsp;Ciclismo<\/li>\n<li><a href=\"https:\/\/news.google.com\/rss\/articles\/CBMi0wFBVV95cUxQTERxbW41blRLVUp2eDB0R3JaTTBhQ2N0cHlWZTdUSng5Z2VXRGNoS00xSVhZVERqdzg0SEdkazJ1UXhralFYY0Q1Qjg3dWFnUDRQV3NpbnRzQTBJdXNlbVgzaFpyYm0zV2NndmVvVHNtNmwzamhKNHp3UzVDTHl2dUtRb3lJSHRTVl9CcHJrRzdGOG5yUkozV1ZjZjk4Ul9uTzZQR3E2cjlqd0Nyd0F6YjNVVUtQd2wxUUZod1JWWGswRnRORF92NEJiNDZjVG9YZlBN?oc=5\" target=\"_blank\" rel=\"nofollow noopener\">Sergio Chumil: El deportista que acerc\u00f3 el ciclismo de \u00e9lite a Guatemala<\/a>&nbsp;&nbsp;RFI<\/li>\n<li><a href=\"https:\/\/news.google.com\/rss\/articles\/CBMilwFBVV95cUxPN2NqZDJJWlh3dmJBUTJuaHFHeDJwaVNhVzNFZ3RHaFlWTTkzNGo2ZFNZR2tYd0FGQnZzamF2T0J6MWh5eEJxU3VaajRnakpXcGNhTkhMSmExQVJtV1NzbVZkMU9pRlVuUU9ZY1hzdWoxSnNoV3F4b2xBbmhzNmtRcDIxUmtJc2tlRENjRUZleWsxS1ZmUVMw?oc=5\" target=\"_blank\" rel=\"nofollow noopener\">Chumil llega firme al primer descanso de la Vuelta a Espa\u00f1a<\/a>&nbsp;&nbsp;Soy502<\/li>\n<li><a href=\"https:\/\/news.google.com\/rss\/articles\/CBMiugFBVV95cUxPRnZXVWpjbnh4Ul9HYy1SUWVTeGRWcElpa19JeURKcGJMWW5qdkNqOGlWMXFvLXhGTXZuWGxwZDRNRE4yT3B2ak1wM2laSDJaeGpXMVEwYWx4cGlEN2RrMEVaUjZBaXpkVGZvUjNPSFZtbFZlTHJUWnQzSDNJaFJsNm9vUzE2LUxCa3Fxb01WZWswai01aXdFYk5raDBmSE4zLU9WMmI5a0xYSWF3VDcyYkZWSElmRkpOZnc?oc=5\" target=\"_blank\" rel=\"nofollow noopener\">Sergio Chumil (Burgos Burpellet BH), entre los m\u00e1s fuertes en la alta monta\u00f1a de La Vuelta<\/a>&nbsp;&nbsp;El Pelot\u00f3n<\/li>\n<li><a href=\"https:\/\/news.google.com\/rss\/articles\/CBMi7wFBVV95cUxQd2JyX3NEandYbzVHTkluc1hISTN4bldIdkt4THFyWTFXTVpNU0dfV1VJc09RaGRtTHJYbV9xTk5PejZQQTFDRm9iRGJqS1g5RFB1b2ZRZ2l2clNBd3dqaU0tdkNjMnltdE5CbDhoUFBCV3JtQ1FfakxEUGZQYlhFZUEzdWNrc3drOG95TlpiTnVnOFlkLUdrX0dKZXFsM1NuenJMZFliX25pTlVUWG9vVTRORXJnVmxnYWpYUWMwdXYybFpHTDdGdVJUMzZFYnRZWnBvUy1hd2oyTHlWRlp1bVk5UEt3QkdxSFZNMnlqaw?oc=5\" target=\"_blank\" rel=\"nofollow noopener\">Vuelta a Espa\u00f1a 2025: Sergio Chumil resiste el exigente cierre en la monta\u00f1a de la novena etapa<\/a>&nbsp;&nbsp;Prensa Libre<\/li>\n<\/ol>\n","protected":false},"excerpt":{"rendered":"Sergio Chumil, el guatemalteco revelaci\u00f3n que cumple su sue\u00f1o en Europa&nbsp;&nbsp;Ciclismo Sergio Chumil: El deportista que acerc\u00f3 el&hellip;\n","protected":false},"author":2,"featured_media":87000,"comment_status":"","ping_status":"","sticky":false,"template":"","format":"standard","meta":{"footnotes":""},"categories":[273],"tags":[32146,313,1757,312,168,158,25,24,32145,32144,2139,23,167],"class_list":{"0":"post-86999","1":"post","2":"type-post","3":"status-publish","4":"format-standard","5":"has-post-thumbnail","7":"category-ciclismo","8":"tag-chumil","9":"tag-ciclismo","10":"tag-ciclista","11":"tag-cycling","12":"tag-deportes","13":"tag-el","14":"tag-es","15":"tag-espana","16":"tag-geovani","17":"tag-guatemalteco","18":"tag-sergio","19":"tag-spain","20":"tag-sports"},"share_on_mastodon":{"url":"","error":""},"_links":{"self":[{"href":"https:\/\/www.europesays.com\/es\/wp-json\/wp\/v2\/posts\/86999","targetHints":{"allow":["GET"]}}],"collection":[{"href":"https:\/\/www.europesays.com\/es\/wp-json\/wp\/v2\/posts"}],"about":[{"href":"https:\/\/www.europesays.com\/es\/wp-json\/wp\/v2\/types\/post"}],"author":[{"embeddable":true,"href":"https:\/\/www.europesays.com\/es\/wp-json\/wp\/v2\/users\/2"}],"replies":[{"embeddable":true,"href":"https:\/\/www.europesays.com\/es\/wp-json\/wp\/v2\/comments?post=86999"}],"version-history":[{"count":0,"href":"https:\/\/www.europesays.com\/es\/wp-json\/wp\/v2\/posts\/86999\/revisions"}],"wp:featuredmedia":[{"embeddable":true,"href":"https:\/\/www.europesays.com\/es\/wp-json\/wp\/v2\/media\/87000"}],"wp:attachment":[{"href":"https:\/\/www.europesays.com\/es\/wp-json\/wp\/v2\/media?parent=86999"}],"wp:term":[{"taxonomy":"category","embeddable":true,"href":"https:\/\/www.europesays.com\/es\/wp-json\/wp\/v2\/categories?post=86999"},{"taxonomy":"post_tag","embeddable":true,"href":"https:\/\/www.europesays.com\/es\/wp-json\/wp\/v2\/tags?post=86999"}],"curies":[{"name":"wp","href":"https:\/\/api.w.org\/{rel}","templated":true}]}}