{"id":87001,"date":"2025-09-01T22:25:05","date_gmt":"2025-09-01T22:25:05","guid":{"rendered":"https:\/\/www.europesays.com\/es\/87001\/"},"modified":"2025-09-01T22:25:05","modified_gmt":"2025-09-01T22:25:05","slug":"no-ha-habido-nada-de-contacto","status":"publish","type":"post","link":"https:\/\/www.europesays.com\/es\/87001\/","title":{"rendered":"No ha habido nada de contacto"},"content":{"rendered":"<p class=\"c-paragraph\">El espa\u00f1ol <a href=\"https:\/\/www.20minutos.es\/tags\/deportes\/alex-palou.html\" title=\"\u00c1lex Palou\" rel=\"nofollow noopener\" target=\"_blank\">\u00c1lex Palou<\/a>, cu\u00e1druple campe\u00f3n de la IndyCar, asegur\u00f3 este domingo en una entrevista reciente que \u00abfue una sorpresa\u00bb leer en medios estadounidenses rumores sobre el presunto inter\u00e9s de Red Bull para llevarle a la F\u00f3rmula 1, y m\u00e1s porque <b>\u00abno hab\u00eda habido nada de contacto con equipo alguno\u00bb.<\/b><\/p>\n<p class=\"c-paragraph\">Palou ofreci\u00f3 sus declaraciones en una entrevista a EFE desde Nueva York, donde viaj\u00f3 el domingo tras la \u00faltima carrera de la temporada de la IndyCar para cuestiones de trabajo y tambi\u00e9n de diversi\u00f3n, pues <b>tiene previsto acudir al Abierto de Estados Unidos de tenis.<\/b><\/p>\n<p class=\"c-paragraph\">\u00abLa verdad que fue una sorpresa para nosotros, m\u00e1s para algo que no hab\u00eda habido nada de contacto con ning\u00fan equipo, pero tampoco con Red Bull.<b> Uno de esos rumores que sali\u00f3 ya hab\u00edamos dicho que no era verdad, pero sali\u00f3 igualmente<\/b>. Una pena por el hecho de que se hablara m\u00e1s de eso, de rumores, que de nuestro campeonato, pero al final no hace da\u00f1o a m\u00ed o al equipo, que se hable de nosotros y que haya m\u00e1s gente que sepa que hemos ganado el campeonato\u00bb, asegur\u00f3 Palou.<\/p>\n<p class=\"c-paragraph\">\u00abNo es negativo que haya rumores que alg\u00fan equipo estar\u00eda interesado, pues muy bien, <b>est\u00e1 bien que alguien est\u00e9 interesado<\/b>. Siempre. Sea de donde sea\u00bb, a\u00f1adi\u00f3 el catal\u00e1n.<\/p>\n<p class=\"c-paragraph\">Su tel\u00e9fono <b>nunca ha recibido una llamada de Red Bull. \u00abNo, para nada\u00bb<\/b>, dej\u00f3 claro Palou, que vive un momento de ensue\u00f1o en el equipo Chip Ganassi en la IndyCar, de la que es tetracampe\u00f3n tras una temporada en la que gan\u00f3 ocho carreras.<\/p>\n","protected":false},"excerpt":{"rendered":"El espa\u00f1ol \u00c1lex Palou, cu\u00e1druple campe\u00f3n de la IndyCar, asegur\u00f3 este domingo en una entrevista reciente que \u00abfue&hellip;\n","protected":false},"author":2,"featured_media":87002,"comment_status":"","ping_status":"","sticky":false,"template":"","format":"standard","meta":{"footnotes":""},"categories":[270],"tags":[2865,168,30009,25,24,306,557,271,272,29764,11491,23,167],"class_list":{"0":"post-87001","1":"post","2":"type-post","3":"status-publish","4":"format-standard","5":"has-post-thumbnail","7":"category-formula-1","8":"tag-alex","9":"tag-deportes","10":"tag-desmarca","11":"tag-es","12":"tag-espana","13":"tag-f1","14":"tag-fichaje","15":"tag-formula-1","16":"tag-formula1","17":"tag-palou","18":"tag-rumores","19":"tag-spain","20":"tag-sports"},"share_on_mastodon":{"url":"","error":""},"_links":{"self":[{"href":"https:\/\/www.europesays.com\/es\/wp-json\/wp\/v2\/posts\/87001","targetHints":{"allow":["GET"]}}],"collection":[{"href":"https:\/\/www.europesays.com\/es\/wp-json\/wp\/v2\/posts"}],"about":[{"href":"https:\/\/www.europesays.com\/es\/wp-json\/wp\/v2\/types\/post"}],"author":[{"embeddable":true,"href":"https:\/\/www.europesays.com\/es\/wp-json\/wp\/v2\/users\/2"}],"replies":[{"embeddable":true,"href":"https:\/\/www.europesays.com\/es\/wp-json\/wp\/v2\/comments?post=87001"}],"version-history":[{"count":0,"href":"https:\/\/www.europesays.com\/es\/wp-json\/wp\/v2\/posts\/87001\/revisions"}],"wp:featuredmedia":[{"embeddable":true,"href":"https:\/\/www.europesays.com\/es\/wp-json\/wp\/v2\/media\/87002"}],"wp:attachment":[{"href":"https:\/\/www.europesays.com\/es\/wp-json\/wp\/v2\/media?parent=87001"}],"wp:term":[{"taxonomy":"category","embeddable":true,"href":"https:\/\/www.europesays.com\/es\/wp-json\/wp\/v2\/categories?post=87001"},{"taxonomy":"post_tag","embeddable":true,"href":"https:\/\/www.europesays.com\/es\/wp-json\/wp\/v2\/tags?post=87001"}],"curies":[{"name":"wp","href":"https:\/\/api.w.org\/{rel}","templated":true}]}}