{"id":87033,"date":"2025-09-01T22:43:11","date_gmt":"2025-09-01T22:43:11","guid":{"rendered":"https:\/\/www.europesays.com\/es\/87033\/"},"modified":"2025-09-01T22:43:11","modified_gmt":"2025-09-01T22:43:11","slug":"triunfo-de-castella-en-la-tarde-de-lo-que-pudo-ser","status":"publish","type":"post","link":"https:\/\/www.europesays.com\/es\/87033\/","title":{"rendered":"Triunfo de Castella en la tarde de lo que pudo ser"},"content":{"rendered":"<p>            <a href=\"https:\/\/www.palenciaenlared.es\/wp-content\/uploads\/2025\/09\/Corrida-de-Toros-Lunes-1-de-septiembre-San-Antolin-2025-8.jpg\" data-caption=\"Fotos: Sergio Lozano\" rel=\"nofollow noopener\" target=\"_blank\"><img loading=\"lazy\" decoding=\"async\" width=\"696\" height=\"463\" class=\"entry-thumb td-modal-image\" src=\"https:\/\/www.europesays.com\/es\/wp-content\/uploads\/2025\/09\/Corrida-de-Toros-Lunes-1-de-septiembre-San-Antolin-2025-8-696x463.jpg\"   alt=\"Corrida de Toros Lunes 1 de septiembre - San Antol\u00edn 2025. Fotos Sergio Lozano\" title=\"Corrida de Toros Lunes 1 de septiembre - San Antol\u00edn 2025 (8)\"\/><\/a>Fotos: Sergio Lozano<br \/>\n            La baja de Morante de la Puebla plante\u00f3 un aprieto para los afionados palentinos, pero Castella fue capaz de levantar la tarde en el coso palentino<\/p>\n<p>Dicen que no hay peor nostalgia que la que se sufre por aquello que no se ha vivido. Algo as\u00ed debieron sentir muchos aficionados palentinos en la tarde del lunes, en la que Morante fue baja tras la cornada sufrida en Pontevedra y no pudo dejar en Palencia la impronta de su hist\u00f3rica temporada. El de la Puebla es uno de los toreros m\u00e1s importantes de la historia del toreo, y su baja plante\u00f3 un aprieto para la empresa. La sustituci\u00f3n de Castella no estuvo exenta de justificada pol\u00e9mica, entre los muchos nombres que se les ocurr\u00edan a los aficionados palentinos. Lo cierto es que el pliego de condiciones de la Diputaci\u00f3n Provincial limitaba muchos de los nombres planteados. No lo not\u00f3 mucho la taquilla, con una gran entrada, similar a la del d\u00eda anterior. Los toros de N\u00fa\u00f1ez del Cuvillo, de presentaci\u00f3n muy justa, astigordos, resultaron flojos en su mayor\u00eda. El tercio de varas fue inexistente en toda la tarde, un mero tr\u00e1mite en forma de leves picotazos.<\/p>\n<p>Corrida de toros del lunes 1 de septiembre &#8211; San Antol\u00edn. Fotos: Sergio Lozano<\/p>\n<p>Largo recibo dio Castella al que abr\u00eda plaza, por delantales y chicuelinas cerradas con una templada larga. El tercio de varas, un mero tr\u00e1mite sin ninguna emoci\u00f3n, precedi\u00f3 un buen segundo tercio de Chac\u00f3n, que salud\u00f3, y una buena lidia de Viotti. La faena de muleta estuvo marcada por las pocas fuerzas del Cuvillo, que perdi\u00f3 la mano varias veces. Series largas, sin exigir nada a un toro de embestida irregular, aunque mejor por el izquierdo. Se cambi\u00f3 la muleta por la espalda en el cierre, buscando el aplauso f\u00e1cil, para acabar matando de estocada arriba y de fea ejecuci\u00f3n. Cort\u00f3 una muy generosa oreja<\/p>\n<p>Llevaba Pregonero las cualidades de una clase desbordante, y las fuerzas escasas, como sus hermanos. Largo recibo de Castella, en el que embisti\u00f3 bien el toro. Pic\u00f3 mal Agust\u00edn Romero, ca\u00eddo y trasero, en lo que fue un mero picotazo. Gran lidia de Jos\u00e9 Chac\u00f3n en el segundo tercio. Vibr\u00f3 la plaza en el inicio, con pases cambiados por la espalda, muy arqueado, en los medios, citando de lejos. Tras ello, se puso de rodillas, en una serie por la derecha, con buenas embestidas de su oponente. Como bien embest\u00eda por la izquierda, donde se gust\u00f3 el franc\u00e9s en correctas series al natural. Acert\u00f3 toda la faena con las largas esperas entre serie y serie, dando tiempo a un toro justo de fuerzas. Una emocionante serie por la derecha, cerrada con un gran cambio de mano, seguida del arrim\u00f3n final para levantar al p\u00fablico, y unas manoletinas cerraron la faena. Inexplicable petici\u00f3n de indulto a un toro sin fuerzas sobradas y que aguant\u00f3 bien la medida faena por el buen hacer con los tiempos del franc\u00e9s. Incit\u00f3 Castella al p\u00fablico, pero imper\u00f3 la l\u00f3gica y acab\u00f3 entrando a matar, de media estocada.<\/p>\n<p>Acert\u00f3 el presidente no concediendo ni la vuelta al ruedo a un toro de gran clase, pero con las fuerzas justas y que apenas fue picado. Sorprendente que el p\u00fablico que pidi\u00f3 el indulto apenas protestase la no concesi\u00f3n de la vuelta al ruedo. Dos amables orejas para un firme Castella, con leve petici\u00f3n de rabo, que hubiese sido un exceso. \u201cEste toro le hubiese tocado a Morante, la que hubiese liado\u201d rezaba un aficionado en los bajos del seis. Toda la raz\u00f3n, esa clase iba pidiendo las telas del cigarrero. Aunque quiz\u00e1s sea mejor no pensar en lo que pudo ser de la tarde, y quedarse con lo vivido, que para nostalgias ya habr\u00e1 tiempo<\/p>\n<p>Poco dijo Manzanares en su primer toro, que llevaba las fuerzas contadas, aunque embest\u00eda con cierta clase en los trastos de Jos\u00e9 Mari. Dos veces entr\u00f3 al caballo, la segunda por accidente, sin dar apenas pelea en ninguna de ellas. El toro propici\u00f3 una faena larga en que Manzanares le cuid\u00f3 mucho, casi le sujet\u00f3, ante las escasas fuerzas.\u00a0 No embisti\u00f3 mal, y Manzanares, algo acelerado, no termin\u00f3 de verlo. Mat\u00f3 de estocada ca\u00edda y descabello tras un pinchazo. Tampoco lo vio en el segundo de su lote, que no iba sobrado de fuerzas, pero fue a m\u00e1s y embisti\u00f3 con clase. Discretas fueron las series por la derecha a un toro de buen embroque, como tampoco fueron l\u00facidas al natural, por donde el toro embest\u00eda algo peor. No termin\u00f3 de confiarse hasta la \u00faltima serie, por la derecha, con cierto mando. Esta vez s\u00ed luci\u00f3 su nivel con la espada, dejando una entera bien colocada y bien ejecutada. La oreja se antoj\u00f3 excesiva a una faena que podr\u00eda haber dado m\u00e1s de s\u00ed.<\/p>\n<p>Con las fuerzas justas sali\u00f3 tambi\u00e9n Pregonero, tercero de la tarde. Lo recibi\u00f3 Aguado con una bonita chicuelina, apenas le permiti\u00f3 lucirse a la ver\u00f3nica y acert\u00f3 Aguado en llevarle a los medios de toreras maneras. Le coloc\u00f3 corto al caballo, donde apenas le dieron, pero el toro se qued\u00f3 encelado, llegando a apretar, y cost\u00f3 una eternidad a la cuadrilla sacarlo de los lomos del equino. Mal Aguado e Iv\u00e1n Garc\u00eda tirando del rabo. Dej\u00f3 el sevillano momentos toreros con la mano derecha, siempre por arriba, ya que en cuanto bajaba un poco la mano se ca\u00eda el toro, con las fuerzas contad\u00edsimas. Con la izquierda, dos templadas series, tambi\u00e9n por arriba. Lo mejor lleg\u00f3 en el final del trasteo, donde sucedi\u00f3 \u2018cartuchos de pescao\u2019, homenaje a Pepe Luis V\u00e1zquez, con buenos naturales y torer\u00edsimos desplantes. Bell\u00edsimo final con ayudados por alto rodilla en tierra, con un desplante de sabor eterno. Pinch\u00f3 primero arriba y luego abajo para acabar matando de estocada baja, perdiendo toda opci\u00f3n de premio.<\/p>\n<p>De bonita estampa era el que cerr\u00f3 plaza, de la ganader\u00eda de Garc\u00eda Jim\u00e9nez, con algo peor cara, que termin\u00f3 por ser un inv\u00e1lido. Templado fue el recibo a la ver\u00f3nica, como bellas fueron las chicuelinas para llevarlo al caballo, donde apenas meti\u00f3 las cuerdas Mario Ben\u00edtez. Ya apuntaba el toro ausencia total de fuerzas, perdiendo las manos hasta siete veces, pero se le acab\u00f3 manteniendo inexplicablemente entre las protestas del p\u00fablico. Embest\u00eda largo y con clase un toro inv\u00e1lido de fuerzas, que no par\u00f3 de perder las manos en el ef\u00edmero trasteo del sevillano, que intent\u00f3 in\u00fatilmente aprovechar las embestidas. Nada pudo hacer Aguado con un oponente que no aguant\u00f3 ni el torero macheteo. Mat\u00f3 a la tercera de estocada baja. A la salida mucha gente no entend\u00eda c\u00f3mo se le pudo mantener en el ruedo mientras otros le daban vueltas todav\u00eda a la gran ausencia.<\/p>\n<p>\u00a0<\/p>\n<ul>\n<li><strong>Plaza de toros de Palencia<\/strong>. 1 de septiembre de 2025. Tercera de abono, segunda de toros. Algo m\u00e1s de tres cuartos de plaza.<\/li>\n<li>Toros de N\u00fa\u00f1ez del Cuvillo, de justa presentaci\u00f3n, de poca fuerza. El sexto fue de Hermanos Garc\u00eda Jim\u00e9nez, inv\u00e1lido<\/li>\n<li>Sebasti\u00e1n Castella, oreja y dos orejas.<\/li>\n<li>Jos\u00e9 Mar\u00eda Manzanares, saludos y oreja.<\/li>\n<li>Pablo Aguado, saludos y silencio.<\/li>\n<\/ul>\n<p><a class=\"gofollow\" data-track=\"MzUyOSwyOSwxLDYw\" href=\"https:\/\/www.facebook.com\/people\/clinicavittalpluspalencia\/100064242422308\/\" target=\"_blank\" rel=\"nofollow noopener\"><img decoding=\"async\" src=\"https:\/\/www.europesays.com\/es\/wp-content\/uploads\/2025\/08\/VittalPlus-Palencia-300x400-Agosto2025.gif\"\/><\/a><\/p>\n<p>\n-Publicidad-<\/p>\n","protected":false},"excerpt":{"rendered":"Fotos: Sergio Lozano La baja de Morante de la Puebla plante\u00f3 un aprieto para los afionados palentinos, pero&hellip;\n","protected":false},"author":2,"featured_media":87034,"comment_status":"","ping_status":"","sticky":false,"template":"","format":"standard","meta":{"footnotes":""},"categories":[277],"tags":[373,168,25,24,29539,23,167,374,31452],"class_list":{"0":"post-87033","1":"post","2":"type-post","3":"status-publish","4":"format-standard","5":"has-post-thumbnail","7":"category-toreo","8":"tag-bullfighting","9":"tag-deportes","10":"tag-es","11":"tag-espana","12":"tag-san-antolu00edn","13":"tag-spain","14":"tag-sports","15":"tag-toreo","16":"tag-toros-san-antolu00edn"},"share_on_mastodon":{"url":"","error":""},"_links":{"self":[{"href":"https:\/\/www.europesays.com\/es\/wp-json\/wp\/v2\/posts\/87033","targetHints":{"allow":["GET"]}}],"collection":[{"href":"https:\/\/www.europesays.com\/es\/wp-json\/wp\/v2\/posts"}],"about":[{"href":"https:\/\/www.europesays.com\/es\/wp-json\/wp\/v2\/types\/post"}],"author":[{"embeddable":true,"href":"https:\/\/www.europesays.com\/es\/wp-json\/wp\/v2\/users\/2"}],"replies":[{"embeddable":true,"href":"https:\/\/www.europesays.com\/es\/wp-json\/wp\/v2\/comments?post=87033"}],"version-history":[{"count":0,"href":"https:\/\/www.europesays.com\/es\/wp-json\/wp\/v2\/posts\/87033\/revisions"}],"wp:featuredmedia":[{"embeddable":true,"href":"https:\/\/www.europesays.com\/es\/wp-json\/wp\/v2\/media\/87034"}],"wp:attachment":[{"href":"https:\/\/www.europesays.com\/es\/wp-json\/wp\/v2\/media?parent=87033"}],"wp:term":[{"taxonomy":"category","embeddable":true,"href":"https:\/\/www.europesays.com\/es\/wp-json\/wp\/v2\/categories?post=87033"},{"taxonomy":"post_tag","embeddable":true,"href":"https:\/\/www.europesays.com\/es\/wp-json\/wp\/v2\/tags?post=87033"}],"curies":[{"name":"wp","href":"https:\/\/api.w.org\/{rel}","templated":true}]}}