{"id":87037,"date":"2025-09-01T22:47:08","date_gmt":"2025-09-01T22:47:08","guid":{"rendered":"https:\/\/www.europesays.com\/es\/87037\/"},"modified":"2025-09-01T22:47:08","modified_gmt":"2025-09-01T22:47:08","slug":"etapa-10-de-la-vuelta-a-espana-sendaviva-larra-belagua-1753-km-ciclismo","status":"publish","type":"post","link":"https:\/\/www.europesays.com\/es\/87037\/","title":{"rendered":"Etapa 10 de la Vuelta a Espa\u00f1a, Sendaviva &#8211; Larra Belagua \/ 175,3 Km &#8211; Ciclismo"},"content":{"rendered":"<ol>\n<li><a href=\"https:\/\/news.google.com\/rss\/articles\/CBMiakFVX3lxTE8wZXZnNnQ3U2wxNHk0U1FJdUNaYnNQRFpmQ2ZWU3pYeHhmZEJfa09paEVaVnE5ZkFZQ0Q0LW9JV2VzMktOSnhlaVo3M0xJWVlaUGUycHVTcmpwbmwzNTVuT3JHZm5uYVlOLXc?oc=5\" target=\"_blank\" rel=\"nofollow noopener\">Etapa 10 de la Vuelta a Espa\u00f1a, Sendaviva &#8211; Larra Belagua \/ 175,3 Km<\/a>&nbsp;&nbsp;Ciclismo<\/li>\n<li><a href=\"https:\/\/news.google.com\/rss\/articles\/CBMi0gFBVV95cUxPVWl5SXp0Q0tPZGJGcmJrRE5IQi1ZNkFEcVhnS3IxSUpoNXl4ZTgwV1RDYVNFUWFQc194VE1OOFg1QWV2RXFNcTdmSmk2OVEyN2NDT3RNaXZYN3JyR3I4Y3p5c3BxWjljQWFVYnNWUl9oN1h0ZjJ1aEpUSWM1XzR2UGcwaEZDMjdEVFdJWkpUREc0YmVmbEFmZi1QZUphN1ZfNWlzWUtfU1BIYU45X0pTc2hnalJ3TEc5Y2I0b1dyTVE4YnR2c25UR2wxOVV0Yno4d2fSAdcBQVVfeXFMTVpxMV9CZUY1RlE2S1BaX3NsMjdsZGhHLW5oSnBGcDA0dHFQeW9WLVhCTDZMVk9yb3lZc01lTllsaVg1MVQ3aWwyb1o1ZEhNdjNTUFVIN2N5SUV5ZkZtQVU0YUk4THRnRkx4Zy1MRU9SekM3WElYQl9GaGpYY3lLUGhUdU5kQy1HMURJOVFNSWJ2SEpWZ1pxVXVXdEtEOTNjXzFQSDZqQXdkRlFoTm5CX2FYQlN6dkhnR3pCQkdTQWpwYjNEQkRpRHdNenlRZ1pCdXpSa2tBWWc?oc=5\" target=\"_blank\" rel=\"nofollow noopener\">La Vuelta Espa\u00f1a 2025: horario, recorrido, perfil y d\u00f3nde ver por TV y online la etapa 10<\/a>&nbsp;&nbsp;El Confidencial<\/li>\n<li><a href=\"https:\/\/news.google.com\/rss\/articles\/CBMisgFBVV95cUxPcU1DTFhMWmtsMS10VEpRbFJKV1hvNnJFWGR3SHZPWHI3RVp6ZlhualYxeTBHelFMMXR3dXlreTRiLTZ5cjVkYWJibzJ5T3lENzFsNm8zNUdGeUp3bVg3ek5fRkdvQUE2VDVmQzZ6cjlfMHlBdUl5NGl2VktaT2s0S09OR3J3dmlINHJ0ZnY4YUpCb2xLUVB5YmJKb0s2S0tkcTVRczE4VHl6S3dHUEt5SnhB0gGyAUFVX3lxTE9DOFFJeUF4RFJkSDJIWENQaUVDUnBXOG8wQ3Fob21jWjRGZHg3SzJXdUFuUjJNYUt3R3E3bW9UdmlKNWxMU2p0bzl6ZUNxblBOMk5JeElUWHhBZHc5QlYxaDdKZTh2TklKZUdUbTFhRVlLWGtMdTM4eWlJc3ExM2h4U1dtclZwMXZXU3Zsa2U5MUhxTUVldUYtSGMtUE1EODJaS1RWeVUtN3M1VER4OEJuZVE?oc=5\" target=\"_blank\" rel=\"nofollow noopener\">Perfil, recorrido, hora y d\u00f3nde ver la Etapa 10 de la Vuelta a Espa\u00f1a entre Sendaviva y Larra\/Belagua<\/a>&nbsp;&nbsp;RTVE.es<\/li>\n<li><a href=\"https:\/\/news.google.com\/rss\/articles\/CBMizAFBVV95cUxOQjJnME94bmdPdzh6Z3l3c0VVRXo4bUZZT2JBd2RyTGZISkdKbjZwNXE0ZGtLUXQ3VTFqRE9jSFBzQ1c4cnp6UGNlMWgwbXRUcENTLTVoZi02bjdIeWFvb3daQnRVUndmSUE1MUE2YmxGVmVvUkQwX3FheExncG15T1hQZVdQMUc1QktRSE1ob3lMX2tFMWlnOTJISFkwRHhMczkzRWdfOVNqNTRmemNDajBtUGJ6dV9YdEs0bEN0UW14QmViM2Z5bnRYcmI?oc=5\" target=\"_blank\" rel=\"nofollow noopener\">Estos son los cortes de tr\u00e1fico en Navarra por la Vuelta a Espa\u00f1a: sigue aqu\u00ed la etapa en directo<\/a>&nbsp;&nbsp;diariodenavarra.es<\/li>\n<li><a href=\"https:\/\/news.google.com\/rss\/articles\/CBMiswFBVV95cUxOcno4TWlEQWt4OElkVFBVZEhqM2haa3lGY2d6OFI2bXdIcnhTbUttWXR2MTNLUWRuZWNUaUxwNUVtWVp6QVZVY2oxa1ROWTZCQ0hDbDQwOEdHUWFOd1ZzMWZiRVo4aWpXX2sxX0hhcGo1anJXQ2p4MU80WHcxRjdxd1lIc1oxbVgzLUVQamtrbHFXVVhNNElMVDZiOWdiUlVldjlPYlozVy05QngxUlVSSS16Zw?oc=5\" target=\"_blank\" rel=\"nofollow noopener\">Movistar Team sale a rodar por la Comarca de Pamplona en la jornada de descanso de La Vuelta<\/a>&nbsp;&nbsp;Noticias de Navarra<\/li>\n<\/ol>\n","protected":false},"excerpt":{"rendered":"Etapa 10 de la Vuelta a Espa\u00f1a, Sendaviva &#8211; Larra Belagua \/ 175,3 Km&nbsp;&nbsp;Ciclismo La Vuelta Espa\u00f1a 2025:&hellip;\n","protected":false},"author":2,"featured_media":87038,"comment_status":"","ping_status":"","sticky":false,"template":"","format":"standard","meta":{"footnotes":""},"categories":[273],"tags":[313,4842,312,168,3484,158,25,24,314,293,7797,4690,1078,32152,23,167,1357],"class_list":{"0":"post-87037","1":"post","2":"type-post","3":"status-publish","4":"format-standard","5":"has-post-thumbnail","7":"category-ciclismo","8":"tag-ciclismo","9":"tag-competicion","10":"tag-cycling","11":"tag-deportes","12":"tag-descanso","13":"tag-el","14":"tag-es","15":"tag-espana","16":"tag-etapa","17":"tag-jornada","18":"tag-martes","19":"tag-peloton","20":"tag-primera","21":"tag-retoma","22":"tag-spain","23":"tag-sports","24":"tag-vuelta"},"share_on_mastodon":{"url":"","error":""},"_links":{"self":[{"href":"https:\/\/www.europesays.com\/es\/wp-json\/wp\/v2\/posts\/87037","targetHints":{"allow":["GET"]}}],"collection":[{"href":"https:\/\/www.europesays.com\/es\/wp-json\/wp\/v2\/posts"}],"about":[{"href":"https:\/\/www.europesays.com\/es\/wp-json\/wp\/v2\/types\/post"}],"author":[{"embeddable":true,"href":"https:\/\/www.europesays.com\/es\/wp-json\/wp\/v2\/users\/2"}],"replies":[{"embeddable":true,"href":"https:\/\/www.europesays.com\/es\/wp-json\/wp\/v2\/comments?post=87037"}],"version-history":[{"count":0,"href":"https:\/\/www.europesays.com\/es\/wp-json\/wp\/v2\/posts\/87037\/revisions"}],"wp:featuredmedia":[{"embeddable":true,"href":"https:\/\/www.europesays.com\/es\/wp-json\/wp\/v2\/media\/87038"}],"wp:attachment":[{"href":"https:\/\/www.europesays.com\/es\/wp-json\/wp\/v2\/media?parent=87037"}],"wp:term":[{"taxonomy":"category","embeddable":true,"href":"https:\/\/www.europesays.com\/es\/wp-json\/wp\/v2\/categories?post=87037"},{"taxonomy":"post_tag","embeddable":true,"href":"https:\/\/www.europesays.com\/es\/wp-json\/wp\/v2\/tags?post=87037"}],"curies":[{"name":"wp","href":"https:\/\/api.w.org\/{rel}","templated":true}]}}