{"id":87045,"date":"2025-09-01T22:51:09","date_gmt":"2025-09-01T22:51:09","guid":{"rendered":"https:\/\/www.europesays.com\/es\/87045\/"},"modified":"2025-09-01T22:51:09","modified_gmt":"2025-09-01T22:51:09","slug":"marta-penate-pide-un-tour-por-vitoria-sandra-barneda-y-su-amor-por-los-pintxos-las-anecdotas-de-supervivientes-en-el-festval","status":"publish","type":"post","link":"https:\/\/www.europesays.com\/es\/87045\/","title":{"rendered":"Marta Pe\u00f1ate pide un &#8216;tour&#8217; por Vitoria, Sandra Barneda y su amor por los pintxos&#8230; Las an\u00e9cdotas de Supervivientes en el FesTVal"},"content":{"rendered":"<p>Supervivientes vuelve este jueves a la parrilla televisiva y lo hace con el formato &#8216;All Stars&#8217;, donde leyendas de la &#8216;tele&#8217; como Jessica Bueno, Gloria  &#8230; Camila, Fani Carbajo, Rub\u00e9n Torres, Tony Spina o Noel Bayarri apuestan por volver a Honduras para enfrentarse a las pruebas m\u00e1s dif\u00edciles y hacerse con un importante cheque. Mientras todos ellos han volado este lunes al pa\u00eds de Am\u00e9rica Central, rostros conocidos de Telecinco han presentado en <a href=\"https:\/\/www.elcorreo.com\/temas\/lugares\/vitoria-gasteiz.html\" title=\"www.elcorreo.com\" data-voc-vtm-id=\"in-text-traffic\" data-mrf-link=\"www.elcorreo.com\" rel=\"nofollow noopener\" target=\"_blank\">Vitoria<\/a>, en el marco del FesTVal, la nueva edici\u00f3n. <\/p>\n<p class=\"v-p\">Entre ellos ha estado la presentadora Sandra Barneda. La catalana, tambi\u00e9n conocida por su papel en &#8216;La Isla de las Tentaciones&#8217;, ha declarado su amor por la comida vasca. \u00abNo puedo pisar Vitoria sin ir a por pintxos\u00bb, ha subrayado. En su primera vez en el certamen cat\u00f3dico, en el que colabora EL CORREO, tambi\u00e9n se ha quedado maravillada por la acogida de los espectadores, que la ha definido como \u00abuna locura, una maravilla\u00bb.<\/p>\n<p class=\"v-p\">Barneda se ha acompa\u00f1ado de exconcursantes del programa como Adara, cuyo paso por la capital alavesa ha servido para confirmar que ella tambi\u00e9n entrar\u00e1 al programa de &#8216;Superviventes All Stars&#8217;. \u00abVan a pasar cositas importantes\u00bb, aventur\u00f3 la &#8216;influencer&#8217; a este peri\u00f3dico minutos antes en la alfombra naranja, donde tambi\u00e9n asegur\u00f3 estar preparada para una posible vuelta al concurso que finalmente se dar\u00e1.<\/p>\n<p>El consejo de Borja Gonz\u00e1lez<\/p>\n<p class=\"v-p\">Por su parte, la colaboradora de Mediaset Marta Pe\u00f1ate (y pareja de Tony Spina, que concursar\u00e1 en Supervivientes &#8216;All Stars&#8217;) ha repetido su paso en la cita por segundo a\u00f1o consecutivo y no ha dudado en pedir a la compa\u00f1\u00eda regresar en 2026 como oportunidad para hacer un &#8216;tour&#8217; privado y conocer, al fin, la ciudad. \u00abEstoy aficion\u00e1ndome al FesTVal. Yo espero al a\u00f1o que viene que me enchufen con &#8216;La Isla de las Tentaciones&#8217;. Pero, \u00bfte puedes creer que no conozco la ciudad? Del hotel a aqu\u00ed. \u00a1Voy a pedir un tour!\u00bb, ha se\u00f1alado.<\/p>\n<p class=\"v-p\">El reci\u00e9n ganador de Superviventes, Borja Gonz\u00e1lez, ha lanzado un consejo a los concursantes de cara a la complicada aventura que les espera, ya que el formato se graba esta vez en una \u00e9poca del a\u00f1o en la que habr\u00e1 condiciones climatol\u00f3gicas muy duras. \u00abQue sean ellos mismos y no hagan ning\u00fan papel, y que no se empe\u00f1en en comer un trocito m\u00e1s o un trocito menos. Y que no haya rencillas, aunque este a\u00f1o va a estar dif\u00edcil&#8230;\u00bb, ha deslizado.<\/p>\n","protected":false},"excerpt":{"rendered":"Supervivientes vuelve este jueves a la parrilla televisiva y lo hace con el formato &#8216;All Stars&#8217;, donde leyendas&hellip;\n","protected":false},"author":2,"featured_media":87046,"comment_status":"","ping_status":"","sticky":false,"template":"","format":"standard","meta":{"footnotes":""},"categories":[174],"tags":[1733,32156,7280,255,146,147,25,24,256,11285,14494,32154,34,32155,7279,23,3947,316,2177],"class_list":{"0":"post-87045","1":"post","2":"type-post","3":"status-publish","4":"format-standard","5":"has-post-thumbnail","7":"category-famosos","8":"tag-amor","9":"tag-anecdotas","10":"tag-barneda","11":"tag-celebrities","12":"tag-entertainment","13":"tag-entretenimiento","14":"tag-es","15":"tag-espana","16":"tag-famosos","17":"tag-festval","18":"tag-marta","19":"tag-penate","20":"tag-pide","21":"tag-pintxos","22":"tag-sandra","23":"tag-spain","24":"tag-supervivientes","25":"tag-tour","26":"tag-vitoria"},"share_on_mastodon":{"url":"","error":""},"_links":{"self":[{"href":"https:\/\/www.europesays.com\/es\/wp-json\/wp\/v2\/posts\/87045","targetHints":{"allow":["GET"]}}],"collection":[{"href":"https:\/\/www.europesays.com\/es\/wp-json\/wp\/v2\/posts"}],"about":[{"href":"https:\/\/www.europesays.com\/es\/wp-json\/wp\/v2\/types\/post"}],"author":[{"embeddable":true,"href":"https:\/\/www.europesays.com\/es\/wp-json\/wp\/v2\/users\/2"}],"replies":[{"embeddable":true,"href":"https:\/\/www.europesays.com\/es\/wp-json\/wp\/v2\/comments?post=87045"}],"version-history":[{"count":0,"href":"https:\/\/www.europesays.com\/es\/wp-json\/wp\/v2\/posts\/87045\/revisions"}],"wp:featuredmedia":[{"embeddable":true,"href":"https:\/\/www.europesays.com\/es\/wp-json\/wp\/v2\/media\/87046"}],"wp:attachment":[{"href":"https:\/\/www.europesays.com\/es\/wp-json\/wp\/v2\/media?parent=87045"}],"wp:term":[{"taxonomy":"category","embeddable":true,"href":"https:\/\/www.europesays.com\/es\/wp-json\/wp\/v2\/categories?post=87045"},{"taxonomy":"post_tag","embeddable":true,"href":"https:\/\/www.europesays.com\/es\/wp-json\/wp\/v2\/tags?post=87045"}],"curies":[{"name":"wp","href":"https:\/\/api.w.org\/{rel}","templated":true}]}}