{"id":87049,"date":"2025-09-01T22:53:07","date_gmt":"2025-09-01T22:53:07","guid":{"rendered":"https:\/\/www.europesays.com\/es\/87049\/"},"modified":"2025-09-01T22:53:07","modified_gmt":"2025-09-01T22:53:07","slug":"el-ayuntamiento-de-miranda-abre-el-plazo-de-solicitud-de-ayudas-para-libros-de-texto","status":"publish","type":"post","link":"https:\/\/www.europesays.com\/es\/87049\/","title":{"rendered":"El Ayuntamiento de Miranda abre el plazo de solicitud de ayudas para libros de texto"},"content":{"rendered":"<p>Desde ayer d\u00eda 1 de septiembre se encuentra abierto el plazo de solicitud de la convocatoria de ayudas del Ayuntamiento para financiar la adquisici\u00f3n de  &#8230; libros de texto o material escolar. De estas ayudas podr\u00e1n beneficiarse aquellos cuyos hijos vayan a realizar el segundo ciclo de Educaci\u00f3n Infantil durante este pr\u00f3ximo curso 2025-26 en los centros docentes de la ciudad.<\/p>\n<p class=\"v-p\">Para poder solicitar estas becas ser\u00e1 necesario que las familias cumplan una serie de requisitos. Uno de ellos recoge que las rentas obtenidas por los miembros de la unidad familiar tienen que ser inferiores a 2,5 veces el IPREM en el momento en que se realiza la solicitud. Se requerir\u00e1 una copia de la n\u00f3mina salarial de cada tutor legal para demostrarlo. Por otro lado, es imprescindible que el estudiante no disfrute de otras contribuciones econ\u00f3micas para esta misma finalidad por parte de otras Administraciones o instituciones. Por \u00faltimo, se exige haber estado empadronado en Miranda durante al menos 6 meses antes de haber gestionado la solicitud.<\/p>\n<p class=\"v-p\">La cuant\u00eda econ\u00f3mica total de esta convocatoria supondr\u00e1 al Consistorio un desembolso de 10.000 euros. <\/p>\n<p class=\"v-p\">Por otra parte, cada ayuda econ\u00f3mica otorgada a las familias no podr\u00e1 superar nunca el 80% del coste total de los libros o del material escolar que se adquiera.<\/p>\n<p class=\"v-p\">La concesi\u00f3n de estas prestaciones se efectuar\u00e1 en r\u00e9gimen de concurrencia competitiva hasta que se agote el cr\u00e9dito existente para la causa.<\/p>\n<p class=\"v-p\">En cuanto a las solicitudes, se tendr\u00e1n que presentar durante los d\u00edas h\u00e1biles de la primera quincena del mes de septiembre y ser\u00e1n gestionadas a trav\u00e9s de la sede electr\u00f3nica o en el Servicio de atenci\u00f3n Ciudadana del Ayuntamiento. <\/p>\n<p class=\"v-p\">De forma excepcional, y en caso de que quedase cr\u00e9dito disponible, se tendr\u00edan en cuenta aquellas solicitudes presentadas una vez comenzado el curso, estas se derivar\u00edan desde los centros al \u00e1rea de Servicios Sociales.<\/p>\n","protected":false},"excerpt":{"rendered":"Desde ayer d\u00eda 1 de septiembre se encuentra abierto el plazo de solicitud de la convocatoria de ayudas&hellip;\n","protected":false},"author":2,"featured_media":87050,"comment_status":"","ping_status":"","sticky":false,"template":"","format":"standard","meta":{"footnotes":""},"categories":[172],"tags":[490,249,1250,224,146,147,25,24,225,9126,10016,8327,23,28478],"class_list":{"0":"post-87049","1":"post","2":"type-post","3":"status-publish","4":"format-standard","5":"has-post-thumbnail","7":"category-libros","8":"tag-abre","9":"tag-ayudas","10":"tag-ayuntamiento","11":"tag-books","12":"tag-entertainment","13":"tag-entretenimiento","14":"tag-es","15":"tag-espana","16":"tag-libros","17":"tag-miranda","18":"tag-plazo","19":"tag-solicitud","20":"tag-spain","21":"tag-texto"},"share_on_mastodon":{"url":"","error":""},"_links":{"self":[{"href":"https:\/\/www.europesays.com\/es\/wp-json\/wp\/v2\/posts\/87049","targetHints":{"allow":["GET"]}}],"collection":[{"href":"https:\/\/www.europesays.com\/es\/wp-json\/wp\/v2\/posts"}],"about":[{"href":"https:\/\/www.europesays.com\/es\/wp-json\/wp\/v2\/types\/post"}],"author":[{"embeddable":true,"href":"https:\/\/www.europesays.com\/es\/wp-json\/wp\/v2\/users\/2"}],"replies":[{"embeddable":true,"href":"https:\/\/www.europesays.com\/es\/wp-json\/wp\/v2\/comments?post=87049"}],"version-history":[{"count":0,"href":"https:\/\/www.europesays.com\/es\/wp-json\/wp\/v2\/posts\/87049\/revisions"}],"wp:featuredmedia":[{"embeddable":true,"href":"https:\/\/www.europesays.com\/es\/wp-json\/wp\/v2\/media\/87050"}],"wp:attachment":[{"href":"https:\/\/www.europesays.com\/es\/wp-json\/wp\/v2\/media?parent=87049"}],"wp:term":[{"taxonomy":"category","embeddable":true,"href":"https:\/\/www.europesays.com\/es\/wp-json\/wp\/v2\/categories?post=87049"},{"taxonomy":"post_tag","embeddable":true,"href":"https:\/\/www.europesays.com\/es\/wp-json\/wp\/v2\/tags?post=87049"}],"curies":[{"name":"wp","href":"https:\/\/api.w.org\/{rel}","templated":true}]}}