{"id":87057,"date":"2025-09-01T22:58:10","date_gmt":"2025-09-01T22:58:10","guid":{"rendered":"https:\/\/www.europesays.com\/es\/87057\/"},"modified":"2025-09-01T22:58:10","modified_gmt":"2025-09-01T22:58:10","slug":"el-riesgo-de-demencia-se-reduce-con-una-intervencion-sanitaria-comun-segun-un-estudio","status":"publish","type":"post","link":"https:\/\/www.europesays.com\/es\/87057\/","title":{"rendered":"El riesgo de demencia se reduce con una intervenci\u00f3n sanitaria com\u00fan, seg\u00fan un estudio"},"content":{"rendered":"<p>Un reciente estudio publicado en la revista JAMA Neurology descubri\u00f3 que<b> prevenir la p\u00e9rdida auditiva antes de los 70 a\u00f1os puede reducir significativamente el riesgo de padecer demencia<\/b> a m\u00e1s de la mitad, mediante el uso de aud\u00edfonos, en comparaci\u00f3n con los que no usaban estos dispositivos, seg\u00fan recoge Fox News.<\/p>\n<p>De esta manera, los participantes con p\u00e9rdida auditiva que emplearon aud\u00edfonos tuvieron un 61% menos de riesgo de sufrir demencia, seg\u00fan los investigadores. Si bien, <b>no se observ\u00f3 el mismo beneficio en aquellos que ten\u00edan 70 a\u00f1os o m\u00e1s<\/b> en el momento de las pruebas de audici\u00f3n.<\/p>\n<p>El estudio<\/p>\n<p>El estudio se llev\u00f3 a cabo por parte de investigadores de las universidades de Texas, Pittsburgh y Boston y cont\u00f3 con datos analizados de 2.954 participantes del <a rel=\"nofollow noopener\" href=\"https:\/\/www.framinghamheartstudy.org\/\" title=\"Framingham Heart Study\" target=\"_blank\">Framinghan Heart Study<\/a> a lo largo de dos d\u00e9cadas. Estos participantes eran <b>personas de 60 a\u00f1os o m\u00e1s que no ten\u00edan diagn\u00f3stico de demencia cuando se sometieron a las pruebas<\/b> de audici\u00f3n.<\/p>\n<p>Los investigadores <b>descubrieron que el 20% de los participantes acabaron teniendo demencia<\/b> y de estos, el 42% ten\u00eda menos de 70 a\u00f1os cuando completaron la prueba auditiva. Seg\u00fan los investigadores, \u00fanicamente el 17% de las personas con p\u00e9rdida auditiva severa utilizan este tipo de dispositivos.<\/p>\n<p>La importancia de los h\u00e1bitos<\/p>\n<p>La demencia es una enfermedad vinculada al envejecimiento y, aunque en muchos casos no puede evitarse totalmente, un cambio en los h\u00e1bitos puede reducir el riesgo de padecerla. A pesar de que determinados factores de riesgo no pueden prevenirse,<b> un control de otros como la presi\u00f3n arterial, <a href=\"https:\/\/www.eleconomista.es\/salud-bienestar\/nutricion\/noticias\/13474914\/07\/25\/la-bebida-que-ayuda-a-toda-espana-a-regular-los-niveles-de-glucosa-en-la-sangre.html\" title=\"La bebida que ayuda a toda Espa\u00f1a a regular los niveles de glucosa en la sangre\" rel=\"nofollow noopener\" target=\"_blank\">los niveles de glucosa en sangre,<\/a> as\u00ed como un estilo de vida saludable en general puede tener consecuencias muy positivas.<\/b><\/p>\n<p>Igualmente, la perdida auditiva es tambi\u00e9n un factor de riesgo conocido para el desarrollo de la demencia. Seg\u00fan los expertos, <b>las personas con p\u00e9rdida auditiva tienen 1,9 veces m\u00e1s probabilidad de desarrollar demencia<\/b> y 2,78 veces m\u00e1s de tener un deterioro cognitivo coexistente. <\/p>\n<p>S\u00edntomas de p\u00e9rdida de audici\u00f3n<\/p>\n<p>Seg\u00fan el portal <a rel=\"nofollow noopener\" href=\"https:\/\/www.mayoclinic.org\/es\/diseases-conditions\/hearing-loss\/symptoms-causes\/syc-20373072\" title=\"P\u00e9rdida de la audici\u00f3n\" target=\"_blank\">Mayo Clinic<\/a>, si tienes algunos s\u00edntomas como <b>dificultad para entender algunas palabras,<\/b> especialmente cuando se est\u00e1 en una multitud o lugar ruidoso; dificultad para escuchar las letras que no son vocales, necesidad de subir constantemente el volumen de la televisi\u00f3n o la radio, as\u00ed como sentir molestias con el ruido de fondo, son algunos de los indicativos que podr\u00edan estar avisando de que sufres de p\u00e9rdida de audici\u00f3n.<\/p>\n<p>WhatsApp<a href=\"https:\/\/api.whatsapp.com\/send?text=https:\/\/www.eleconomista.es\/salud-bienestar\/salud-mental\/noticias\/13525787\/09\/25\/el-riesgo-de-demencia-se-reduce-con-una-intervencion-sanitaria-comun-segun-un-estudio.html?utm_source%3Dwhatsapp%26utm_medium%3Dshare_button&amp;id=1648118629957_whatsapp\" target=\"_blank\" data-action=\"share\/whatsapp\/share\" aria-label=\"Compartir en Whatsapp\" rel=\"nofollow noopener\"><\/a>Facebook<a id=\"fb-share\" href=\"#\" target=\"_blank\" rel=\"noopener noreferrer\" aria-label=\"Compartir en Facebook\"><\/a>Twitter<a href=\"https:\/\/twitter.com\/share?text=El+riesgo+de+demencia+se+reduce+con+una+intervenci%C3%B3n+sanitaria+com%C3%BAn%2C+seg%C3%BAn+un+estudio&amp;url=https:\/\/www.eleconomista.es\/salud-bienestar\/salud-mental\/noticias\/13525787\/09\/25\/el-riesgo-de-demencia-se-reduce-con-una-intervencion-sanitaria-comun-segun-un-estudio.html&amp;via=elEconomistaes&amp;id=1648118839245_twitter\" target=\"_blank\" aria-label=\"Compartir en Twitter\" rel=\"nofollow noopener\"><\/a>Linkedin<a href=\"https:\/\/linkedin.com\/share?text=https:\/\/www.eleconomista.es\/salud-bienestar\/salud-mental\/noticias\/13525787\/09\/25\/el-riesgo-de-demencia-se-reduce-con-una-intervencion-sanitaria-comun-segun-un-estudio.html&amp;via=elEconomistaes\" target=\"_blank\" aria-label=\"Compartir en linkedin\" rel=\"nofollow noopener\"><\/a>Beloud<a href=\"https:\/\/beloud.com\/share?text=El+riesgo+de+demencia+se+reduce+con+una+intervenci%C3%B3n+sanitaria+com%C3%BAn%2C+seg%C3%BAn+un+estudio&amp;url=https:\/\/www.eleconomista.es\/salud-bienestar\/salud-mental\/noticias\/13525787\/09\/25\/el-riesgo-de-demencia-se-reduce-con-una-intervencion-sanitaria-comun-segun-un-estudio.html&amp;via=elEconomistaes&amp;id=1648118839245_beloud\" target=\"_blank\" aria-label=\"Compartir en beloud\" rel=\"nofollow noopener\"><\/a>Bluesky<a href=\"https:\/\/bsky.app\/intent\/compose?text=https:\/\/bsky.app\/intent\/compose?text=https:\/\/www.eleconomista.es\/salud-bienestar\/salud-mental\/noticias\/13525787\/09\/25\/el-riesgo-de-demencia-se-reduce-con-una-intervencion-sanitaria-comun-segun-un-estudio.html&amp;url=https:\/\/www.eleconomista.es\/salud-bienestar\/salud-mental\/noticias\/13525787\/09\/25\/el-riesgo-de-demencia-se-reduce-con-una-intervencion-sanitaria-comun-segun-un-estudio.html&amp;via=elEconomistaes&amp;id=1648118839245_bluesky\" target=\"_blank\" aria-label=\"Compartir en bluesky\" rel=\"nofollow noopener\"><\/a><\/p>\n<p><script async src=\"https:\/\/platform.twitter.com\/widgets.js\" charset=\"utf-8\"><\/script><\/p>\n","protected":false},"excerpt":{"rendered":"Un reciente estudio publicado en la revista JAMA Neurology descubri\u00f3 que prevenir la p\u00e9rdida auditiva antes de los&hellip;\n","protected":false},"author":2,"featured_media":87058,"comment_status":"","ping_status":"","sticky":false,"template":"","format":"standard","meta":{"footnotes":""},"categories":[92],"tags":[25,24,165,166,4134,23],"class_list":{"0":"post-87057","1":"post","2":"type-post","3":"status-publish","4":"format-standard","5":"has-post-thumbnail","7":"category-salud","8":"tag-es","9":"tag-espana","10":"tag-health","11":"tag-salud","12":"tag-salud-bienestar","13":"tag-spain"},"share_on_mastodon":{"url":"","error":""},"_links":{"self":[{"href":"https:\/\/www.europesays.com\/es\/wp-json\/wp\/v2\/posts\/87057","targetHints":{"allow":["GET"]}}],"collection":[{"href":"https:\/\/www.europesays.com\/es\/wp-json\/wp\/v2\/posts"}],"about":[{"href":"https:\/\/www.europesays.com\/es\/wp-json\/wp\/v2\/types\/post"}],"author":[{"embeddable":true,"href":"https:\/\/www.europesays.com\/es\/wp-json\/wp\/v2\/users\/2"}],"replies":[{"embeddable":true,"href":"https:\/\/www.europesays.com\/es\/wp-json\/wp\/v2\/comments?post=87057"}],"version-history":[{"count":0,"href":"https:\/\/www.europesays.com\/es\/wp-json\/wp\/v2\/posts\/87057\/revisions"}],"wp:featuredmedia":[{"embeddable":true,"href":"https:\/\/www.europesays.com\/es\/wp-json\/wp\/v2\/media\/87058"}],"wp:attachment":[{"href":"https:\/\/www.europesays.com\/es\/wp-json\/wp\/v2\/media?parent=87057"}],"wp:term":[{"taxonomy":"category","embeddable":true,"href":"https:\/\/www.europesays.com\/es\/wp-json\/wp\/v2\/categories?post=87057"},{"taxonomy":"post_tag","embeddable":true,"href":"https:\/\/www.europesays.com\/es\/wp-json\/wp\/v2\/tags?post=87057"}],"curies":[{"name":"wp","href":"https:\/\/api.w.org\/{rel}","templated":true}]}}