{"id":87069,"date":"2025-09-01T23:04:09","date_gmt":"2025-09-01T23:04:09","guid":{"rendered":"https:\/\/www.europesays.com\/es\/87069\/"},"modified":"2025-09-01T23:04:09","modified_gmt":"2025-09-01T23:04:09","slug":"estados-unidos-apunta-a-venezuela-con-1-200-misiles-segun-nicolas-maduro","status":"publish","type":"post","link":"https:\/\/www.europesays.com\/es\/87069\/","title":{"rendered":"Estados Unidos \u00abapunta\u00bb a Venezuela con 1.200 misiles, seg\u00fan Nicol\u00e1s Maduro"},"content":{"rendered":"<p>Caracas (EFE).- El presidente de Venezuela, Nicol\u00e1s Maduro, denunci\u00f3 este lunes que ocho barcos militares desplegados por Estados Unidos con 1.200 misiles y un submarino nuclear \u00abapuntan\u00bb al pa\u00eds caribe\u00f1o, lo que calific\u00f3 como una \u00abamenaza extravagante, injustificable, inmoral y absolutamente criminal\u00bb que considera \u00abcomparable\u00bb con la crisis de 1962 en Cuba.<\/p>\n<p>\u00abVenezuela est\u00e1 enfrentando la m\u00e1s grande amenaza que se haya visto en nuestro continente en los \u00faltimos 100 a\u00f1os. (\u2026) Ellos (el Gobierno de EE.UU.) han querido avanzar hacia lo que llaman la m\u00e1xima presi\u00f3n, en este caso es militar, y ante la m\u00e1xima presi\u00f3n militar, nosotros hemos declarado la m\u00e1xima <a href=\"https:\/\/efe.com\/mundo\/2025-09-01\/celac-eeuu-despliegue-tropas-venezuela-reunion-latinoamerica\/\" rel=\"nofollow noopener\" target=\"_blank\">preparaci\u00f3n para la defensa<\/a>\u00ab, dijo Maduro en una rueda de prensa ante medios internacionales.<\/p>\n<p>El gobernante expres\u00f3 que \u00abse ha montado\u00bb contra su pa\u00eds \u00abun bodrio\u00bb y que \u00abla m\u00e1xima presi\u00f3n extravagante, estrafalaria, inmoral y brutal\u00bb es \u00absolo comparable, en su momento, con la crisis\u00bb de 1962, cuando la extinta Uni\u00f3n Sovi\u00e9tica trat\u00f3 de instalar misiles nucleares de alcance medio en Cuba, lo que provoc\u00f3 una crisis con EE.UU. que puso a las dos superpotencias al borde del conflicto at\u00f3mico.<\/p>\n<p>Maduro dijo que las autoridades estadounidenses \u00abse equivocan creando\u00bb la que calific\u00f3 como una \u00abnarrativa bien, pero bien absurda\u00bb sobre un combate contra el narcotr\u00e1fico para justificar el env\u00edo de \u00abbuques de guerra\u00bb, al insistir en que el pa\u00eds caribe\u00f1o \u00abtiene r\u00e9cord en su lucha\u00bb contra el comercio ilegal de narc\u00f3ticos.<\/p>\n<blockquote class=\"instagram-media\" data-instgrm-captioned=\"\" data-instgrm-permalink=\"https:\/\/www.instagram.com\/p\/DOEplvCicgb\/?utm_source=ig_embed&amp;utm_campaign=loading\" data-instgrm-version=\"14\" style=\" background:#FFF; border:0; border-radius:3px; box-shadow:0 0 1px 0 rgba(0,0,0,0.5),0 1px 10px 0 rgba(0,0,0,0.15); margin: 1px; max-width:540px; min-width:326px; padding:0; width:99.375%; width:-webkit-calc(100% - 2px); width:calc(100% - 2px);\"\/>\n<p>Se\u00f1alamiento a Marco Rubio<\/p>\n<p>El presidente venezolano advirti\u00f3 tambi\u00e9n a su hom\u00f3logo de Estados Unidos, Donald Trump, que el secretario de Estado de su pa\u00eds, Marco Rubio, quiere \u00abmanchar sus manos\u00bb con \u00absangre venezolana\u00bb, al acusar al jefe de la diplomacia estadounidense de buscar un cambio pol\u00edtico en la naci\u00f3n caribe\u00f1a con una \u00abamenaza militar\u00bb.<\/p>\n<p><img loading=\"lazy\" data-recalc-dims=\"1\" decoding=\"async\" width=\"900\" height=\"600\" src=\"https:\/\/www.europesays.com\/es\/wp-content\/uploads\/2025\/09\/Venezuela-Estados-Unidos-Maduro-2.webp\" alt=\"Nicol\u00e1s Maduro denuncia que 1.200 misiles de Estados Unidos &quot;apuntan&quot; a Venezuela\" class=\"wp-image-2114592\" style=\"width:980px;height:auto\"  \/>El presidente de Venezuela, Nicol\u00e1s Maduro, habla en una rueda de prensa, este 1 de septiembre de 2025, en Caracas (Venezuela). EFE\/ Ronald Pe\u00f1a <\/p>\n<p>Maduro llam\u00f3 a Rubio \u00abel se\u00f1or de la guerra\u00bb e insisti\u00f3 en que el funcionario estadounidense busca tambi\u00e9n \u00abmanchar las manos de Donald Trump de sangre\u00bb, al tiempo que avis\u00f3 de la posibilidad de declarar \u00aben armas\u00bb a su pa\u00eds en caso de que enfrente una agresi\u00f3n extranjera.<\/p>\n<p>\u00abSi Venezuela fuera agredida, pasar\u00eda inmediatamente al periodo de lucha armada, en defensa del territorio nacional y de la historia y del pueblo de Venezuela, y declarar\u00edamos constitucionalmente la Rep\u00fablica en armas\u00bb, afirm\u00f3.<\/p>\n<p>Seg\u00fan el gobernante, la naci\u00f3n suramericana tiene una estrategia \u00abeminentemente defensiva\u00bb que se ha dise\u00f1ado \u00abdurante 20 a\u00f1os\u00bb y que incluye \u00abdos formas de lucha\u00bb, una diplom\u00e1tica y otra que implica el uso de armamento.<\/p>\n<p>\u00abNosotros estamos en un periodo especial de preparaci\u00f3n y en cualquier circunstancia vamos a garantizar el funcionamiento del pa\u00eds, nos toque o no nos toque\u00bb, a\u00f1adi\u00f3 el jefe de Estado.<\/p>\n<p>Venezuela acusa a Estados Unidos de \u00absecuestrar\u00bb ni\u00f1os<\/p>\n<p>En este contexto de tensi\u00f3n, el l\u00edder del chavismo se\u00f1al\u00f3 que los dos canales de comunicaci\u00f3n que su pa\u00eds tiene con EE.UU. -uno con el encargado de Negocios interino de la llamada Oficina Externa de los EE.UU. para Venezuela, John McNamara, y otro con Richard Grenell, enviado especial del presidente Donald Trump- est\u00e1n hoy \u00abmalogrados\u00bb y \u00abmaltrechos\u00bb.<\/p>\n<p><img data-recalc-dims=\"1\" loading=\"lazy\" decoding=\"async\" width=\"900\" height=\"600\" src=\"https:\/\/www.europesays.com\/es\/wp-content\/uploads\/2025\/09\/Venezuela-Estados-Unidos-Maduro-3.webp\" alt=\"Nicol\u00e1s Maduro denuncia que 1.200 misiles de Estados Unidos &quot;apuntan&quot; a Venezuela\" class=\"wp-image-2114828\" style=\"width:980px;height:auto\"  \/>El presidente de Venezuela, Nicol\u00e1s Maduro, durante una rueda de prensa este lunes, en Caracas (Venezuela). EFE\/ Ronald Pe\u00f1a<\/p>\n<p>Maduro dijo que que m\u00e1s de 70 ni\u00f1os de su pa\u00eds contin\u00faan \u00absecuestrados\u00bb por el Servicio de Control de Inmigraci\u00f3n y Aduanas de EE.UU. (ICE, en ingl\u00e9s), al que Caracas acusa de separar a los menores de sus padres deportados.<\/p>\n<p>\u00abTenemos m\u00e1s de 70 ni\u00f1os y ni\u00f1as secuestrados por el ICE en los Estados Unidos y cuando digo secuestrado no exagero\u00bb, afirm\u00f3.<\/p>\n<p>El gobernante asegur\u00f3 que se ha propuesto \u00abrescatar y liberar\u00bb a los peque\u00f1os, al tiempo que acus\u00f3 al secretario de Estado estadounidense, Marco Rubio, de ser \u00abel operador del secuestro\u00bb del que, dice, son v\u00edctimas.<\/p>\n<p>\u00abSeguiremos atendiendo a nuestros migrantes, recuper\u00e1ndolos, y sobre todo cuando lleguen a Venezuela, que llegan totalmente saqueados, torturados, maltratados, seguir d\u00e1ndoles una atenci\u00f3n muy especial\u00bb, agreg\u00f3 el jefe de Estado.<\/p>\n<p>Drogas<\/p>\n<p>Maduro se\u00f1al\u00f3 como \u00aboperador del secuestro\u00bb a Rubio, de quien, adem\u00e1s, advirti\u00f3 que \u00abnada bueno\u00bb se puede esperar en su visita prevista a partir de este martes a M\u00e9xico y Ecuador.<\/p>\n<p>Asimismo, afirm\u00f3 que el Gobierno del presidente ecuatoriano, Daniel Noboa, que -se\u00f1al\u00f3- \u00abimpusieron con un fraude\u00bb, env\u00eda \u00abel 60 % de la coca\u00edna que se produce en Colombia\u00bb a EE.UU.<\/p>\n<p>\u00ab\u00c9l debe saber que ese presidente Daniel Noboa que \u00e9l va a ver, trabaja con la mafia albanesa y es jefe de la mafia de tr\u00e1fico de droga\u00bb, asever\u00f3 Maduro, quien dijo que las \u00abempresas familiares\u00bb del mandatario ecuatoriano \u00abmandan la coca\u00edna a Estados Unidos y Europa\u00bb.<\/p>\n<p>El chavista ofreci\u00f3 a Trump, as\u00ed como a los Gobiernos latinoamericanos, la experiencia que, indic\u00f3, tiene Venezuela en la lucha contra el narcotr\u00e1fico \u00absi de verdad se quisiera enfrentar ese problema\u00bb, que, consider\u00f3, es uno de los \u00abmuchos otros que tiene el continente\u00bb.<\/p>\n<p>\t\t<script async src=\"\/\/www.instagram.com\/embed.js\"><\/script><\/p>\n","protected":false},"excerpt":{"rendered":"Caracas (EFE).- El presidente de Venezuela, Nicol\u00e1s Maduro, denunci\u00f3 este lunes que ocho barcos militares desplegados por Estados&hellip;\n","protected":false},"author":2,"featured_media":87070,"comment_status":"","ping_status":"","sticky":false,"template":"","format":"standard","meta":{"footnotes":""},"categories":[5],"tags":[23685,17,18,1616,115,25,24,13,14,11,19,20,9,10,15,16,23,12,21,22,1192],"class_list":{"0":"post-87069","1":"post","2":"type-post","3":"status-publish","4":"format-standard","5":"has-post-thumbnail","7":"category-titulares","8":"tag-asuntos-exteriores","9":"tag-breaking-news","10":"tag-breakingnews","11":"tag-defensa","12":"tag-eeuu","13":"tag-es","14":"tag-espana","15":"tag-featured-news","16":"tag-featurednews","17":"tag-headlines","18":"tag-latest-news","19":"tag-latestnews","20":"tag-news","21":"tag-noticias","22":"tag-noticias-destacadas","23":"tag-noticiasdestacadas","24":"tag-spain","25":"tag-titulares","26":"tag-ultimas-noticias","27":"tag-ultimasnoticias","28":"tag-venezuela"},"share_on_mastodon":{"url":"","error":""},"_links":{"self":[{"href":"https:\/\/www.europesays.com\/es\/wp-json\/wp\/v2\/posts\/87069","targetHints":{"allow":["GET"]}}],"collection":[{"href":"https:\/\/www.europesays.com\/es\/wp-json\/wp\/v2\/posts"}],"about":[{"href":"https:\/\/www.europesays.com\/es\/wp-json\/wp\/v2\/types\/post"}],"author":[{"embeddable":true,"href":"https:\/\/www.europesays.com\/es\/wp-json\/wp\/v2\/users\/2"}],"replies":[{"embeddable":true,"href":"https:\/\/www.europesays.com\/es\/wp-json\/wp\/v2\/comments?post=87069"}],"version-history":[{"count":0,"href":"https:\/\/www.europesays.com\/es\/wp-json\/wp\/v2\/posts\/87069\/revisions"}],"wp:featuredmedia":[{"embeddable":true,"href":"https:\/\/www.europesays.com\/es\/wp-json\/wp\/v2\/media\/87070"}],"wp:attachment":[{"href":"https:\/\/www.europesays.com\/es\/wp-json\/wp\/v2\/media?parent=87069"}],"wp:term":[{"taxonomy":"category","embeddable":true,"href":"https:\/\/www.europesays.com\/es\/wp-json\/wp\/v2\/categories?post=87069"},{"taxonomy":"post_tag","embeddable":true,"href":"https:\/\/www.europesays.com\/es\/wp-json\/wp\/v2\/tags?post=87069"}],"curies":[{"name":"wp","href":"https:\/\/api.w.org\/{rel}","templated":true}]}}