{"id":87084,"date":"2025-09-01T23:15:10","date_gmt":"2025-09-01T23:15:10","guid":{"rendered":"https:\/\/www.europesays.com\/es\/87084\/"},"modified":"2025-09-01T23:15:10","modified_gmt":"2025-09-01T23:15:10","slug":"las-curvas-mas-alla-de-una-tendencia-pasajera-se-han-utilizado-para-amplificar","status":"publish","type":"post","link":"https:\/\/www.europesays.com\/es\/87084\/","title":{"rendered":"Las curvas, m\u00e1s all\u00e1 de una tendencia pasajera, se han utilizado para amplificar"},"content":{"rendered":"<p>\u00abDise\u00f1o espacios que cuidan, que invitan al sosiego, a la conexi\u00f3n con uno mismo y con los dem\u00e1s. Que celebran lo cotidiano y lo esencial. Que respetan lo que ya existe al mismo tiempo que abren paso a nuevas formas de habitar\u00bb, asegura <strong>Elixabete Arrizabalaga<\/strong>, arquitecta fundadora de <a href=\"https:\/\/habbat.eus\/\" rel=\"nofollow noopener\" target=\"_blank\">Habbat Arquitectura Consciente<\/a>. Siguiendo esa filosof\u00eda y con una mirada serena y consciente, la experta ha creado el refugio para una pareja en esta vivienda situada en la costa guipuzcoana.<\/p>\n<p>La arquitecta ha ejecutado el interiorismo integral de los 130 metros cuadrados de vivienda de obra nueva para dar forma a un hogar en el que vivir en calma. Lo ha conseguido dando prioridad a los <a href=\"https:\/\/www.arquitecturaydiseno.es\/decoracion\/marmol-el-material-noble-que-se-impone-en-los-salones-modernos_10750\" rel=\"nofollow noopener\" target=\"_blank\">materiales nobles<\/a>, la presencia de la <a href=\"https:\/\/www.arquitecturaydiseno.es\/arquitectura\/impacto-luz-natural-reformas-que-mejoran-luminosidad-tu-hogar_10895\" rel=\"nofollow noopener\" target=\"_blank\">luz natural<\/a> y el uso de las <a href=\"https:\/\/www.arquitecturaydiseno.es\/decoracion\/conoces-tendencia-bold-curvas-toman-casa_7338\" rel=\"nofollow noopener\" target=\"_blank\">formas suaves<\/a> que hacen que la arquitectura interior conecte con lo esencial. \u201cequilibrio, serenidad y disfrute consciente del d\u00eda a d\u00eda\u201d, tal como apunta la art\u00edfice del proyecto.<\/p>\n<p>Aunque se trata de una obra nueva, el estudio ha intervenido en <strong>todo el interior de la construcci\u00f3n,<\/strong> tanto en la concepci\u00f3n del espacio como en la selecci\u00f3n de materiales y las sensaciones que despierta el proyecto.<\/p>\n<p><a href=\"https:\/\/www.arquitecturaydiseno.es\/decoracion\/esta-concepto-abierto-pasado-moda-razones-que-nos-inclinan-hacia-planos-planta-mas-tradicionales-cerrados_12312\" data-ga4_event=\"custom_event\" data-ga4_event_name=\"click_intext\" data-ga4_link_url=\"https:\/\/www.arquitecturaydiseno.es\/decoracion\/esta-concepto-abierto-pasado-moda-razones-que-nos-inclinan-hacia-planos-planta-mas-tradicionales-cerrados_12312\" data-ga4_link_text=\"\u00bfesta_el_concepto_abierto_pasado_de_moda?_se_abusa_demasiado_y_acabas_con_el_sofa_pegado_al_fregadero\" data-ga4_content_type=\"photo\" data-ga4_element=\"related\" rel=\"nofollow noopener\" target=\"_blank\">&#13;&#13;<img loading=\"lazy\" decoding=\"async\" src=\"https:\/\/www.europesays.com\/es\/wp-content\/uploads\/2025\/09\/casa-san-bernardo-estudio-reciente-cocina-completa_4ff45733_BJ6A7578_250829095539_600x600.webp.webp\" alt=\"Casa San Bernardo Estudio Reciente  cocina completa\" class=\"lazyload\" width=\"600\" height=\"600\" data-aspectratio=\"600\/600\"\/>&#13;&#13;<\/p>\n<p class=\"epigraph\">&#13;Noticia relacionada<\/p>\n<p class=\"title\">\u00bfEst\u00e1 el concepto abierto pasado de moda?: \u00abSe abusa demasiado y acabas con el sof\u00e1 pegado al fregadero\u00bb<\/p>\n<p><\/a><\/p>\n","protected":false},"excerpt":{"rendered":"\u00abDise\u00f1o espacios que cuidan, que invitan al sosiego, a la conexi\u00f3n con uno mismo y con los dem\u00e1s.&hellip;\n","protected":false},"author":2,"featured_media":87085,"comment_status":"","ping_status":"","sticky":false,"template":"","format":"standard","meta":{"footnotes":""},"categories":[173],"tags":[229,233,231,230,232,234,146,147,25,24,23],"class_list":{"0":"post-87084","1":"post","2":"type-post","3":"status-publish","4":"format-standard","5":"has-post-thumbnail","7":"category-arte-y-diseno","8":"tag-arte","9":"tag-arte-y-diseno","10":"tag-arts","11":"tag-arts-and-design","12":"tag-design","13":"tag-diseno","14":"tag-entertainment","15":"tag-entretenimiento","16":"tag-es","17":"tag-espana","18":"tag-spain"},"share_on_mastodon":{"url":"","error":""},"_links":{"self":[{"href":"https:\/\/www.europesays.com\/es\/wp-json\/wp\/v2\/posts\/87084","targetHints":{"allow":["GET"]}}],"collection":[{"href":"https:\/\/www.europesays.com\/es\/wp-json\/wp\/v2\/posts"}],"about":[{"href":"https:\/\/www.europesays.com\/es\/wp-json\/wp\/v2\/types\/post"}],"author":[{"embeddable":true,"href":"https:\/\/www.europesays.com\/es\/wp-json\/wp\/v2\/users\/2"}],"replies":[{"embeddable":true,"href":"https:\/\/www.europesays.com\/es\/wp-json\/wp\/v2\/comments?post=87084"}],"version-history":[{"count":0,"href":"https:\/\/www.europesays.com\/es\/wp-json\/wp\/v2\/posts\/87084\/revisions"}],"wp:featuredmedia":[{"embeddable":true,"href":"https:\/\/www.europesays.com\/es\/wp-json\/wp\/v2\/media\/87085"}],"wp:attachment":[{"href":"https:\/\/www.europesays.com\/es\/wp-json\/wp\/v2\/media?parent=87084"}],"wp:term":[{"taxonomy":"category","embeddable":true,"href":"https:\/\/www.europesays.com\/es\/wp-json\/wp\/v2\/categories?post=87084"},{"taxonomy":"post_tag","embeddable":true,"href":"https:\/\/www.europesays.com\/es\/wp-json\/wp\/v2\/tags?post=87084"}],"curies":[{"name":"wp","href":"https:\/\/api.w.org\/{rel}","templated":true}]}}