{"id":87086,"date":"2025-09-01T23:16:08","date_gmt":"2025-09-01T23:16:08","guid":{"rendered":"https:\/\/www.europesays.com\/es\/87086\/"},"modified":"2025-09-01T23:16:08","modified_gmt":"2025-09-01T23:16:08","slug":"material-de-segunda-mano-y-bancos-de-libros-para-favorecer-el-ahorro-en-la-vuelta-al-cole-en-la-comunitat","status":"publish","type":"post","link":"https:\/\/www.europesays.com\/es\/87086\/","title":{"rendered":"Material de segunda mano y bancos de libros para favorecer el ahorro en la vuelta al cole en la Comunitat"},"content":{"rendered":"<p>La <a href=\"https:\/\/www.lasprovincias.es\/valencia-ciudad\/vuelta-rutina-familia-giron-20250829185314-nt.html\" target=\"_blank\" data-voc-vtm-id=\"in-text-traffic\" title=\"vuelta al cole\" data-mrf-link=\"www.lasprovincias.es\" rel=\"nofollow noopener\">vuelta al cole<\/a> en la Comunitat resulta siempre un quebradero de cabeza para los padres y madres del alumnado de cualquier etapa educativa.  &#8230; El desembolso de dinero para el acopio del material pedag\u00f3gico necesario puede resultar cuantioso e incluso hay quienes no se lo pueden llegar a permitir. Es por ello que desde la Federaci\u00f3n de Asociaciones de Padres y Madres de Alumnos de la provincia de Valencia (Fampa) recomiendan participar en bancos de libros, gastar material de segunda mano o reutilizar el empleado en cursos anteriores para ahorrar dinero en el arranque del curso escolar.<\/p>\n<p class=\"v-p\">Para el presidente de Fampa Valencia y la Confederaci\u00f3n de Ampas Gonzalo Anaya, Rub\u00e9n Pacheco, resulta \u00abcontradictorio\u00bb que la CEOE haya incluido a la regi\u00f3n valenciana como uno de los territorios donde m\u00e1s cara ser\u00e1 la vuelta a clase de toda Espa\u00f1a cuando cuenta con la &#8216;Xarxa Llibres&#8217;, la red de material escolar mancomunado \u00abque m\u00e1s abarca en el Estado espa\u00f1ol\u00bb y que supone un ahorro \u00abde entre 300 y 350 euros\u00bb para las familias. Eso s\u00ed, Pacheco alerta de que los cambios de lengua derivados de la nueva ley educativa pueden afectar a la red de libros de segunda mano al verse modificados los idiomas en los que inicialmente se impart\u00edan determinadas asignaturas. \u00abNos ha costado mucho conseguirla y la tenemos que valorar\u00bb, asevera en defensa de la &#8216;Xarxa Llibres&#8217;.<\/p>\n<p><a href=\"http:\/\/www.lasprovincias.es\/comunitat\/400-euros-vuelta-cole-marcan-cuesta-septiembre-20250901173211-nt.html#vtm_modulosEngag=mod-rel:comunitat:noticia:1:cmp:1-not\" class=\"v-a-link\" aria-label=\"Imagen\" rel=\"nofollow noopener\" target=\"_blank\"><\/p>\n<p><img decoding=\"async\" loading=\"lazy\" src=\"https:\/\/www.europesays.com\/es\/wp-content\/uploads\/2025\/09\/1485858662-U15318321148nrG-366x256@Las Provincias.jpg\" class=\"v-a-img\" width=\"258\" height=\"180\" alt=\"\" data-voc-vtm-id=\"in-text-traffic\"\/><\/p>\n<p><\/a><\/p>\n<p class=\"v-p\">En Fampa vaticinan que este a\u00f1o las familias tendr\u00e1n que hacer un desembolso medio de entre 100 y 250 euros, en funci\u00f3n de la capacidad de reutilizaci\u00f3n de productos, y siempre y cuando se encuentren en inscritas en el sistema p\u00fablico de la &#8216;Xarxa Llibres&#8217;, por lo que en la concertada el gasto ser\u00e1 m\u00e1s elevado. No obstante, su presidente critica la falta de recursos para pagar el coste de los materiales \u00abgenera desigualdades\u00bb y lamenta la falta cobertura de ayudas en esta materia por parte de la Administraci\u00f3n. <\/p>\n<p class=\"v-p\">Pacheco pide ir un paso m\u00e1s all\u00e1 en los mecanismos de material mancomunado e implementar bancos de productos escolares. Seg\u00fan el presidente de Fampa, si un centro educativo categoriza el material como propio, este pasa a formar parte del proyecto y del presupuesto del mismo por lo que ser\u00eda la Conselleria de Educaci\u00f3n la que tendr\u00eda que encargarse de su financiaci\u00f3n. Ello, eso s\u00ed, deber\u00eda de ir acompa\u00f1ado de una mayor asunci\u00f3n de compromisos para su buen mantenimiento por parte del alumnado ya que s\u00f3lo as\u00ed se podr\u00eda conseguir una educaci\u00f3n \u00abverdaderamente equitativa y gratuita\u00bb.<\/p>\n<p class=\"v-p\">Por \u00faltimo, Pacheco recomienda abaratar costes utilizando material de segunda mano en la medida de lo posible, \u00abhuir de las marcas\u00bb y optar por la blanca (siempre que esta cumpla los niveles de calidad necesarios), reutilizar el material o recurrir a bibliotecas o crear instalaciones de este tipo en los propios centros para almacenar las lecturas obligatorias de los alumnos.<\/p>\n","protected":false},"excerpt":{"rendered":"La vuelta al cole en la Comunitat resulta siempre un quebradero de cabeza para los padres y madres&hellip;\n","protected":false},"author":2,"featured_media":87087,"comment_status":"","ping_status":"","sticky":false,"template":"","format":"standard","meta":{"footnotes":""},"categories":[172],"tags":[21188,3288,224,16092,23242,146,147,25,24,9951,225,3238,15468,3745,23,1357],"class_list":{"0":"post-87086","1":"post","2":"type-post","3":"status-publish","4":"format-standard","5":"has-post-thumbnail","7":"category-libros","8":"tag-ahorro","9":"tag-bancos","10":"tag-books","11":"tag-cole","12":"tag-comunitat","13":"tag-entertainment","14":"tag-entretenimiento","15":"tag-es","16":"tag-espana","17":"tag-favorecer","18":"tag-libros","19":"tag-mano","20":"tag-material","21":"tag-segunda","22":"tag-spain","23":"tag-vuelta"},"share_on_mastodon":{"url":"","error":""},"_links":{"self":[{"href":"https:\/\/www.europesays.com\/es\/wp-json\/wp\/v2\/posts\/87086","targetHints":{"allow":["GET"]}}],"collection":[{"href":"https:\/\/www.europesays.com\/es\/wp-json\/wp\/v2\/posts"}],"about":[{"href":"https:\/\/www.europesays.com\/es\/wp-json\/wp\/v2\/types\/post"}],"author":[{"embeddable":true,"href":"https:\/\/www.europesays.com\/es\/wp-json\/wp\/v2\/users\/2"}],"replies":[{"embeddable":true,"href":"https:\/\/www.europesays.com\/es\/wp-json\/wp\/v2\/comments?post=87086"}],"version-history":[{"count":0,"href":"https:\/\/www.europesays.com\/es\/wp-json\/wp\/v2\/posts\/87086\/revisions"}],"wp:featuredmedia":[{"embeddable":true,"href":"https:\/\/www.europesays.com\/es\/wp-json\/wp\/v2\/media\/87087"}],"wp:attachment":[{"href":"https:\/\/www.europesays.com\/es\/wp-json\/wp\/v2\/media?parent=87086"}],"wp:term":[{"taxonomy":"category","embeddable":true,"href":"https:\/\/www.europesays.com\/es\/wp-json\/wp\/v2\/categories?post=87086"},{"taxonomy":"post_tag","embeddable":true,"href":"https:\/\/www.europesays.com\/es\/wp-json\/wp\/v2\/tags?post=87086"}],"curies":[{"name":"wp","href":"https:\/\/api.w.org\/{rel}","templated":true}]}}