{"id":87093,"date":"2025-09-01T23:21:10","date_gmt":"2025-09-01T23:21:10","guid":{"rendered":"https:\/\/www.europesays.com\/es\/87093\/"},"modified":"2025-09-01T23:21:10","modified_gmt":"2025-09-01T23:21:10","slug":"hasta-un-8-de-personas-con-enfermedad-intestinal-desarrollan-coagulos-sanguineos-que-pueden-desencadenar-un-evento-cardiovascular","status":"publish","type":"post","link":"https:\/\/www.europesays.com\/es\/87093\/","title":{"rendered":"Hasta un 8 de personas con enfermedad intestinal desarrollan co\u00e1gulos sangu\u00edneos que pueden desencadenar un evento cardiovascular"},"content":{"rendered":"<p class=\"mostrar-fragmento\">La enfermedad inflamatoria intestinal (EII), en la que el sistema inmunitario ataca al intestino, constituye una afecci\u00f3n cr\u00f3nica y dolorosa que afecta a millones de personas en todo el mundo, con tasas en aumento.\u00a0\u00a0Adem\u00e1s,\u00a0actualmente no existe cura y puede llegar a ser mortal, no en vano, hasta el 8 % &#8230;            &#13;\n        <\/p>\n<p> &#13;<br \/>\n&#13;<br \/>\n&#13;<br \/>\n&#13;<\/p>\n<p>La enfermedad inflamatoria intestinal (EII), en la que <strong>el sistema inmunitario ataca al intestino<\/strong>, constituye una afecci\u00f3n cr\u00f3nica y dolorosa que afecta a millones de personas en todo el mundo, con tasas en aumento.\u00a0\u00a0Adem\u00e1s,\u00a0actualmente<strong> no existe cura y puede llegar a ser mortal<\/strong>, no en vano, hasta <strong>el 8 % de las personas que la padecen desarrollan co\u00e1gulos sangu\u00edneos,<\/strong> que pueden provocar un ataque card\u00edaco y un derrame cerebral.<\/p>\n<p>Hasta ahora,\u00a0la mayor\u00eda de las investigaciones sobre la EII se han centrado en las c\u00e9lulas inmunitarias. Sin embargo, <strong>las plaquetas sangu\u00edneas podr\u00edan representar otro factor clave <\/strong>en los s\u00edntomas de la EII, seg\u00fan se desprende de una investigaci\u00f3n llevada a cabo por expertos de la Universidad de Utah (EEUU).\u00a0<\/p>\n<p>En personas sanas, dichas plaquetas se agrupan formando co\u00e1gulos en respuesta a lesiones para detener hemorragias y, de lo contrario, no los forman. Sin embargo, en pacientes con EII, estas <strong>act\u00faan con gran rapidez, listas para formar co\u00e1gulos a la menor provocaci\u00f3n<\/strong>, tal como se indica en los resultados publicados en la revista &#8216;Blood&#8217;.<\/p>\n<p><strong>Deficiencia de prote\u00edna<\/strong><\/p>\n<p> &#13;<br \/>\n&#13;<br \/>\n&#13;<br \/>\n&#13;<\/p>\n<p>Seg\u00fan sospechan los autores de este trabajo, ello<strong> puede ser debido a la deficiencia de una prote\u00edna clave conocida como &#8216;layilina&#8217;.<\/strong> En personas sanas, la layilina act\u00faa como un freno molecular para la coagulaci\u00f3n: detecta la diferencia entre vasos sangu\u00edneos sanos y lesionados e impide la coagulaci\u00f3n de las plaquetas mientras los vasos sangu\u00edneos est\u00e9n intactos.<\/p>\n<p>Tal como indicaron estos investigadores,<strong> existe un mecanismo innato en los vasos sangu\u00edneos<\/strong> que les indica a las plaquetas que se mantengan en reposo y no formen un co\u00e1gulo.\u00a0\u00abUna vez que hay una lesi\u00f3n o inflamaci\u00f3n, esa se\u00f1al puede cambiar y ordenarles que formen un co\u00e1gulo. Ese es el proceso que se interrumpe en los pacientes con EII\u00bb, concret\u00f3\u00a0<strong>Aaron Petrey<\/strong>, profesor adjunto de microbiolog\u00eda e inmunolog\u00eda en University of Utah Health.\u00a0<\/p>\n<p>Cuando los investigadores eliminaron la prote\u00edna layilin en ratones, el sistema se descontrol\u00f3. Sin la misma, las plaquetas eran m\u00e1s pegajosas y formaban co\u00e1gulos cuando no deb\u00edan.<\/p>\n<p>Los investigadores tambi\u00e9n descubrieron que <strong>las plaquetas de los pacientes con EII solo ten\u00edan alrededor del 60% de la prote\u00edna layilin <\/strong>que deber\u00edan, lo que las dejaba constantemente al borde de la coagulaci\u00f3n.\u00a0<\/p>\n<p>\u00a0\u00abCreemos que podemos aprovechar estos hallazgos para reducir la inflamaci\u00f3n y el riesgo de co\u00e1gulos sangu\u00edneos\u00bb, seg\u00fan concluy\u00f3 el prof.\u00a0Petrey.<\/p>\n<p>\u00a0<\/p>\n<p>&#13;<br \/>\n            SEGUIR LEYENDO&#13;\n        <\/p>\n","protected":false},"excerpt":{"rendered":"La enfermedad inflamatoria intestinal (EII), en la que el sistema inmunitario ataca al intestino, constituye una afecci\u00f3n cr\u00f3nica&hellip;\n","protected":false},"author":2,"featured_media":87094,"comment_status":"","ping_status":"","sticky":false,"template":"","format":"standard","meta":{"footnotes":""},"categories":[92],"tags":[19531,12554,32162,32157,18695,17837,15448,32159,32164,2996,25,24,933,25539,165,32160,24704,1294,32163,6383,31,1817,7097,3477,32161,7296,7171,8457,166,32158,23],"class_list":{"0":"post-87093","1":"post","2":"type-post","3":"status-publish","4":"format-standard","5":"has-post-thumbnail","7":"category-salud","8":"tag-cardiovascular","9":"tag-clave","10":"tag-coagularse","11":"tag-coagulos","12":"tag-debido","13":"tag-deficiencia","14":"tag-desarrollan","15":"tag-desencadenar","16":"tag-desprende","17":"tag-enfermedad","18":"tag-es","19":"tag-espana","20":"tag-evento","21":"tag-frecuencia","22":"tag-health","23":"tag-inflamatoria","24":"tag-intestinal","25":"tag-investigacion","26":"tag-layilina","27":"tag-llamada","28":"tag-mayor","29":"tag-pacientes","30":"tag-parecen","31":"tag-personas","32":"tag-plaquetas","33":"tag-proteina","34":"tag-pueden","35":"tag-reciente","36":"tag-salud","37":"tag-sanguineos","38":"tag-spain"},"share_on_mastodon":{"url":"","error":""},"_links":{"self":[{"href":"https:\/\/www.europesays.com\/es\/wp-json\/wp\/v2\/posts\/87093","targetHints":{"allow":["GET"]}}],"collection":[{"href":"https:\/\/www.europesays.com\/es\/wp-json\/wp\/v2\/posts"}],"about":[{"href":"https:\/\/www.europesays.com\/es\/wp-json\/wp\/v2\/types\/post"}],"author":[{"embeddable":true,"href":"https:\/\/www.europesays.com\/es\/wp-json\/wp\/v2\/users\/2"}],"replies":[{"embeddable":true,"href":"https:\/\/www.europesays.com\/es\/wp-json\/wp\/v2\/comments?post=87093"}],"version-history":[{"count":0,"href":"https:\/\/www.europesays.com\/es\/wp-json\/wp\/v2\/posts\/87093\/revisions"}],"wp:featuredmedia":[{"embeddable":true,"href":"https:\/\/www.europesays.com\/es\/wp-json\/wp\/v2\/media\/87094"}],"wp:attachment":[{"href":"https:\/\/www.europesays.com\/es\/wp-json\/wp\/v2\/media?parent=87093"}],"wp:term":[{"taxonomy":"category","embeddable":true,"href":"https:\/\/www.europesays.com\/es\/wp-json\/wp\/v2\/categories?post=87093"},{"taxonomy":"post_tag","embeddable":true,"href":"https:\/\/www.europesays.com\/es\/wp-json\/wp\/v2\/tags?post=87093"}],"curies":[{"name":"wp","href":"https:\/\/api.w.org\/{rel}","templated":true}]}}