{"id":87095,"date":"2025-09-01T23:22:13","date_gmt":"2025-09-01T23:22:13","guid":{"rendered":"https:\/\/www.europesays.com\/es\/87095\/"},"modified":"2025-09-01T23:22:13","modified_gmt":"2025-09-01T23:22:13","slug":"de-la-tragica-muerte-del-primero-a-su-septima-paternidad-a-los-69-anos","status":"publish","type":"post","link":"https:\/\/www.europesays.com\/es\/87095\/","title":{"rendered":"de la tr\u00e1gica muerte del primero a su s\u00e9ptima paternidad a los 69 a\u00f1os"},"content":{"rendered":"<p><img decoding=\"async\" class=\"voc-author__img\" src=\"https:\/\/www.europesays.com\/es\/wp-content\/uploads\/2025\/08\/autor-7048-foto-2.png\" alt=\"Patricia Marcos\"\/><\/p>\n<p>01\/09\/2025<br \/>\n<br \/><strong><br \/>\nActualizado a las 21:03h.<br \/>\n<\/strong><\/p>\n<p class=\"voc-p\" style=\"\"><strong>Bert\u00edn Osborne <\/strong>(70 a\u00f1os) es uno de los personajes m\u00e1s populares de la prensa del coraz\u00f3n en Espa\u00f1a. A pesar de darse a conocer por su faceta como <strong>cantante <\/strong>y haberse labrado tambi\u00e9n una carrera como presentador de televisi\u00f3n, lo que realmente le ha llevado a captar la atenci\u00f3n del foco medi\u00e1tico ha sido su <strong>vida personal<\/strong>.<\/p>\n<p class=\"voc-p\" style=\"\">Sus relacionales sentimentales, hijos y numerosos esc\u00e1ndalos han centrado durante a\u00f1os \u2014y siguen haci\u00e9ndolo a d\u00eda de hoy\u2014 la atenci\u00f3n de los medios, convirtiendo el lado m\u00e1s \u00edntimo de Bert\u00edn en un tema recurrente de los programas de televisi\u00f3n y las<strong> revistas del coraz\u00f3n<\/strong>. <\/p>\n<p><img decoding=\"async\" loading=\"lazy\" src=\"https:\/\/www.europesays.com\/es\/wp-content\/uploads\/2025\/09\/bertin-osborne-kbcH--760x427@diario_abc.jpg\" class=\"voc-img\" width=\"760\" height=\"427\" alt=\"Bert\u00edn Osborne, en una foto de archivo de 2023\" data-voc-vtm-id=\"in-text-traffic\"\/><\/p>\n<p>Bert\u00edn Osborne, en una foto de archivo de 2023<\/p>\n<p>ABC<\/p>\n<p class=\"voc-p\" style=\"\">En este sentido, su <strong>faceta como padre <\/strong>ha sido una de las que ha generado mayor inter\u00e9s medi\u00e1tico. A lo largo de los a\u00f1os, el cantante y presentador ha formado una familia numerosa compuesta por un total de <strong>siete hijos<\/strong>. Sin embargo, la paternidad no solo ha supuesto un camino de alegr\u00edas para el presentador, sino tambi\u00e9n un trayecto lleno de desaf\u00edos.<\/p>\n<p class=\"voc-p\" style=\"\">Conocemos todo acerca de<strong> los hijos de Bert\u00edn Osborne<\/strong>, quien visita este lunes <strong>&#8216;El Hormiguero&#8217;<\/strong> de <strong>Pablo Motos <\/strong>en el que es el arranque de curso del programa l\u00edder de audiencias en la televisi\u00f3n.<\/p>\n<p>\n1- Cristian\n<\/p>\n<p class=\"voc-p\" style=\"\">Con apenas 21 a\u00f1os, Bert\u00edn Osborne contrajo matrimonio por primera vez con <strong>Sandra Domecq Williams<\/strong>,\u200b quien falleci\u00f3 a los 51 a\u00f1os v\u00edctima de un c\u00e1ncer. \u00abEra una mujer diez en todos los sentidos, un ca\u00f1\u00f3n\u00bb, asegur\u00f3 el cantante en &#8216;D\u00e9jate querer&#8217; hace dos a\u00f1os.<\/p>\n<p class=\"voc-p\" style=\"\">Bert\u00edn tuvo junto a Sandra <strong>cuatro hijos<\/strong>. El primero de ellos fue <strong>Cristian<\/strong>, quien naci\u00f3 en 1977. Sin embargo, la pareja tuvo que hacer frente a un duro episodio apenas 20 d\u00edas despu\u00e9s de su nacimiento: el beb\u00e9 falleci\u00f3 por una <strong>malformaci\u00f3n en el h\u00edgado<\/strong>.<\/p>\n<p class=\"voc-p\" style=\"\">\u00ab<strong>Muri\u00f3 en mis brazos <\/strong>en La Paz de Madrid\u00bb, cont\u00f3 Bert\u00edn en &#8216;Viva la vida&#8217;. El fallecimiento de su primog\u00e9nito supuso \u00abun palo tremendo\u00bb y un \u00abimpacto tremendo\u00bb para la pareja. \u00abLo peor del mundo es perder a un hijo o a una hija\u00bb, confes\u00f3 hace a\u00f1os el artista en \u00abMi casa es la vuestra\u00bb. Adem\u00e1s, el cantante reconoci\u00f3 que <a href=\"https:\/\/www.abc.es\/gente\/abci-bertin-osborne-derrumba-hablar-sobre-muerte-hijo-solo-cementerio-202111011729_noticia.html\" title=\"www.abc.es\" data-voc-vtm-id=\"in-text-traffic\" data-mrf-link=\"www.abc.es\" rel=\"nofollow noopener\" target=\"_blank\">solo ha acudido en una ocasi\u00f3n al cementerio<\/a> a verle: \u00abMe cuesta un trabajo enorme\u00bb.<\/p>\n<p>\n2- Alejandra\n<\/p>\n<p class=\"voc-p\" style=\"\">Un a\u00f1o despu\u00e9s de esta tragedia, la pareja intent\u00f3 rehacer su vida y Sandra se qued\u00f3 embaraza de <strong>Alejandra<\/strong> (47 a\u00f1os). La primera hija de Bert\u00edn, que guarda un gran parecido f\u00edsico a su padre, es \u00abuna loca maravillosa\u00bb, seg\u00fan asegur\u00f3 el cantante en una entrevista para &#8216;El Pa\u00eds&#8217;. Empresaria, se dedica a la decoraci\u00f3n de interiores y al asesoramiento corporativo.<\/p>\n<p class=\"voc-p\" style=\"\">En 2004, Alejandra se cas\u00f3 con Joaqu\u00edn Buend\u00eda, economista y experto en desarrollo de negocio, con quien tuvo<strong> tres hijos<\/strong>: Santiago (18 a\u00f1os) y los mellizos Fausto y Valentina (13 a\u00f1os). En 2017, la pareja decidi\u00f3 separarse. Pocos meses despu\u00e9s, comenz\u00f3 una relaci\u00f3n con el ejecutivo de publicidad Fernando Carrascal, que acab\u00f3 poco despu\u00e9s.<\/p>\n<p>\n3- Eugenia\n<\/p>\n<p class=\"voc-p\" style=\"\">Ocho a\u00f1os despu\u00e9s del nacimiento de Alejandra, lleg\u00f3 <strong>Eugenia <\/strong>(39 a\u00f1os). Emprendedora e <strong>influencer<\/strong>, cuenta con m\u00e1s de 240.000 seguidores en Instagram y se trata de la hija m\u00e1s conocida de Bert\u00edn. \u00abEs una sargento de la legi\u00f3n\u00bb, la califica su padre. <\/p>\n<p class=\"voc-p\" style=\"\">Eugenia fue madre junto a <strong>Juan Melgarejo <\/strong>de <strong>Juan <\/strong>(13 a\u00f1os), <strong>Sandra <\/strong>(12 a\u00f1os) y <strong>Trist\u00e1n <\/strong>(9 a\u00f1os). Pero tambi\u00e9n de <strong>Leticia<\/strong>, melliza de Sandra, que muri\u00f3 a la semana de nacer. \u00abSepararme de ella ha sido lo m\u00e1s dif\u00edcil a lo que me he enfrentado y seguramente me enfrente en la vida\u00bb, confes\u00f3 la hija de Bert\u00edn en &#8216;Madres: desde el coraz\u00f3n&#8217;, donde cont\u00f3 que ambas nacieron prematuras.<\/p>\n<p class=\"voc-p\" style=\"\">\u00abSe aprende a vivir con ello, pero no se supera\u00bb, asegur\u00f3 Eugenia, que pudo sufrir en sus propias carnes lo que vivi\u00f3 su padre con su primer hijo. En 2021, la hija de Bert\u00edn se separ\u00f3 de su marido tras 14 a\u00f1os de relaci\u00f3n y, en la actualidad, sale con <strong>Miguel Berreiro, asesor de la ONU y profesor universitario.<\/strong><\/p>\n<p>\n4- Claudia\n<\/p>\n<p class=\"voc-p\" style=\"\">Claudia (36 a\u00f1os) es la<strong> cuarta hija de <\/strong>Bert\u00edn y Sandra. \u00abEs una mente extraordinaria, brillante, charlar con ella es muy interesante\u00bb, dijo Bert\u00edn en la citada entrevista con &#8216;El Pa\u00eds&#8217;.<strong> Coach y autora del libro <\/strong>de autoayuda &#8216;Lo mejor de ti&#8217;, tambi\u00e9n se dedica al mundo de las redes sociales.<\/p>\n<p class=\"voc-p\" style=\"\">La joven se cas\u00f3 en 2021 con <strong>Jos\u00e9 Entrecanales,<\/strong> hijo del presidente de Acciona, y es madre de<strong> dos hijos: Micaela <\/strong>(3 a\u00f1os) y <strong>Violeta <\/strong>(1 a\u00f1o). \u00abEs verdad eso que dicen que el amor no se divide sino que se multiplica. Qu\u00e9 viajazo este de la maternidad\u00bb, se\u00f1al\u00f3 en una ocasi\u00f3n. Se da la circunstancia de que la nieta m\u00e1s peque\u00f1a de Bert\u00edn naci\u00f3 tan solo 22 d\u00edas despu\u00e9s que su \u00faltimo hijo.<\/p>\n<p>\n5- Kike\n<\/p>\n<p class=\"voc-p\" style=\"\">Bert\u00edn contrajo matrimonio por segunda vez en el a\u00f1o 2006 con la modelo venezolana Fabiola Mart\u00ednez (52 a\u00f1os). Con ella tuvo dos hijos. El primero, <strong>Kike<\/strong> (18 a\u00f1os), naci\u00f3 afectado por una <strong>grave lesi\u00f3n cerebral<\/strong> producto de una infecci\u00f3n durante el embarazo provocada por la bacteria Listeria. <\/p>\n<p class=\"voc-p\" style=\"\"><strong>\u00abKike es un milagro\u00bb,<\/strong> han manifestado sus padres en distintas ocasiones. \u00abCuando naci\u00f3 nos dijeron que iba a ser un vegetal, que iba a ser sordo, ciego, que no iba a ver ni o\u00edr ni hablar ni moverse ni andar\u2026\u00bb, asegur\u00f3 el cantante a To\u00f1i Moreno en &#8216;Un a\u00f1o de tu vida&#8217; hace cinco a\u00f1os. <\/p>\n<p class=\"voc-p\" style=\"\">Esta experiencia de superaci\u00f3n llev\u00f3 a Bert\u00edn y a Fabiola a crear la <a href=\"https:\/\/fundacionkikeosborne.org\/\" title=\"fundacionkikeosborne.org\" data-voc-vtm-id=\"in-text-traffic\" data-mrf-link=\"fundacionkikeosborne.org\" rel=\"nofollow noopener\" target=\"_blank\">Fundaci\u00f3n Kike Osborne<\/a>, bajo la que realizan una encomiable labor de ayuda a familias de <strong>personas con discapacidad<\/strong>. \u00abLe gusta todo lo que me gusta a m\u00ed. El campo, los caballos, el f\u00fatbol, las motos\u2026\u00bb, cont\u00f3 recientemente a &#8216;\u00a1Hola!&#8217; Bert\u00edn sobre su hijo, con motivo de su reci\u00e9n estrenada <strong>mayor\u00eda de edad.<\/strong><\/p>\n<p>\n6- Carlos\n<\/p>\n<p class=\"voc-p\" style=\"\">Casi dos a\u00f1os despu\u00e9s del nacimiento de Kike, Bert\u00edn y Fabiola dieron la bienvenida a <strong>Carlos <\/strong>(16 a\u00f1os). La discapacidad de su hermano mayor le convirtieron, desde peque\u00f1o, en un ni\u00f1o muy maduro. \u00abTiene algo tan maravilloso como crecer <strong>normalizando la discapacidad<\/strong>\u00bb, asegur\u00f3 el cantante en una ocasi\u00f3n.<\/p>\n<p class=\"voc-p\" style=\"\">Aficionado a los &#8216;music talents&#8217;, tal y como desvel\u00f3 Fabiola en &#8216;\u00a1Hola!&#8217;, se encuentra en plena <strong>adolescencia<\/strong>: \u00abKike siempre intenta llamar su atenci\u00f3n y \u00e9l est\u00e1 en un punto que llega a casa, se encierra en su habitaci\u00f3n y, bueno\u2026 ya no comparten tanto\u00bb.<\/p>\n<p>\n7- Arian David\n<\/p>\n<p class=\"voc-p\" style=\"\">La llegada de <strong>Arian David<\/strong>, el \u00faltimo hijo de Bert\u00edn, ha copado las portadas de la prensa del coraz\u00f3n en los dos \u00faltimos a\u00f1os. El ni\u00f1o naci\u00f3 el 31 de diciembre de 2023 fruto de su relaci\u00f3n espor\u00e1dica con <strong>Gabriela Guill\u00e9n<\/strong>. <\/p>\n<p class=\"voc-p\" style=\"\">En un inicio, el cantante lleg\u00f3 a confesar su rechazo hacia su paternidad, que ten\u00eda que ejercer a la edad de 69 a\u00f1os. \u00abHe decidido que no voy a ser padre, <strong>no quiero ejercer de padre<\/strong>. Si se confirma que es m\u00edo, ayudar\u00e9\u00bb, asegur\u00f3 el cantante a la revista &#8216;\u00a1Hola!&#8217;, donde lleg\u00f3 a expresar su intenci\u00f3n de realizarse una prueba de paternidad.<\/p>\n<p class=\"voc-p\" style=\"\">El embarazo, y posterior nacimiento de David, dio pie a una <strong>guerra medi\u00e1tica <\/strong>entre Bert\u00edn y Gabriela. Especialmente por parte de ella, quien critic\u00f3 el comportamiento del cantante en reiteradas ocasiones en los medios de comunicaci\u00f3n. Sin embargo, hace apenas unos d\u00edas ambos sorprendieron al <strong>mostrar p\u00fablicamente<\/strong> y por primera vez al ni\u00f1o en la revista &#8216;\u00a1Hola!&#8217;, lo que ha sido objeto de cr\u00edticas.<\/p>\n<p class=\"voc-p\" style=\"\">\u00ab<strong>Yo nunca quise ser padre otra vez. <\/strong>Pero vale, lo soy. As\u00ed son las cosas. Ahora ayudar\u00e9 a que el ni\u00f1o tenga sus estudios estupendos y que viva lo mejor que pueda\u00bb, asegur\u00f3 Bert\u00edn en la entrevista, donde confes\u00f3 que con la portada buscaban que \u00abno sea como un ni\u00f1o escondido\u00bb. \u00abY yo, encantado. El ni\u00f1o es una monada. Y cari\u00f1os\u00edsimo. Es un amor\u00bb, asegur\u00f3.<\/p>\n<p>Reportar un error<\/p>\n","protected":false},"excerpt":{"rendered":"01\/09\/2025 Actualizado a las 21:03h. Bert\u00edn Osborne (70 a\u00f1os) es uno de los personajes m\u00e1s populares de la&hellip;\n","protected":false},"author":2,"featured_media":87096,"comment_status":"","ping_status":"","sticky":false,"template":"","format":"standard","meta":{"footnotes":""},"categories":[91],"tags":[988,25177,146,147,25,24,563,4920,25178,39,32165,5294,23,12130],"class_list":{"0":"post-87095","1":"post","2":"type-post","3":"status-publish","4":"format-standard","5":"has-post-thumbnail","7":"category-entretenimiento","8":"tag-anos","9":"tag-bertin","10":"tag-entertainment","11":"tag-entretenimiento","12":"tag-es","13":"tag-espana","14":"tag-hijos","15":"tag-muerte","16":"tag-osborne","17":"tag-padre","18":"tag-primogenito","19":"tag-siete","20":"tag-spain","21":"tag-tragica"},"share_on_mastodon":{"url":"","error":""},"_links":{"self":[{"href":"https:\/\/www.europesays.com\/es\/wp-json\/wp\/v2\/posts\/87095","targetHints":{"allow":["GET"]}}],"collection":[{"href":"https:\/\/www.europesays.com\/es\/wp-json\/wp\/v2\/posts"}],"about":[{"href":"https:\/\/www.europesays.com\/es\/wp-json\/wp\/v2\/types\/post"}],"author":[{"embeddable":true,"href":"https:\/\/www.europesays.com\/es\/wp-json\/wp\/v2\/users\/2"}],"replies":[{"embeddable":true,"href":"https:\/\/www.europesays.com\/es\/wp-json\/wp\/v2\/comments?post=87095"}],"version-history":[{"count":0,"href":"https:\/\/www.europesays.com\/es\/wp-json\/wp\/v2\/posts\/87095\/revisions"}],"wp:featuredmedia":[{"embeddable":true,"href":"https:\/\/www.europesays.com\/es\/wp-json\/wp\/v2\/media\/87096"}],"wp:attachment":[{"href":"https:\/\/www.europesays.com\/es\/wp-json\/wp\/v2\/media?parent=87095"}],"wp:term":[{"taxonomy":"category","embeddable":true,"href":"https:\/\/www.europesays.com\/es\/wp-json\/wp\/v2\/categories?post=87095"},{"taxonomy":"post_tag","embeddable":true,"href":"https:\/\/www.europesays.com\/es\/wp-json\/wp\/v2\/tags?post=87095"}],"curies":[{"name":"wp","href":"https:\/\/api.w.org\/{rel}","templated":true}]}}