{"id":87210,"date":"2025-09-02T00:36:10","date_gmt":"2025-09-02T00:36:10","guid":{"rendered":"https:\/\/www.europesays.com\/es\/87210\/"},"modified":"2025-09-02T00:36:10","modified_gmt":"2025-09-02T00:36:10","slug":"el-betis-cierra-el-mercado-con-sorpresa-amrabat-es-el-pivote","status":"publish","type":"post","link":"https:\/\/www.europesays.com\/es\/87210\/","title":{"rendered":"El Betis cierra el mercado con sorpresa: Amrabat es el pivote"},"content":{"rendered":"<p>El club verdiblanco consigue a \u00faltima hora el fichaje del centrocampista marroqu\u00ed<\/p>\n<p><img fetchpriority=\"high\" class=\"voc-img\" src=\"https:\/\/www.europesays.com\/es\/wp-content\/uploads\/2025\/09\/amrabat-R2Kvw6k3rEgc9LU4ShrMRWP-1200x840@diario_abc.PNG\" loading=\"eager\" decoding=\"async\" alt=\"El Betis cierra el mercado con sorpresa: Amrabat es el pivote\" width=\"1200\" height=\"840\"\/><\/p>\n<p><img decoding=\"async\" class=\"voc-author__img\" src=\"https:\/\/www.europesays.com\/es\/wp-content\/uploads\/2025\/08\/autor-7261-foto-1.jpeg\" alt=\"Samuel Silva\"\/><\/p>\n<p>01\/09\/2025<br \/>\n<br \/><strong><br \/>\nActualizado a las 23:33h.<br \/>\n<\/strong><\/p>\n<p class=\"voc-p\" style=\"\">El <strong>Betis<\/strong> ha cerrado el mercado a lo grande. Tras confirmar el fichaje de Antony, recibido con honores en el Aeropuerto de Sevilla, el club verdiblanco ha fichado tambi\u00e9n al deseado pivote: <strong>Sofyan Amrabat<\/strong> . Un bombazo inesperado para conseguir ese centrocampista que completase la plantilla, tras una jornada fren\u00e9tica en las oficinas.<\/p>\n<p class=\"voc-p\" style=\"\">El centrocampista marroqu\u00ed estaba en la rampa de salida del Fenerbah\u00e7e e incluso el Sevilla con Antonio Cord\u00f3n hab\u00eda intentado su incorporaci\u00f3n, pero en las \u00faltimas horas el Betis ha puesto el dinero necesario sobre la mesa para conseguir<strong> la cesi\u00f3n de Amrabat hasta final de temporada<\/strong>. Una opci\u00f3n de \u00faltima hora que el club verdiblanco ha podido aprovechar exprimiendo la disponibilidad salarial existente.<\/p>\n<p class=\"voc-p\" style=\"\">El \u00faltimo d\u00eda de mercado ha sido fren\u00e9tico en Heli\u00f3polis, <strong>ante el deseo de rematar la planificaci\u00f3n con una incorporaci\u00f3n que cumpliese los deseos de Pellegrini<\/strong>, que en una de sus \u00faltimas ruedas de prensa hab\u00eda solicitado la llegada de un pivote que cubriera la vacante de Johnny Cardoso. Aunque en un principio el nombre se\u00f1alado era Guido Rodr\u00edguez, a la espera de que saliera con la carta de libertad del West Ham, finalmente la direcci\u00f3n deportiva cambi\u00f3 el gui\u00f3n y apost\u00f3 por Amrabat, un centrocampista con potencia que pude cumplir esa funci\u00f3n.<\/p>\n<p class=\"voc-p\" style=\"\">A sus 29 a\u00f1os, el marroqu\u00ed quer\u00eda salir de Turqu\u00eda, despu\u00e9s de fichar el pasado a\u00f1o procedente de la Fiorentina, a la que le pag\u00f3 12 millones de euros por su traspaso. Internacional con su selecci\u00f3n, con la que ha brillado en grandes campeonatos,<strong> Amrabat es un perfil de centrocampista con f\u00edsico que no hab\u00eda en la plantilla b\u00e9tica<\/strong>, con lo que la direcci\u00f3n deportiva le ofrece a Pellegrini un jugador distinto.<\/p>\n<p>Reportar un error<\/p>\n","protected":false},"excerpt":{"rendered":"El club verdiblanco consigue a \u00faltima hora el fichaje del centrocampista marroqu\u00ed 01\/09\/2025 Actualizado a las 23:33h. El&hellip;\n","protected":false},"author":2,"featured_media":87211,"comment_status":"","ping_status":"","sticky":false,"template":"","format":"standard","meta":{"footnotes":""},"categories":[5],"tags":[291,5734,17,18,500,25,24,13,14,11,19,20,1239,9,10,15,16,23,12,21,22],"class_list":{"0":"post-87210","1":"post","2":"type-post","3":"status-publish","4":"format-standard","5":"has-post-thumbnail","7":"category-titulares","8":"tag-betis","9":"tag-bombazo","10":"tag-breaking-news","11":"tag-breakingnews","12":"tag-cierra","13":"tag-es","14":"tag-espana","15":"tag-featured-news","16":"tag-featurednews","17":"tag-headlines","18":"tag-latest-news","19":"tag-latestnews","20":"tag-mercado","21":"tag-news","22":"tag-noticias","23":"tag-noticias-destacadas","24":"tag-noticiasdestacadas","25":"tag-spain","26":"tag-titulares","27":"tag-ultimas-noticias","28":"tag-ultimasnoticias"},"share_on_mastodon":{"url":"","error":""},"_links":{"self":[{"href":"https:\/\/www.europesays.com\/es\/wp-json\/wp\/v2\/posts\/87210","targetHints":{"allow":["GET"]}}],"collection":[{"href":"https:\/\/www.europesays.com\/es\/wp-json\/wp\/v2\/posts"}],"about":[{"href":"https:\/\/www.europesays.com\/es\/wp-json\/wp\/v2\/types\/post"}],"author":[{"embeddable":true,"href":"https:\/\/www.europesays.com\/es\/wp-json\/wp\/v2\/users\/2"}],"replies":[{"embeddable":true,"href":"https:\/\/www.europesays.com\/es\/wp-json\/wp\/v2\/comments?post=87210"}],"version-history":[{"count":0,"href":"https:\/\/www.europesays.com\/es\/wp-json\/wp\/v2\/posts\/87210\/revisions"}],"wp:featuredmedia":[{"embeddable":true,"href":"https:\/\/www.europesays.com\/es\/wp-json\/wp\/v2\/media\/87211"}],"wp:attachment":[{"href":"https:\/\/www.europesays.com\/es\/wp-json\/wp\/v2\/media?parent=87210"}],"wp:term":[{"taxonomy":"category","embeddable":true,"href":"https:\/\/www.europesays.com\/es\/wp-json\/wp\/v2\/categories?post=87210"},{"taxonomy":"post_tag","embeddable":true,"href":"https:\/\/www.europesays.com\/es\/wp-json\/wp\/v2\/tags?post=87210"}],"curies":[{"name":"wp","href":"https:\/\/api.w.org\/{rel}","templated":true}]}}