{"id":87212,"date":"2025-09-02T00:38:12","date_gmt":"2025-09-02T00:38:12","guid":{"rendered":"https:\/\/www.europesays.com\/es\/87212\/"},"modified":"2025-09-02T00:38:12","modified_gmt":"2025-09-02T00:38:12","slug":"cordoba-presume-ya-de-torero-3","status":"publish","type":"post","link":"https:\/\/www.europesays.com\/es\/87212\/","title":{"rendered":"C\u00f3rdoba presume ya de torero"},"content":{"rendered":"<ul>\n<li style=\"text-align: justify;\"><strong>Art\u00edculo de opini\u00f3n de nuestro compa\u00f1ero Antonio Cepedello<\/strong><\/li>\n<\/ul>\n<p style=\"text-align: justify;\"><strong>C\u00f3rdoba presume ya de torero, aunque todav\u00eda est\u00e9 en ciernes.<\/strong><\/p>\n<p style=\"text-align: justify;\"><strong>Manuel Quintana,<\/strong> con tan s\u00f3lo 19 a\u00f1os de edad, ya ha deslumbrado a la afici\u00f3n cordobesa y a las de otras muchas provincias, con su personal forma de interpretar el toreo, basada en los pilares b\u00e1sicos de la Tauromaquia, como son el mando, la profundidad, la quietud, el valor y la verdad mostradas en cada lance con el capote y la muleta. Dirige a los novillos s\u00f3lo con sus mu\u00f1ecas y siempre con los pies bien asentados en el albero.<\/p>\n<p style=\"text-align: justify;\">El paso de este novillero por el escalaf\u00f3n sin picadores est\u00e1 lleno de \u00e9xitos, aunque el triunfo que hasta ahora m\u00e1s le ha llenado de satisfacci\u00f3n ha sido la salida a hombros en su debut en la plaza de su tierra, donde el pasado 23 de mayo cort\u00f3 3 orejas en dos faenas muy completas a erales de la ganader\u00eda de Enrique Ponce. Ha ganado tambi\u00e9n esta temporada el prestigioso IV Memorial Iv\u00e1n Fandi\u00f1o, de Bilbao, adem\u00e1s de llegar a la final de Dax (Francia) y del XXXI Certamen Andaluz de novilladas sin picadores, que televisa Canal Sur. Ha toreado en otras plazas importantes, como \u2018La Maestranza\u2019 de Sevilla, el Puerto de Santa Mar\u00eda (C\u00e1diz) o Arles (Francia), donde ha logrado numerosos \u00e9xitos.<\/p>\n<p style=\"text-align: justify;\">Manolo Quintana maneja el capote con pureza y soltura, siempre con las manos por delante, con temple y mandando con sus mu\u00f1ecas en el novillo. Su toreo con la muleta es de tanta naturalidad, verdad y facilidad que a veces parece \u2018sobrao\u2019 o superficial, al no tener que cargar tanto la suerte para dirigir y ligar las embestidas. Siempre tiene los pies asentados en el albero, sin dar esas fe\u00edsimas carreritas para colocarse de nuevo en la cara del animal. Su semblante y gestos tambi\u00e9n descubren que estamos ante una futura figura del toreo, si la suerte le ayuda un poco y el destino no le traiciona.<\/p>\n<p style=\"text-align: justify;\">\u00abLo que busco es emocionar a la gente y hacer que el p\u00fablico se ilusione\u00bb, manifest\u00f3 tras triunfar en C\u00f3rdoba este novillero sin caballos, que es alumno de la Escuela del C\u00edrculo Taurino de C\u00f3rdoba. La emoci\u00f3n que transmite cuando est\u00e1 en el ruedo llega con facilidad a los tendidos, porque es natural, sincera y no forzada. Su ilusi\u00f3n tambi\u00e9n se contagia a la grada por el mismo motivo. No como los falsos gestos sonrientes artificiales, gritos escandalosos o desmanes estrafalarios que ahora acostumbran muchos aspirantes a toreros para entusiasmar al p\u00fablico. Su sencillez tambi\u00e9n es otro de sus rasgos admirables.<\/p>\n<p style=\"text-align: justify;\">Manuel Quintana, que estudia Ingenier\u00eda Agr\u00edcola, es cordob\u00e9s por los cuatro costados. Natural de la capital. Sus padres son de localidades de la provincia de comarcas distintas, Fuente Ovejuna y Ca\u00f1ete de las Torres, nada m\u00e1s y nada menos. El Valle del Guadalquivir y el del Guadiato, junto a la m\u00e1s pura Campi\u00f1a. \u00a1Casi n\u00e1!. Un perfecto tri\u00e1ngulo, que hace que este diestro sea m\u00e1s de la tierra de \u2018Los Califas\u2019 del toreo que el propio salmorejo, Las Tendillas o La Mezquita.<\/p>\n<p style=\"text-align: justify;\">\u2018Lolillo\u2019, como lo llaman sus familiares, tiene tambi\u00e9n el comportamiento, los gestos y la actitud fuera de la plaza de los grandes diestros. Habla lo justo y necesario. Se expresa m\u00e1s con los trastos, como debe hacer un torero. Su silencio le sirve para escuchar, que es la mejor forma de aprender. Discreto y educado hasta decir basta.<\/p>\n<p style=\"text-align: justify;\">No tiene antecedentes taurinos directos, pero desde que naci\u00f3 est\u00e1 rodeado de muy buenos aficionados taurinos por todos lados, desde sus abuelos hasta sus padres y t\u00edos. El V \u2018Califa del Toreo\u2019 no tard\u00f3 en fijarse en \u00e9l cuando era muy peque\u00f1o, cuando en la finca de \u2018Villalobillos\u2019 comenz\u00f3 a darle pases a los becerros. Y mejor ojo que Manuel Ben\u00edtez, \u2018El Cordob\u00e9s\u2019, no creo que haya nadie en el mundo del toro que pueda tenerlo.<\/p>\n<p style=\"text-align: justify;\">C\u00f3rdoba es una de las provincias andaluzas y espa\u00f1olas con mayor n\u00famero de toreros. Fue la capital mundial del toreo durante mucho tiempo, por lo que sus aspirantes a matadores cuentan con la desventaja de una tremenda competencia local y la ventaja de llevar el emblema de una tierra tan taurina. Quintana tiene tambi\u00e9n a favor que es distinto a los dem\u00e1s. Cuenta adem\u00e1s con la suerte de estar apoderado ya por un excelente y reconocido subalterno cordob\u00e9s, Antonio Tejero, que de esto sabe c\u00f3mo el que m\u00e1s, por lo que no habr\u00e1 apostado por \u00e9l por casualidad, ni mucho menos, sino porque le ver\u00e1 grandes condiciones para triunfar.<\/p>\n<p style=\"text-align: justify;\">Ahora a Manuel ya s\u00f3lo le queda seguir caminando despacio y seguro, hasta cumplir todos sus sue\u00f1os y los de sus seguidores. Poco a poco, sin prisas, pero tambi\u00e9n sin pausas. Lo principal es que re\u00fane todas las cualidades y circunstancias para hacer realidad sus ilusiones y las de todos los que le conocemos. Y sobre todo, sin pararse en ning\u00fan tipo de \u2018pegos\u2019, sino a base de mucho trabajo, entusiasmo, entrega y ganas. Nada de eso le va a faltar.<\/p>\n<p style=\"text-align: justify;\"><strong>Lo dicho, \u2018Lolillo\u2019. \u00a1\u00a1\u00c1nimo y la mayor suerte del mundo, torero!!<\/strong><\/p>\n<p>\n\tRelacionado<\/p>\n","protected":false},"excerpt":{"rendered":"Art\u00edculo de opini\u00f3n de nuestro compa\u00f1ero Antonio Cepedello C\u00f3rdoba presume ya de torero, aunque todav\u00eda est\u00e9 en ciernes.&hellip;\n","protected":false},"author":2,"featured_media":87213,"comment_status":"","ping_status":"","sticky":false,"template":"","format":"standard","meta":{"footnotes":""},"categories":[277],"tags":[18893,373,168,25,24,26404,23,167,374],"class_list":{"0":"post-87212","1":"post","2":"type-post","3":"status-publish","4":"format-standard","5":"has-post-thumbnail","7":"category-toreo","8":"tag-antonio-cepedello","9":"tag-bullfighting","10":"tag-deportes","11":"tag-es","12":"tag-espana","13":"tag-manuel-quintana","14":"tag-spain","15":"tag-sports","16":"tag-toreo"},"share_on_mastodon":{"url":"","error":""},"_links":{"self":[{"href":"https:\/\/www.europesays.com\/es\/wp-json\/wp\/v2\/posts\/87212","targetHints":{"allow":["GET"]}}],"collection":[{"href":"https:\/\/www.europesays.com\/es\/wp-json\/wp\/v2\/posts"}],"about":[{"href":"https:\/\/www.europesays.com\/es\/wp-json\/wp\/v2\/types\/post"}],"author":[{"embeddable":true,"href":"https:\/\/www.europesays.com\/es\/wp-json\/wp\/v2\/users\/2"}],"replies":[{"embeddable":true,"href":"https:\/\/www.europesays.com\/es\/wp-json\/wp\/v2\/comments?post=87212"}],"version-history":[{"count":0,"href":"https:\/\/www.europesays.com\/es\/wp-json\/wp\/v2\/posts\/87212\/revisions"}],"wp:featuredmedia":[{"embeddable":true,"href":"https:\/\/www.europesays.com\/es\/wp-json\/wp\/v2\/media\/87213"}],"wp:attachment":[{"href":"https:\/\/www.europesays.com\/es\/wp-json\/wp\/v2\/media?parent=87212"}],"wp:term":[{"taxonomy":"category","embeddable":true,"href":"https:\/\/www.europesays.com\/es\/wp-json\/wp\/v2\/categories?post=87212"},{"taxonomy":"post_tag","embeddable":true,"href":"https:\/\/www.europesays.com\/es\/wp-json\/wp\/v2\/tags?post=87212"}],"curies":[{"name":"wp","href":"https:\/\/api.w.org\/{rel}","templated":true}]}}