{"id":87214,"date":"2025-09-02T00:41:10","date_gmt":"2025-09-02T00:41:10","guid":{"rendered":"https:\/\/www.europesays.com\/es\/87214\/"},"modified":"2025-09-02T00:41:10","modified_gmt":"2025-09-02T00:41:10","slug":"fritz-y-djokovic-comparten-sensaciones-antes-de-su-encuentro","status":"publish","type":"post","link":"https:\/\/www.europesays.com\/es\/87214\/","title":{"rendered":"Fritz y Djokovic comparten sensaciones antes de su encuentro"},"content":{"rendered":"<p class=\"ft-text\">Los <strong>cuartos de final entre Novak Djokovic y Taylor Fritz, prometen ser toda una exhibici\u00f3n<\/strong> de tenis. Tanto el serbio como el estadounidense, se han consolidado como<strong> grandes figuras del circuito<\/strong>, Djokovic como el ganador en cuatro ocasiones del Abierto de Estados Unidos, y Fritz como finalista en la edici\u00f3n pasada.<\/p>\n<p class=\"ft-text ft-helper-align-justify\">Ambos son conscientes de que este <strong>partido no ser\u00e1 para nada sencillo.<\/strong> Djokovic ostenta un <strong>marcador con 10-0 en enfrentamientos <\/strong>directos a su rival de cuartos de final, quien fue el <strong>subcampe\u00f3n del Abierto de Estados Unidos de 2024.\u00a0<\/strong>Fritz, el actual n\u00famero cuatro del mundo, es el <strong>\u00faltimo hombre estadounidense <\/strong>en el cuadro del US Open y avanz\u00f3 a cuartos con una victoria de 6-4, 6-3, 6-3\u00a0ante Thomas Machac sin dar opci\u00f3n a ninguna bola de break.<\/p>\n<p class=\"ft-text ft-helper-align-justify\">Tanto Novak como Taylor, han hecho sus<strong> respectivas valoraciones a la prensa de cara al encuentro<\/strong> que tendr\u00e1 lugar ma\u00f1ana. El primero fue <strong>Fritz<\/strong> quien habl\u00f3 del balance de la decena de encuentros a favor de Djokovic. \u00abEn mi cabeza,<strong> no pienso en todas las derrotas que sufr\u00ed contra Novak cuando hace cinco a\u00f1os, no estaba ni cerca del nivel<\/strong> de jugador que soy ahora. Lo que recuerdo con frescura es cuando nos enfrentamos en las ATP Finals.\u00a0S\u00e9 que en los \u00faltimos partidos que hemos jugado, <strong>ha habido ocasiones, simplemente no he podido aprovechar los momentos importantes<\/strong>\u00ab, comentaba el estadounidense en rueda de prensa.<\/p>\n<p class=\"ft-text ft-helper-align-justify\">Fritz es consciente de que el nivel de su rival es alt\u00edsimo, y Novak es muy intimidante, un tenista con el que medirse en octavos de final es complicado. \u00ab<strong>Nuestros encuentros han sido a lo largo de muchos a\u00f1os. <\/strong>La primera vez, casi hace siete u ocho a\u00f1os que jugu\u00e9 contra \u00e9l, <strong>probablemente no era lo suficientemente bueno<\/strong> como para tener muchas posibilidades, <strong>a menos que tuviera el mejor d\u00eda de mi vida y \u00e9l tuviera un mal d\u00eda. <\/strong>S\u00f3lo en las \u00faltimas dos veces que hemos jugado he sido mejor jugador, capaz de competir y tener oportunidades\u00bb, aseguraba el cabeza de serie n\u00famero 4.<\/p>\n<p class=\"ft-text ft-helper-align-justify\">No obstante, <strong>Novak tambi\u00e9n ha analizado el balance positivo de las victorias<\/strong> logradas ante Fritz. <strong>\u00abEspero algo diferente, siempre lo espero de los jugadores que nunca lograron vencerme,<\/strong> espero que salgan a la cancha e intenten hacerme sentir inc\u00f3modo, siendo m\u00e1s agresivos o cualquier otra cosa. No creo que haga ning\u00fan cambio importante, obviamente, te adhieres al plan de juego que te ha tra\u00eddo hasta aqu\u00ed. Sabes cu\u00e1les son tus puntos fuertes.<strong> Ha mejorado mucho su movilidad con el paso de los a\u00f1os, <\/strong>el rev\u00e9s tambi\u00e9n es m\u00e1s s\u00f3lido, muy plano\u00bb, explicaba el balc\u00e1nico.<\/p>\n<p>UN PARTIDO \u00bfNOCTURNO?<\/p>\n<p class=\"ft-text ft-helper-align-justify\">Aunque a\u00fan <strong>no est\u00e1 confirmado el horario del partido, al serbio se le escap\u00f3<\/strong> alg\u00fan que otro detalle cuando explicaba c\u00f3mo afrontaba este encuentro. \u00abPara ser un tipo grande, se mueve bien, creo que est\u00e1 bastante subestimado. Jugamos aqu\u00ed hace algunos a\u00f1os y fue duro, pero esta vez <strong>ser\u00e1 un partido nocturno, condiciones totalmente diferentes<\/strong>\u2026 o al menos eso es lo que he o\u00eddo, tal vez no (risas). A m\u00ed me gustar\u00eda jugar de noche, ser\u00eda genial. Vengo jugando de noche ya varias rondas. Sea lo que sea,<strong> s\u00e9 lo que tengo que hacer y c\u00f3mo ejecutar mi plan de juego<\/strong>, aunque luego te pueden afectar muchas cosas dentro de la pista\u00bb, apuntaba &#8216;Nole&#8217;, quien se ha convertido en el hombre m\u00e1s mayor en pisar todos los cuartos de final de los grandes en la misma temporada.<\/p>\n<p class=\"ft-text ft-helper-align-justify\">A Taylor no se le pas\u00f3 por alto opinar sobre la <strong>participaci\u00f3n del serbio en el circuito a pesar de las nuevas generaciones.<\/strong> \u00abLo que ha cambiado es que<strong> ahora hay algunos jugadores que est\u00e1n evolucionando <\/strong>y que son <strong>capaces de vencerlo.<\/strong> Sigo pensando que, cuando llega a los Grand Slams, el nivel sigue siendo el mismo que antes\u00bb. Para a\u00f1adir la clave de la victoria: \u00aben esos momentos dif\u00edciles <strong>necesito jugar m\u00e1s para ganar y no perder<\/strong>\u00ab, conclu\u00eda el estadounidense.<\/p>\n","protected":false},"excerpt":{"rendered":"Los cuartos de final entre Novak Djokovic y Taylor Fritz, prometen ser toda una exhibici\u00f3n de tenis. Tanto&hellip;\n","protected":false},"author":2,"featured_media":87215,"comment_status":"","ping_status":"","sticky":false,"template":"","format":"standard","meta":{"footnotes":""},"categories":[274],"tags":[168,25,24,547,23,167,16390,327,326,541],"class_list":{"0":"post-87214","1":"post","2":"type-post","3":"status-publish","4":"format-standard","5":"has-post-thumbnail","7":"category-tenis","8":"tag-deportes","9":"tag-es","10":"tag-espana","11":"tag-novak-djokovic","12":"tag-spain","13":"tag-sports","14":"tag-taylor-fritz","15":"tag-tenis","16":"tag-tennis","17":"tag-us-open"},"share_on_mastodon":{"url":"","error":""},"_links":{"self":[{"href":"https:\/\/www.europesays.com\/es\/wp-json\/wp\/v2\/posts\/87214","targetHints":{"allow":["GET"]}}],"collection":[{"href":"https:\/\/www.europesays.com\/es\/wp-json\/wp\/v2\/posts"}],"about":[{"href":"https:\/\/www.europesays.com\/es\/wp-json\/wp\/v2\/types\/post"}],"author":[{"embeddable":true,"href":"https:\/\/www.europesays.com\/es\/wp-json\/wp\/v2\/users\/2"}],"replies":[{"embeddable":true,"href":"https:\/\/www.europesays.com\/es\/wp-json\/wp\/v2\/comments?post=87214"}],"version-history":[{"count":0,"href":"https:\/\/www.europesays.com\/es\/wp-json\/wp\/v2\/posts\/87214\/revisions"}],"wp:featuredmedia":[{"embeddable":true,"href":"https:\/\/www.europesays.com\/es\/wp-json\/wp\/v2\/media\/87215"}],"wp:attachment":[{"href":"https:\/\/www.europesays.com\/es\/wp-json\/wp\/v2\/media?parent=87214"}],"wp:term":[{"taxonomy":"category","embeddable":true,"href":"https:\/\/www.europesays.com\/es\/wp-json\/wp\/v2\/categories?post=87214"},{"taxonomy":"post_tag","embeddable":true,"href":"https:\/\/www.europesays.com\/es\/wp-json\/wp\/v2\/tags?post=87214"}],"curies":[{"name":"wp","href":"https:\/\/api.w.org\/{rel}","templated":true}]}}