{"id":87218,"date":"2025-09-02T00:44:10","date_gmt":"2025-09-02T00:44:10","guid":{"rendered":"https:\/\/www.europesays.com\/es\/87218\/"},"modified":"2025-09-02T00:44:10","modified_gmt":"2025-09-02T00:44:10","slug":"ababacar-dieye-que-llega-de-senegal-cierra-el-roster-del-recoletas-salud-carbajosa","status":"publish","type":"post","link":"https:\/\/www.europesays.com\/es\/87218\/","title":{"rendered":"Ababacar Dieye, que llega de Senegal, cierra el roster del Recoletas Salud Carbajosa"},"content":{"rendered":"<p><img fetchpriority=\"high\" class=\"v-a-img\" src=\"https:\/\/www.europesays.com\/es\/wp-content\/uploads\/2025\/09\/ababacar-RU8gmTk2JF05NWyaMpjNfWK-1200x840@Gaceta Salamanca.jpg\" loading=\"eager\" decoding=\"async\" alt=\"Ababacar Dieye, que llega de Senegal, cierra el roster del Recoletas Salud Carbajosa\"  width=\"1200\" height=\"840\"\/><\/p>\n<p>Es el s\u00e9ptimo fichaje para esta temporada y vivir\u00e1 su primera experiencia en Espa\u00f1a<\/p>\n<p class=\"v-mdl-ath__p v-mdl-ath__p--6\">\nLunes, 1 de septiembre 2025, 19:10<\/p>\n<p class=\"v-p\">El <strong>Recoletas Salud Carbajosa<\/strong> cierra su plantilla para la temporada 2025\/26 con la incorporaci\u00f3n de <strong>Ababacar Dieye<\/strong>, ala-p\u00edvot senegal\u00e9s de 28 a\u00f1os, que llega tras una temporada brillante en la que fue elegido <strong>MVP<\/strong> de la final de la Copa Saint Michel (Copa de la Liga) con el Dakar Universit\u00e9 Club. En ese partido decisivo, Ababacar firm\u00f3 19 puntos y 12 rebotes, liderando a su equipo hacia la conquista del t\u00edtulo.<\/p>\n<p class=\"v-p\">Dieye es un jugador que combina potencia f\u00edsica e inteligencia en la pista, con capacidad para imponerse en la pintura y, al mismo tiempo, aportar desde el per\u00edmetro gracias a su calidad t\u00e9cnica. Su versatilidad lo convierte en un tirador de referencia y en una pieza clave para elevar el nivel competitivo del equipo en su primera experiencia en Espa\u00f1a.<\/p>\n<p class=\"v-p\">En sus primeras palabras como jugador del club, Ababacar Dieye asegur\u00f3 que est\u00e1 \u00abmuy agradecido por esta oportunidad\u00bb y que llega al club \u00abcon much\u00edsima ilusi\u00f3n. <strong>Quiero darlo todo en la pista<\/strong>, ayudar al equipo a competir al m\u00e1ximo y hacer disfrutar a la afici\u00f3n con nuestro baloncesto\u00bb.<\/p>\n<p class=\"v-p\">Esto supone el <strong>s\u00e9ptimo fichaje de la temporada<\/strong>, tras los de Norman Domingos, Jordan Doss, Daniel Barroso, Samuel L\u00f3pez, Derrick Pizarro y Ekaitz Madinabeitia, y que se suman a las renovaciones de Adri Ram\u00edrez, Doudou, Dinis, Carlos Navarro, Jorge Mor\u00e1n y Adri S\u00e1nchez.<\/p>\n<p>Comenta<\/p>\n<p>Reporta un error<\/p>\n","protected":false},"excerpt":{"rendered":"Es el s\u00e9ptimo fichaje para esta temporada y vivir\u00e1 su primera experiencia en Espa\u00f1a Lunes, 1 de septiembre&hellip;\n","protected":false},"author":2,"featured_media":87219,"comment_status":"","ping_status":"","sticky":false,"template":"","format":"standard","meta":{"footnotes":""},"categories":[269],"tags":[32199,299,298,32202,500,168,32200,25,24,5012,8480,32201,166,13599,23,167],"class_list":{"0":"post-87218","1":"post","2":"type-post","3":"status-publish","4":"format-standard","5":"has-post-thumbnail","7":"category-baloncesto","8":"tag-ababacar","9":"tag-baloncesto","10":"tag-basketball","11":"tag-carbajosa","12":"tag-cierra","13":"tag-deportes","14":"tag-dieye","15":"tag-es","16":"tag-espana","17":"tag-llega","18":"tag-recoletas","19":"tag-roster","20":"tag-salud","21":"tag-senegal","22":"tag-spain","23":"tag-sports"},"share_on_mastodon":{"url":"","error":""},"_links":{"self":[{"href":"https:\/\/www.europesays.com\/es\/wp-json\/wp\/v2\/posts\/87218","targetHints":{"allow":["GET"]}}],"collection":[{"href":"https:\/\/www.europesays.com\/es\/wp-json\/wp\/v2\/posts"}],"about":[{"href":"https:\/\/www.europesays.com\/es\/wp-json\/wp\/v2\/types\/post"}],"author":[{"embeddable":true,"href":"https:\/\/www.europesays.com\/es\/wp-json\/wp\/v2\/users\/2"}],"replies":[{"embeddable":true,"href":"https:\/\/www.europesays.com\/es\/wp-json\/wp\/v2\/comments?post=87218"}],"version-history":[{"count":0,"href":"https:\/\/www.europesays.com\/es\/wp-json\/wp\/v2\/posts\/87218\/revisions"}],"wp:featuredmedia":[{"embeddable":true,"href":"https:\/\/www.europesays.com\/es\/wp-json\/wp\/v2\/media\/87219"}],"wp:attachment":[{"href":"https:\/\/www.europesays.com\/es\/wp-json\/wp\/v2\/media?parent=87218"}],"wp:term":[{"taxonomy":"category","embeddable":true,"href":"https:\/\/www.europesays.com\/es\/wp-json\/wp\/v2\/categories?post=87218"},{"taxonomy":"post_tag","embeddable":true,"href":"https:\/\/www.europesays.com\/es\/wp-json\/wp\/v2\/tags?post=87218"}],"curies":[{"name":"wp","href":"https:\/\/api.w.org\/{rel}","templated":true}]}}