{"id":87224,"date":"2025-09-02T00:47:11","date_gmt":"2025-09-02T00:47:11","guid":{"rendered":"https:\/\/www.europesays.com\/es\/87224\/"},"modified":"2025-09-02T00:47:11","modified_gmt":"2025-09-02T00:47:11","slug":"la-diputacion-adquiere-varias-obras-de-los-alumnos-del-curso-de-pintores-pensionados","status":"publish","type":"post","link":"https:\/\/www.europesays.com\/es\/87224\/","title":{"rendered":"La Diputaci\u00f3n adquiere varias obras de los alumnos del Curso de Pintores Pensionados"},"content":{"rendered":"<p class=\"p1\">Despu\u00e9s de que a comienzos de la semana pasada la Real Academia de Historia y Arte de San Quirce diese por concluida la edici\u00f3n n\u00famero ciento siete de su Curso de Pintores Pensionados del Paisaje de Segovia con la clausura en La Alh\u00f3ndiga de su exposici\u00f3n final, la Diputaci\u00f3n, a trav\u00e9s de su \u00c1rea de Cultura, Juventud y Deportes, ha vuelto a cumplir con la tradici\u00f3n de adquirir -ampliando as\u00ed el fondo de su colecci\u00f3n- varios de los trabajos que han sido realizados por los pintores becados durante su estancia en la provincia.<\/p>\n<p class=\"p1\">Y es que, dentro del acuerdo que mantienen la instituci\u00f3n provincial y la acad\u00e9mica, que permite a este proyecto seguir cumpliendo a\u00f1os m\u00e1s all\u00e1 del siglo, figura el compromiso de incorporar al amplio archivo pict\u00f3rico de la Diputaci\u00f3n lienzos pintados por los participantes de cada edici\u00f3n. As\u00ed, en esta \u00faltima convocatoria, la instituci\u00f3n provincial ha invertido m\u00e1s de dos mil euros en la adquisici\u00f3n de siete obras firmadas por, entre otros, Manuel G\u00f3mez L\u00f3pez, medalla de Oro de este Curso, y Xavier Camps M\u00e1\u00f1ez, medalla de Plata.<\/p>\n<p class=\"p1\">Entre los paisajes que han inspirado a los autores de las obras adquiridas y que se pueden observar de manera figurada o intuir entre los trazos abstractos, constan desde el Palacio de los Pe\u00f1alosa, el embalse del Pont\u00f3n Alto o la ermita de San Frutos, hasta el municipio de Collado Hermoso y las ruinas de su Monasterio de Santa Mar\u00eda de la Sierra. Precisamente \u00e9stas son las musas retratadas en \u2018C\u00edster\u2019; el \u00f3leo de 92\u00d765 cm tasado en 350 euros, que la Diputaci\u00f3n, con el asesoramiento de la acad\u00e9mica y jefa de Secci\u00f3n de Archivo, Biblioteca y Publicaciones de la instituci\u00f3n provincial, Susana Vilches, ha adquirido del artista mejor valorado del Curso reci\u00e9n clausurado.<\/p>\n<p class=\"p1\">Referente en la formaci\u00f3n art\u00edstica y la difusi\u00f3n del paisaje a trav\u00e9s de la pintura, el Curso de Pintores Pensionados, el m\u00e1s antiguo de cuantos perviven en Espa\u00f1a en su modalidad, ha estado este a\u00f1o dirigido por Joaqu\u00edn Mill\u00e1n y ha contado, entre otros, con la participaci\u00f3n de los artistas y acad\u00e9micos Carlos Mu\u00f1oz de Pablos o Gonzalo Borondo. En total han sido 16 los artistas becados procedentes de facultades de Bellas Artes de Universidades de todo el territorio espa\u00f1ol, como la de Valencia, la de La Laguna de Tenerife, la de Granada, la de Vigo, la de Salamanca, la Universidad Rey Juan Carlos de Aranjuez o la Universidad de Barcelona, de entre los cuales, los autores de los cuadros adquiridos por la Diputaci\u00f3n son Gabriel Dupuy, Luc\u00eda Villar, Claudio San Emeterio, Elies Penad\u00e9s y Ane-Mai H\u00f6\u00f6k, adem\u00e1s de los ya mencionados G\u00f3mez L\u00f3pez y Camps M\u00e1\u00f1ez.<\/p>\n","protected":false},"excerpt":{"rendered":"Despu\u00e9s de que a comienzos de la semana pasada la Real Academia de Historia y Arte de San&hellip;\n","protected":false},"author":2,"featured_media":87225,"comment_status":"","ping_status":"","sticky":false,"template":"","format":"standard","meta":{"footnotes":""},"categories":[173],"tags":[229,233,231,230,232,234,146,147,25,24,23],"class_list":{"0":"post-87224","1":"post","2":"type-post","3":"status-publish","4":"format-standard","5":"has-post-thumbnail","7":"category-arte-y-diseno","8":"tag-arte","9":"tag-arte-y-diseno","10":"tag-arts","11":"tag-arts-and-design","12":"tag-design","13":"tag-diseno","14":"tag-entertainment","15":"tag-entretenimiento","16":"tag-es","17":"tag-espana","18":"tag-spain"},"share_on_mastodon":{"url":"","error":""},"_links":{"self":[{"href":"https:\/\/www.europesays.com\/es\/wp-json\/wp\/v2\/posts\/87224","targetHints":{"allow":["GET"]}}],"collection":[{"href":"https:\/\/www.europesays.com\/es\/wp-json\/wp\/v2\/posts"}],"about":[{"href":"https:\/\/www.europesays.com\/es\/wp-json\/wp\/v2\/types\/post"}],"author":[{"embeddable":true,"href":"https:\/\/www.europesays.com\/es\/wp-json\/wp\/v2\/users\/2"}],"replies":[{"embeddable":true,"href":"https:\/\/www.europesays.com\/es\/wp-json\/wp\/v2\/comments?post=87224"}],"version-history":[{"count":0,"href":"https:\/\/www.europesays.com\/es\/wp-json\/wp\/v2\/posts\/87224\/revisions"}],"wp:featuredmedia":[{"embeddable":true,"href":"https:\/\/www.europesays.com\/es\/wp-json\/wp\/v2\/media\/87225"}],"wp:attachment":[{"href":"https:\/\/www.europesays.com\/es\/wp-json\/wp\/v2\/media?parent=87224"}],"wp:term":[{"taxonomy":"category","embeddable":true,"href":"https:\/\/www.europesays.com\/es\/wp-json\/wp\/v2\/categories?post=87224"},{"taxonomy":"post_tag","embeddable":true,"href":"https:\/\/www.europesays.com\/es\/wp-json\/wp\/v2\/tags?post=87224"}],"curies":[{"name":"wp","href":"https:\/\/api.w.org\/{rel}","templated":true}]}}