{"id":87275,"date":"2025-09-02T01:19:09","date_gmt":"2025-09-02T01:19:09","guid":{"rendered":"https:\/\/www.europesays.com\/es\/87275\/"},"modified":"2025-09-02T01:19:09","modified_gmt":"2025-09-02T01:19:09","slug":"telefonica-estudia-dejar-de-cotizar-en-la-bolsa-de-nueva-york-tras-casi-40-anos","status":"publish","type":"post","link":"https:\/\/www.europesays.com\/es\/87275\/","title":{"rendered":"Telef\u00f3nica estudia dejar de cotizar en la Bolsa de Nueva York tras casi 40 a\u00f1os"},"content":{"rendered":"<p class=\"voc-p\" style=\"\"><a href=\"https:\/\/www.abc.es\/noticias\/telefonica\/\" title=\"www.abc.es\" data-voc-vtm-id=\"in-text-traffic\" data-mrf-link=\"www.abc.es\" rel=\"nofollow noopener\" target=\"_blank\">Telef\u00f3nica<\/a> estudia la posibilidad de <strong>abandonar la Bolsa de Nueva York<\/strong> y que sus acciones dejen de cotizar en el parqu\u00e9 estadounidense, un movimiento que responde a la intenci\u00f3n de la compa\u00f1\u00eda de simplificar su negocio, seg\u00fan adelanta el diario &#8216;VozP\u00f3puli&#8217; y han confirmado a Europa Press fuentes del mercado.<\/p>\n<p class=\"voc-p\" style=\"\">La teleco desembarc\u00f3 en la Bolsa de Nueva York <strong>hace casi 40 a\u00f1os<\/strong>, el 12 de junio de 1987, cuando se convirti\u00f3 en la primera empresa espa\u00f1ola en cotizar en Wall Street.<\/p>\n<p class=\"voc-p\" style=\"\">\u00abLa admisi\u00f3n a cotizaci\u00f3n en Wall Street -el mayor mercado burs\u00e1til del mundo- se consider\u00f3 un hecho hist\u00f3rico dentro de Telef\u00f3nica y en Espa\u00f1a. La negociaci\u00f3n de 54 millones de t\u00edtulos de la compa\u00f1\u00eda supuso<strong> la mayor entrada de capital europeo <\/strong>en esta Bolsa hasta la fecha\u00bb, destac\u00f3 la compa\u00f1\u00eda en un comunicado de mediados del a\u00f1o pasado con motivo de su centenario.<\/p>\n<p class=\"voc-p\" style=\"\">En el caso de que finalmente Telef\u00f3nica abandone la Bolsa de Nueva York, la decisi\u00f3n se anunciar\u00eda a trav\u00e9s de<strong> la Comisi\u00f3n Nacional del Mercado de Valores<\/strong> (CNMV) y de la Comisi\u00f3n de Valores y Bolsa de Estados Unidos (SEC, por sus siglas en ingl\u00e9s).<\/p>\n<p class=\"voc-p\" style=\"\">Adem\u00e1s, la decisi\u00f3n se enmarcar\u00eda en<strong> la revisi\u00f3n estrat\u00e9gica <\/strong>que la compa\u00f1\u00eda est\u00e1 realizando de su negocio impulsada por su presidente, Marc Murtra, y que se espera que se d\u00e9 a conocer en el \u00faltimo trimestre de este a\u00f1o.<\/p>\n<p class=\"voc-p\" style=\"\">La salida de la Bolsa de Nueva York presuntamente busca <strong>simplificar el negocio de la compa\u00f1\u00eda<\/strong>, que en los \u00faltimos meses se ha desprendido de sus filiales en Argentina, Per\u00fa, Colombia, Uruguay y Ecuador, una serie de ventas que buscan reducir su exposici\u00f3n en Hispanoam\u00e9rica.<\/p>\n<p>Reportar un error<\/p>\n","protected":false},"excerpt":{"rendered":"Telef\u00f3nica estudia la posibilidad de abandonar la Bolsa de Nueva York y que sus acciones dejen de cotizar&hellip;\n","protected":false},"author":2,"featured_media":87276,"comment_status":"","ping_status":"","sticky":false,"template":"","format":"standard","meta":{"footnotes":""},"categories":[80],"tags":[988,2300,82,32213,17692,95,94,25,24,12188,795,23,1826,575,5867],"class_list":{"0":"post-87275","1":"post","2":"type-post","3":"status-publish","4":"format-standard","5":"has-post-thumbnail","7":"category-economia","8":"tag-anos","9":"tag-bolsa","10":"tag-business","11":"tag-cotizar","12":"tag-dejar","13":"tag-economia","14":"tag-economy","15":"tag-es","16":"tag-espana","17":"tag-estudia","18":"tag-nueva","19":"tag-spain","20":"tag-telefonica","21":"tag-tras","22":"tag-york"},"share_on_mastodon":{"url":"","error":""},"_links":{"self":[{"href":"https:\/\/www.europesays.com\/es\/wp-json\/wp\/v2\/posts\/87275","targetHints":{"allow":["GET"]}}],"collection":[{"href":"https:\/\/www.europesays.com\/es\/wp-json\/wp\/v2\/posts"}],"about":[{"href":"https:\/\/www.europesays.com\/es\/wp-json\/wp\/v2\/types\/post"}],"author":[{"embeddable":true,"href":"https:\/\/www.europesays.com\/es\/wp-json\/wp\/v2\/users\/2"}],"replies":[{"embeddable":true,"href":"https:\/\/www.europesays.com\/es\/wp-json\/wp\/v2\/comments?post=87275"}],"version-history":[{"count":0,"href":"https:\/\/www.europesays.com\/es\/wp-json\/wp\/v2\/posts\/87275\/revisions"}],"wp:featuredmedia":[{"embeddable":true,"href":"https:\/\/www.europesays.com\/es\/wp-json\/wp\/v2\/media\/87276"}],"wp:attachment":[{"href":"https:\/\/www.europesays.com\/es\/wp-json\/wp\/v2\/media?parent=87275"}],"wp:term":[{"taxonomy":"category","embeddable":true,"href":"https:\/\/www.europesays.com\/es\/wp-json\/wp\/v2\/categories?post=87275"},{"taxonomy":"post_tag","embeddable":true,"href":"https:\/\/www.europesays.com\/es\/wp-json\/wp\/v2\/tags?post=87275"}],"curies":[{"name":"wp","href":"https:\/\/api.w.org\/{rel}","templated":true}]}}