{"id":87821,"date":"2025-09-02T07:45:07","date_gmt":"2025-09-02T07:45:07","guid":{"rendered":"https:\/\/www.europesays.com\/es\/87821\/"},"modified":"2025-09-02T07:45:07","modified_gmt":"2025-09-02T07:45:07","slug":"este-actor-que-ya-interpreto-a-james-bond-quiere-volver-a-la-saga-lo-haria-sin-dudarlo","status":"publish","type":"post","link":"https:\/\/www.europesays.com\/es\/87821\/","title":{"rendered":"Este actor que ya interpret\u00f3 a James Bond quiere volver a la saga: \u00abLo har\u00eda sin dudarlo\u00bb"},"content":{"rendered":"<p class=\"c-paragraph\">A la espera de que se anuncie <b>qui\u00e9n sustituir\u00e1 a Daniel Craig<\/b> como el <b>pr\u00f3ximo James Bond, <\/b>son muchos los <a href=\"https:\/\/www.20minutos.es\/cinemania\/noticias\/pacino-anthony-hopkins-10-actores-quedaron-fuera-saga-james-bond_5727200_0.html\" title=\"https:\/\/www.20minutos.es\/cinemania\/noticias\/pacino-anthony-hopkins-10-actores-quedaron-fuera-saga-james-bond_5727200_0.html\" rel=\"nofollow noopener\" target=\"_blank\">actores que suenan<\/a> para dar vida al m\u00edtico 007 en la nueva cinta de la franquicia <b>dirigida por Denis Villeneuve. <\/b>A pesar de las quinielas est\u00e1n al rojo vivo, hay alguien que ya ha interpretado al agente m\u00e1s famoso de la historia (y que rod\u00f3 alguna secuencia en Espa\u00f1a) que <b>estar\u00eda dispuesto a volver: Pierce Brosnan.<\/b><\/p>\n<p class=\"c-paragraph\">El ic\u00f3nico actor, que acaba de estrenar en <b>Netflix la pel\u00edcula El club del crimen de los jueves <\/b>(2025), ha concedido una entrevista a Radio Times en la que reconoce que<b> no rechazar\u00eda un regreso a la saga<\/b> James Bond, aunque, como es l\u00f3gico, no como el agente 007,<a href=\"https:\/\/www.20minutos.es\/cinemania\/noticias\/pierce-brosnan-admite-james-bond-personaje-profundo-sexismo-5697840\/\" rel=\"nofollow noopener\" target=\"_blank\"> a quien encarn\u00f3<\/a> en <b>cuatro entregas:<\/b> GoldenEye (1995), El ma\u00f1ana nunca muere (1997), El mundo nunca es suficiente (1999) y Muere otro d\u00eda (2002).<\/p>\n<p>Pierce Brosnan tiene ganas de volver a la saga 007<\/p>\n<p class=\"c-paragraph\">Al ser preguntado sobre si volver\u00eda a enfundarse el traje del <b>esp\u00eda del MI6, <\/b>Pierce Brosnan ha confesado que est\u00e1 muy al tanto de los <b>rumores que circulan sobre la futura 26\u00aa entrega<\/b> de la saga: \u00abMi mujer y yo hemos estado escuchando las expectativas sobre qui\u00e9n ser\u00e1 el pr\u00f3ximo James Bond\u00bb, reconoce el actor de <a href=\"https:\/\/www.20minutos.es\/cinemania\/series\/tierra-mafiosos-final-explicado-tom-hardy-pierce-brosnan-guerra-abierta-londres_6234114_0.html\" rel=\"nofollow noopener\" target=\"_blank\">Tierra de mafiosos,<\/a> quien tambi\u00e9n afirma que hay <b>\u00abmuchos grandes candidatos\u00bb.<\/b><\/p>\n<p class=\"c-paragraph\">Eso s\u00ed, el protagonista de <a href=\"https:\/\/www.20minutos.es\/cinemania\/noticias\/te-gusto-asesinatos-edificio-te-pierdas-divertida-comedia-crimenes-director-harry-potter_6232342_0.html\" rel=\"nofollow noopener\" target=\"_blank\">El club del crimen de los jueves<\/a> asegura que <b>\u00abnadie quiere ver a un arrugado James Bond de 72 a\u00f1os\u00bb,<\/b> descartando por completo su vuelta como 007, aunque admite que si Denis Villeneuve tiene<b> \u00abalgo en la manga, lo har\u00eda sin dudarlo\u00bb. <\/b>De esta manera, el propio Pierce Brosnan deja la <b>puerta abierta a un posible regreso<\/b> a la saga, ya que es \u00abun entretenimiento genial\u00bb y podr\u00eda \u00abser muy gracioso\u00bb.<\/p>\n<p class=\"c-paragraph\">Pierce Brosnan fue el gran <b>James Bond de la d\u00e9cada de los 90,<\/b> y ayud\u00f3 a que la saga se revitalizase seis a\u00f1os despu\u00e9s de que Timothy Dalton interpretarse al esp\u00eda en Licencia para matar (1989). Desde luego, el irland\u00e9s es uno de <b>protagonistas m\u00e1s emblem\u00e1ticos<\/b> de toda la franquicia, y a pesar de que lleva sin aparecer en ella m\u00e1s de dos d\u00e9cadas, no rechaza volver.<\/p>\n<p class=\"c-paragraph\">Hasta el momento, no se ha confirmado al actor que suceder\u00e1 en el ic\u00f3nico papel a Pierce Brosnan y Daniel Craig, y la <b>lista de candidatos<\/b> no hace m\u00e1s que crecer. Todav\u00eda habr\u00e1 que esperar para conocer <a href=\"https:\/\/www.20minutos.es\/cinemania\/noticias\/james-bond-pelirrojo-scott-rose-marsh_6236410_0.html\" rel=\"nofollow noopener\" target=\"_blank\">el rostro del nuevo agente 007,<\/a> mientras <b>se cumplen ya cuatro a\u00f1os<\/b> desde que vimos a James Bond por \u00faltima vez en Sin tiempo para morir (2021).<\/p>\n","protected":false},"excerpt":{"rendered":"A la espera de que se anuncie qui\u00e9n sustituir\u00e1 a Daniel Craig como el pr\u00f3ximo James Bond, son&hellip;\n","protected":false},"author":2,"featured_media":87822,"comment_status":"","ping_status":"","sticky":false,"template":"","format":"standard","meta":{"footnotes":""},"categories":[169],"tags":[25006,177,15418,15420,146,147,25,24,176,15415,175,15548,267,11498,23],"class_list":{"0":"post-87821","1":"post","2":"type-post","3":"status-publish","4":"format-standard","5":"has-post-thumbnail","7":"category-cine","8":"tag-25006","9":"tag-cine","10":"tag-daniel-craig","11":"tag-denis-villeneuve","12":"tag-entertainment","13":"tag-entretenimiento","14":"tag-es","15":"tag-espana","16":"tag-film","17":"tag-james-bond","18":"tag-movies","19":"tag-pierce-brosnan","20":"tag-planseo","21":"tag-saga","22":"tag-spain"},"share_on_mastodon":{"url":"","error":""},"_links":{"self":[{"href":"https:\/\/www.europesays.com\/es\/wp-json\/wp\/v2\/posts\/87821","targetHints":{"allow":["GET"]}}],"collection":[{"href":"https:\/\/www.europesays.com\/es\/wp-json\/wp\/v2\/posts"}],"about":[{"href":"https:\/\/www.europesays.com\/es\/wp-json\/wp\/v2\/types\/post"}],"author":[{"embeddable":true,"href":"https:\/\/www.europesays.com\/es\/wp-json\/wp\/v2\/users\/2"}],"replies":[{"embeddable":true,"href":"https:\/\/www.europesays.com\/es\/wp-json\/wp\/v2\/comments?post=87821"}],"version-history":[{"count":0,"href":"https:\/\/www.europesays.com\/es\/wp-json\/wp\/v2\/posts\/87821\/revisions"}],"wp:featuredmedia":[{"embeddable":true,"href":"https:\/\/www.europesays.com\/es\/wp-json\/wp\/v2\/media\/87822"}],"wp:attachment":[{"href":"https:\/\/www.europesays.com\/es\/wp-json\/wp\/v2\/media?parent=87821"}],"wp:term":[{"taxonomy":"category","embeddable":true,"href":"https:\/\/www.europesays.com\/es\/wp-json\/wp\/v2\/categories?post=87821"},{"taxonomy":"post_tag","embeddable":true,"href":"https:\/\/www.europesays.com\/es\/wp-json\/wp\/v2\/tags?post=87821"}],"curies":[{"name":"wp","href":"https:\/\/api.w.org\/{rel}","templated":true}]}}