{"id":87957,"date":"2025-09-02T09:16:14","date_gmt":"2025-09-02T09:16:14","guid":{"rendered":"https:\/\/www.europesays.com\/es\/87957\/"},"modified":"2025-09-02T09:16:14","modified_gmt":"2025-09-02T09:16:14","slug":"fifth-harmony-vuelve-a-reunirse-siete-anos-despues-durante-el-concierto-de-jonas-brothers","status":"publish","type":"post","link":"https:\/\/www.europesays.com\/es\/87957\/","title":{"rendered":"Fifth Harmony vuelve a reunirse siete a\u00f1os despu\u00e9s durante el concierto de Jonas Brothers"},"content":{"rendered":"<p>Los <a title=\"Jonas Brothers\" href=\"https:\/\/www.europafm.com\/temas\/jonas_brothers-1\" target=\"_blank\" rel=\"nofollow noopener\"><b>Jonas Brothers<\/b><\/a> ten\u00edan una sorpresa preparada para sus fans de Dallas. Nick, Joe y Jonas sorprendieron este domingo a sus seguidores al invitar a subirse al escenario a <a title=\"Fifth Harmony\" href=\"https:\/\/www.europafm.com\/temas\/fifth_harmony-1\" target=\"_blank\" rel=\"nofollow noopener\"><b>Fifth Harmony<\/b><\/a>.<\/p>\n<p><b>Normani<\/b>, <b>Ally Brooke<\/b>, <b>Dinah Jane<\/b> y <b>Lauren Jauregui<\/b> se reunieron sobre el escenario <b>siete a\u00f1os despu\u00e9s del descanso indefinido<\/b> que se tomaron en 2018, y lo hicieron para canta <b>Work From Home,<\/b> del disco 7\/27 (2016). \u00a1Menudo bombazo!<\/p>\n<p>No fue esta la \u00fanica sorpresa porque las cuatro <b>decidieron aprovechar este reencuentro para reactivar sus redes sociales<\/b> y compartir as\u00ed los v\u00eddeos de su actuaci\u00f3n. \u00ab\u00bfD\u00f3nde estabas t\u00fa el domingo 31 de agosto de 2025? Gracias, Jonas Brothers, por invitarnos. Fue incre\u00edble\u00bb, apuntaron.<\/p>\n<p>Fifth Harmony, sin Camila Cabello<\/p>\n<p>Quien no se apunt\u00f3 al reencuentro fue <a title=\"Camila Cabello\" href=\"https:\/\/www.europafm.com\/temas\/camila_cabello-1\" target=\"_blank\" rel=\"nofollow noopener\"><b>Camila Cabello<\/b><\/a> , que <b>dej\u00f3 el grupo en 2016<\/b> y que no podr\u00eda haber estado en la cita porque el d\u00eda anterior, el s\u00e1bado 30 de agosto, tuvo una cita en Sidney, Australia.<\/p>\n<p>La cantante fue la primera en dejar la banda con el objetivo de desarrollar su carrera en solitario. \u201cEmpec\u00e9 a distanciarme de la visi\u00f3n del grupo, y sent\u00eda que, ya sabes, <b>todav\u00eda estaban realmente apasionadas y metidas en eso, y as\u00ed que simplemente pens\u00e9, \u2018Ya no estoy feliz aqu\u00ed, ya no me siento alineada <\/b>(\u2026)\u00bb, apunt\u00f3 en una entrevista con Alex Cooper en 2024.<\/p>\n<p>Dos a\u00f1os despu\u00e9s de su marcha, sus compa\u00f1eras decidieron ponerse en stand by para que sus integrantes pudiesen seguir los pasos de Camila Cabello y desarrollar sus carreras en solitario.<\/p>\n<p>\u00abLuego de seis a\u00f1os de ir con fuerza y sin parar, <b>nos hemos dado cuenta que, para mantenernos aut\u00e9nticas a nosotras mismas y ustedes, tenemos que tomarnos un tiempo <\/b>fuera de Fifth Harmony para perseguir esfuerzos en solitario\u00bb, se\u00f1alaron en marzo de ese a\u00f1o en un extenso comunicado compartido en sus redes.<\/p>\n","protected":false},"excerpt":{"rendered":"Los Jonas Brothers ten\u00edan una sorpresa preparada para sus fans de Dallas. Nick, Joe y Jonas sorprendieron este&hellip;\n","protected":false},"author":2,"featured_media":87958,"comment_status":"","ping_status":"","sticky":false,"template":"","format":"standard","meta":{"footnotes":""},"categories":[170],"tags":[146,147,25,24,184,185,23],"class_list":{"0":"post-87957","1":"post","2":"type-post","3":"status-publish","4":"format-standard","5":"has-post-thumbnail","7":"category-musica","8":"tag-entertainment","9":"tag-entretenimiento","10":"tag-es","11":"tag-espana","12":"tag-music","13":"tag-musica","14":"tag-spain"},"share_on_mastodon":{"url":"","error":""},"_links":{"self":[{"href":"https:\/\/www.europesays.com\/es\/wp-json\/wp\/v2\/posts\/87957","targetHints":{"allow":["GET"]}}],"collection":[{"href":"https:\/\/www.europesays.com\/es\/wp-json\/wp\/v2\/posts"}],"about":[{"href":"https:\/\/www.europesays.com\/es\/wp-json\/wp\/v2\/types\/post"}],"author":[{"embeddable":true,"href":"https:\/\/www.europesays.com\/es\/wp-json\/wp\/v2\/users\/2"}],"replies":[{"embeddable":true,"href":"https:\/\/www.europesays.com\/es\/wp-json\/wp\/v2\/comments?post=87957"}],"version-history":[{"count":0,"href":"https:\/\/www.europesays.com\/es\/wp-json\/wp\/v2\/posts\/87957\/revisions"}],"wp:featuredmedia":[{"embeddable":true,"href":"https:\/\/www.europesays.com\/es\/wp-json\/wp\/v2\/media\/87958"}],"wp:attachment":[{"href":"https:\/\/www.europesays.com\/es\/wp-json\/wp\/v2\/media?parent=87957"}],"wp:term":[{"taxonomy":"category","embeddable":true,"href":"https:\/\/www.europesays.com\/es\/wp-json\/wp\/v2\/categories?post=87957"},{"taxonomy":"post_tag","embeddable":true,"href":"https:\/\/www.europesays.com\/es\/wp-json\/wp\/v2\/tags?post=87957"}],"curies":[{"name":"wp","href":"https:\/\/api.w.org\/{rel}","templated":true}]}}