{"id":87961,"date":"2025-09-02T09:18:07","date_gmt":"2025-09-02T09:18:07","guid":{"rendered":"https:\/\/www.europesays.com\/es\/87961\/"},"modified":"2025-09-02T09:18:07","modified_gmt":"2025-09-02T09:18:07","slug":"vuelta-a-espana-2025-hoy-etapa-10-horario-recorrido-perfil-y-donde-ver-por-tv-el-mundo","status":"publish","type":"post","link":"https:\/\/www.europesays.com\/es\/87961\/","title":{"rendered":"Vuelta a Espa\u00f1a 2025 hoy, etapa 10: horario, recorrido, perfil y d\u00f3nde ver por TV &#8211; El Mundo"},"content":{"rendered":"<ol>\n<li><a href=\"https:\/\/news.google.com\/rss\/articles\/CBMid0FVX3lxTE5KRzhKV0t3UlVyQUpnSUtzZGlZYTMtd3FleURIT3ZjeUZmZHVtUUNSYW4tamdDRXh2cV9BMXVVVVZPR184d3lleEtwekFTb3BnRUJZUDc3b25xSjVVRnhvQVVqMURJTXRzM3dVQVdERG9KVkZwdWRZ0gF3QVVfeXFMTm1UOW85bGtnMVNwSjRmQnF6Tlg1aG9MNGZLUnlTWmtoZkxLYThrdll4ZVhGRE5sVTVrWTBOc3FtYkV0REVWVFpWTjlUVE44dmlQRjBYcDRGS0Rfc3BmREp6OGoycE9XRmg0Z3VIdkwtV241LWMycTQ?oc=5\" target=\"_blank\" rel=\"nofollow noopener\">Vuelta a Espa\u00f1a 2025 hoy, etapa 10: horario, recorrido, perfil y d\u00f3nde ver por TV<\/a>&nbsp;&nbsp;El Mundo<\/li>\n<li><a href=\"https:\/\/news.google.com\/rss\/articles\/CBMimAFBVV95cUxNYWMxbkhlS01uUUtOamkxb2hvM1pNMExkbTRaWm9EYm1EODFJOW9odjJKVVJLanVEYjZjTU1JZlZaaTR4RlVkU3REWTlCbE92cUxieHZJSC1YZjNlang3WWFCNUx1SDVEWks2NkI1TFRIYklocjYwYjJMNDB0T1oyenl4ZUFKSzNIdlZEWHhxREc1UkEtUFkyS9IBrAFBVV95cUxQYlgtYjYxa20yUnZDOEZIeHRDNmRKUnRDaFdNd0pMYlUwWnhWUHpvZHJaZ1RLOHIxQ1FyeHQ2N1B5UXFPcTZ1Yl9SaTBHcTVkblFHM3NTMHJuX0x4OWJjUzUzLUNqT0VBMTV2NWJRWHhsT1lTd0o5TlZYTlNUTy13MXlTUVhHVVVMX2UwanNrYzVuczJGeXNmeTJhcEppUmtZUFFWS3YyT1pYazd3?oc=5\" target=\"_blank\" rel=\"nofollow noopener\">Vuelta a Espa\u00f1a 2025 hoy, etapa 10: perfil y recorrido<\/a>&nbsp;&nbsp;Diario AS<\/li>\n<li><a href=\"https:\/\/news.google.com\/rss\/articles\/CBMioAFBVV95cUxOUnVoUFdzbkwxT0hPWlVmRWtqZ090N3FrZEM0RXVWWE9tWmZ3U212UG9fZ3NxRFhaM3dzcGtuX2oxcWR5WU15ZEdiek9zcHllMU82SUs5QTV0SDBzQ2dMYnN5VEFEUWE3cElJUXFSX0c3Nnh3Q0xKMy1sMEZKSEFGRU1DcjBPMUZMQVJpRGdnN3hUYlFsMDB0bC1wTERSd3lv0gGmAUFVX3lxTFBZNGRFRmU3VTFkSTRuenVIQXp4X05JOXhBbDJ4Q0FFcmF0eDBlOU9xeVZxVGw5UENpT0ljUnBoVTB1aDFTM1djRXJUQWxsRThHbVpBV1FST1pPQlJ6aVNjQ3Fhb3pFbjBVbXQtSkZyaU5oUGR6YnZqVTY4MzBQS0YyRkp5Wl93dXY2YUZEcUR3MFVCd3RlLUluNmZJaHNFdnNmbnE1QVE?oc=5\" target=\"_blank\" rel=\"nofollow noopener\">Navarra vive este martes su etapa de la Vuelta entre Sendaviva y Larra &#8211; Belagua<\/a>&nbsp;&nbsp;Noticias de Navarra<\/li>\n<li><a href=\"https:\/\/news.google.com\/rss\/articles\/CBMizAFBVV95cUxOQjJnME94bmdPdzh6Z3l3c0VVRXo4bUZZT2JBd2RyTGZISkdKbjZwNXE0ZGtLUXQ3VTFqRE9jSFBzQ1c4cnp6UGNlMWgwbXRUcENTLTVoZi02bjdIeWFvb3daQnRVUndmSUE1MUE2YmxGVmVvUkQwX3FheExncG15T1hQZVdQMUc1QktRSE1ob3lMX2tFMWlnOTJISFkwRHhMczkzRWdfOVNqNTRmemNDajBtUGJ6dV9YdEs0bEN0UW14QmViM2Z5bnRYcmI?oc=5\" target=\"_blank\" rel=\"nofollow noopener\">Estos son los cortes de tr\u00e1fico en Navarra por la Vuelta a Espa\u00f1a: sigue aqu\u00ed la etapa en directo<\/a>&nbsp;&nbsp;diariodenavarra.es<\/li>\n<li><a href=\"https:\/\/news.google.com\/rss\/articles\/CBMi0wFBVV95cUxPWkZyUHFUNVpGUV8wOGxtVnV0S2FEbXlJcnkxRDFCSEtSVW5QTFByUlRaanVNZnRraFY1QWhoQjUydGp5Rm1tN0twTG5OZ1NNbDA2cVUxSVBrekhiandBaGdDMW9pYWJRUmpVamhPa1Z4bXd0TndJSzl3Y2wxWEpRR3JIeUVIZVMtRll3U2RjcDVxMU5oTENlYU5ISjQzek9iN2NqZWhINW4wT1NNaE9pLUx5aE9iVkREaWtrdHRqX1lkbzU4OVEzT2FfdG9va0JIR3Nr0gHYAUFVX3lxTE9ySmRuUGg3SVk5SGdNcEFweUt6TVJJbGpQUEt4YzBhNmN0dmd4VXQxTFkzNmc2WjBOaFZYTlBVTnhraXB0cjcxVDdyeTJyUWcySkNSQmF4WWNzTnpIeGpmOTd1ZDdHZ0UtM0x3U0pkUFdFU0J3UGYzX0FFdWJ2dG1YWVQ2dXJINU1nTE9Zc0FtdEhuVkpKenZmT0NTMk9RR0R0NjVVVndMREJqcm5IZHBESV9xanhIVU8yZ0NmbDRpaUQ4SllaVTB3WnIzbWVvNTNXNnFtaHFpcw?oc=5\" target=\"_blank\" rel=\"nofollow noopener\">La Vuelta a Espa\u00f1a 2025: horarios, cortes de tr\u00e1fico y de acceso a la estaci\u00f3n navarra de Larra-Belagua<\/a>&nbsp;&nbsp;El Confidencial<\/li>\n<\/ol>\n","protected":false},"excerpt":{"rendered":"Vuelta a Espa\u00f1a 2025 hoy, etapa 10: horario, recorrido, perfil y d\u00f3nde ver por TV&nbsp;&nbsp;El Mundo Vuelta a&hellip;\n","protected":false},"author":2,"featured_media":87962,"comment_status":"","ping_status":"","sticky":false,"template":"","format":"standard","meta":{"footnotes":""},"categories":[93],"tags":[313,2170,729,168,25,24,23,167,5411],"class_list":{"0":"post-87961","1":"post","2":"type-post","3":"status-publish","4":"format-standard","5":"has-post-thumbnail","7":"category-deportes","8":"tag-ciclismo","9":"tag-como","10":"tag-dda","11":"tag-deportes","12":"tag-es","13":"tag-espana","14":"tag-spain","15":"tag-sports","16":"tag-vuelta-a-espana"},"share_on_mastodon":{"url":"","error":""},"_links":{"self":[{"href":"https:\/\/www.europesays.com\/es\/wp-json\/wp\/v2\/posts\/87961","targetHints":{"allow":["GET"]}}],"collection":[{"href":"https:\/\/www.europesays.com\/es\/wp-json\/wp\/v2\/posts"}],"about":[{"href":"https:\/\/www.europesays.com\/es\/wp-json\/wp\/v2\/types\/post"}],"author":[{"embeddable":true,"href":"https:\/\/www.europesays.com\/es\/wp-json\/wp\/v2\/users\/2"}],"replies":[{"embeddable":true,"href":"https:\/\/www.europesays.com\/es\/wp-json\/wp\/v2\/comments?post=87961"}],"version-history":[{"count":0,"href":"https:\/\/www.europesays.com\/es\/wp-json\/wp\/v2\/posts\/87961\/revisions"}],"wp:featuredmedia":[{"embeddable":true,"href":"https:\/\/www.europesays.com\/es\/wp-json\/wp\/v2\/media\/87962"}],"wp:attachment":[{"href":"https:\/\/www.europesays.com\/es\/wp-json\/wp\/v2\/media?parent=87961"}],"wp:term":[{"taxonomy":"category","embeddable":true,"href":"https:\/\/www.europesays.com\/es\/wp-json\/wp\/v2\/categories?post=87961"},{"taxonomy":"post_tag","embeddable":true,"href":"https:\/\/www.europesays.com\/es\/wp-json\/wp\/v2\/tags?post=87961"}],"curies":[{"name":"wp","href":"https:\/\/api.w.org\/{rel}","templated":true}]}}