{"id":88032,"date":"2025-09-02T10:02:08","date_gmt":"2025-09-02T10:02:08","guid":{"rendered":"https:\/\/www.europesays.com\/es\/88032\/"},"modified":"2025-09-02T10:02:08","modified_gmt":"2025-09-02T10:02:08","slug":"apoyo-desde-los-premios-canarios-de-la-musica-a-la-global-sumud-flotilla","status":"publish","type":"post","link":"https:\/\/www.europesays.com\/es\/88032\/","title":{"rendered":"Apoyo desde los Premios Canarios de la M\u00fasica a la Global Sumud Flotilla"},"content":{"rendered":"<p><a class=\"v-mdl-ath__fig-a\" href=\"https:\/\/www.canarias7.es\/autor\/canarias7-6545.html\" title=\"CANARIAS7\" rel=\"nofollow noopener\" target=\"_blank\"><br \/>\n<img decoding=\"async\" class=\"v-mdl-ath__img\" src=\"https:\/\/www.europesays.com\/es\/wp-content\/uploads\/2025\/08\/1754689268_701_autor-6545-foto-1.png\" alt=\"CANARIAS7\"\/><br \/>\n<\/a><\/p>\n<p class=\"v-mdl-ath__p v-mdl-ath__p--6\">\nLunes, 1 de septiembre 2025, 22:27<\/p>\n<p class=\"v-p\"><strong>La Asociaci\u00f3n Premios Canarios de la M\u00fasica<\/strong> muestra su apoyo y su solidaridad con el pueblo palestino y con la Global Sumud Flotilla, tambi\u00e9n conocida como la Flotilla de la Libertad, que parti\u00f3 desde Barcelona con direcci\u00f3n hacia Gaza, con la finalidad de establecer un corredor humanitario que permita distribuir por mar ayuda humanitaria entre la poblaci\u00f3n civil de la franja, en donde han muerto m\u00e1s de 63.000 personas, muchas de ellas menores.<\/p>\n<p class=\"v-p\">A trav\u00e9s de un comunicado que ha sido refrendado<strong> por unanimidad por m\u00e1s de 75 asociados<\/strong>, la mencionada entidad que re\u00fane a un gran n\u00famero de los profesionales del sector musical en Canarias, avanza que \u00abla poblaci\u00f3n civil sufre un bloqueo inaceptable que impide la entrada de alimentos, medicinas y ayuda humanitaria a la Franja de Gaza, generando una crisis de hambruna y vulnerando los derechos elementales de cientos de miles de personas\u00bb.<\/p>\n<p class=\"v-p\">De esta manera, la Asociaci\u00f3n Premios Canarios de la M\u00fasica y el sector musical de las islas se suma al impulso solidario global que ha generado la iniciativa de la Global Sumud Flotilla, as\u00ed como al sentir que vienen manifestando multitud de representantes del mundo de la cultura y la sociedad civil espa\u00f1ola a favor de que cese de inmediato el genocidio que est\u00e1 produci\u00e9ndose contra el pueblo palestino.<\/p>\n<p class=\"v-p\">La Asociaci\u00f3n Premios Canarios de la M\u00fasica, que<strong> el pr\u00f3ximo 3 de diciembre celebra su gala<\/strong> de entrega de los premios en el Teatro Leal de La Laguna, asegura en su comunicado que \u00abdesde el modesto escaparate que la m\u00fasica y la industria musical nos proporciona, el sector debe lanzar un grito que manifieste nuestro apoyo y solidaridad con el pueblo palestino y con la misi\u00f3n internacional solidaria Global Sumud Flotilla con el objetivo de romper el bloqueo y hacer llegar ayuda humanitaria a la poblaci\u00f3n civil palestina. Asimismo, apelamos a las autoridades europeas que tomen todas las medidas necesarias para forzar el final de este genocidio\u00bb. <\/p>\n<p>Comenta<\/p>\n<p>Reporta un error<\/p>\n","protected":false},"excerpt":{"rendered":"Lunes, 1 de septiembre 2025, 22:27 La Asociaci\u00f3n Premios Canarios de la M\u00fasica muestra su apoyo y su&hellip;\n","protected":false},"author":2,"featured_media":88033,"comment_status":"","ping_status":"","sticky":false,"template":"","format":"standard","meta":{"footnotes":""},"categories":[170],"tags":[6635,29067,146,147,25,24,9144,4975,184,185,532,23,32388],"class_list":{"0":"post-88032","1":"post","2":"type-post","3":"status-publish","4":"format-standard","5":"has-post-thumbnail","7":"category-musica","8":"tag-apoyo","9":"tag-canarios","10":"tag-entertainment","11":"tag-entretenimiento","12":"tag-es","13":"tag-espana","14":"tag-flotilla","15":"tag-global","16":"tag-music","17":"tag-musica","18":"tag-premios","19":"tag-spain","20":"tag-sumud"},"share_on_mastodon":{"url":"","error":""},"_links":{"self":[{"href":"https:\/\/www.europesays.com\/es\/wp-json\/wp\/v2\/posts\/88032","targetHints":{"allow":["GET"]}}],"collection":[{"href":"https:\/\/www.europesays.com\/es\/wp-json\/wp\/v2\/posts"}],"about":[{"href":"https:\/\/www.europesays.com\/es\/wp-json\/wp\/v2\/types\/post"}],"author":[{"embeddable":true,"href":"https:\/\/www.europesays.com\/es\/wp-json\/wp\/v2\/users\/2"}],"replies":[{"embeddable":true,"href":"https:\/\/www.europesays.com\/es\/wp-json\/wp\/v2\/comments?post=88032"}],"version-history":[{"count":0,"href":"https:\/\/www.europesays.com\/es\/wp-json\/wp\/v2\/posts\/88032\/revisions"}],"wp:featuredmedia":[{"embeddable":true,"href":"https:\/\/www.europesays.com\/es\/wp-json\/wp\/v2\/media\/88033"}],"wp:attachment":[{"href":"https:\/\/www.europesays.com\/es\/wp-json\/wp\/v2\/media?parent=88032"}],"wp:term":[{"taxonomy":"category","embeddable":true,"href":"https:\/\/www.europesays.com\/es\/wp-json\/wp\/v2\/categories?post=88032"},{"taxonomy":"post_tag","embeddable":true,"href":"https:\/\/www.europesays.com\/es\/wp-json\/wp\/v2\/tags?post=88032"}],"curies":[{"name":"wp","href":"https:\/\/api.w.org\/{rel}","templated":true}]}}