{"id":88070,"date":"2025-09-02T10:21:11","date_gmt":"2025-09-02T10:21:11","guid":{"rendered":"https:\/\/www.europesays.com\/es\/88070\/"},"modified":"2025-09-02T10:21:11","modified_gmt":"2025-09-02T10:21:11","slug":"el-mayor-de-los-7-hijos-de-tatiana-de-liechtenstein-se-compromete-con-una-prima-lejana","status":"publish","type":"post","link":"https:\/\/www.europesays.com\/es\/88070\/","title":{"rendered":"El mayor de los 7 hijos de Tatiana de Liechtenstein se compromete con una prima lejana"},"content":{"rendered":"<p id=\"e3Ygubjddc\" data-wc=\"103\">La discreta princesa Tatiana de Liechtenstein, a la que en la d\u00e9cada de los a\u00f1os 90 se vio como perfecta candidata a novia del entonces pr\u00edncipe Felipe, acapar\u00f3 buena parte de los focos en la boda de su sobrina, la princesa Mar\u00eda Carolina, hija de los pr\u00edncipes herederos de este peque\u00f1o principado europeo.<a class=\"hm-link\" href=\"https:\/\/www.hola.com\/realeza\/20250830853021\/asi-es-la-vida-ahora-de-tatiana-de-liechtenstein-casada-y-madre-de-7-hijos\/\" data-mrf-recirculation=\"article-body-link\" rel=\"nofollow noopener\" target=\"_blank\">\u00a0Tatiana acudi\u00f3 con su marido y cinco de sus siete hijos con los que pos\u00f3 a las puertas de la Catedral de Vaduz.<\/a> S<strong>u primog\u00e9nito pas\u00f3 mucho m\u00e1s inadvertido y acudi\u00f3 al gran enlace real de la temporada con su prometida<\/strong>, en la que es su primera aparici\u00f3n p\u00fablica juntos.\u00a0<\/p>\n<p> <img src=\"https:\/\/www.europesays.com\/es\/wp-content\/uploads\/2025\/09\/584d74cec0c9-dlu589932321.jpg\"   width=\"1080\" height=\"1800\" loading=\"lazy\" decoding=\"async\" alt=\"De rosa, la condesa Marie Magdalena von Wilczek, prometida de Lukas von Lattorff, hijo mayor de la princesa Tatiana de Liechtenstein \" fetchpriority=\"auto\" class=\"image ho-image\"\/>\u00a9 GTRESDe rosa, la condesa Marie Magdalena von Wilczek, prometida de Lukas von Lattorff, hijo mayor de la princesa Tatiana de Liechtenstein <\/p>\n<p id=\"evnFB9YEx2J\" data-wc=\"61\"><strong>Lukas, de 25 a\u00f1os, el hijo mayor de los siete hijos que tienen la princesa Tatiana y de su marido, el bar\u00f3n Philipp von Lattorf<\/strong>, acudi\u00f3 al<a class=\"hm-link\" href=\"https:\/\/www.hola.com\/realeza\/20250830852987\/la-princesa-maria-carolina-de-liechtenstein-se-casa-en-la-primera-gran-boda-real-de-la-temporada\/\" data-mrf-recirculation=\"article-body-link\" rel=\"nofollow noopener\" target=\"_blank\">\u00a0enlace de la princesa Mar\u00eda Carolina con su prometida y prima lejana, la condesa Marie Magdalena von Wilczek,\u00a0<\/a>en la que fue su primera aparici\u00f3n p\u00fablica juntos desde que se conoci\u00f3 su compromiso matrimonial.\u00a0<\/p>\n<p> <img src=\"https:\/\/www.europesays.com\/es\/wp-content\/uploads\/2025\/09\/ed5b99e45986-dlu589932154.jpg\"   width=\"1080\" height=\"1800\" loading=\"lazy\" decoding=\"async\" alt=\"De rosa, la condesa Marie Magdalena von Wilczek, prometida de Lukas von Lattorff, hijo mayor de la princesa Tatiana de Liechtenstein \" fetchpriority=\"auto\" class=\"image ho-image\"\/>\u00a9 GTRESDe rosa, la condesa Marie Magdalena von Wilczek, prometida de Lukas von Lattorff, hijo mayor de la princesa Tatiana de Liechtenstein <\/p>\n<p> <img src=\"https:\/\/www.europesays.com\/es\/wp-content\/uploads\/2025\/09\/871fecfcbac8-dlu589932156.jpg\"   width=\"1080\" height=\"1800\" loading=\"lazy\" decoding=\"async\" alt=\"De rosa, la condesa Marie Magdalena von Wilczek, prometida de Lukas von Lattorff, hijo mayor de la princesa Tatiana de Liechtenstein \" fetchpriority=\"auto\" class=\"image ho-image\"\/>\u00a9 GTRES<\/p>\n<p id=\"efTyYUoOuyN\" data-wc=\"84\">Marie Magdalena es la hija menor del conde Hans-Christian von Wilczek, descendiente de la Silesia austr\u00edaca, y de la condesa Katharina von Hartifg. Por v\u00eda materna est\u00e1 emparentada con la princesa Felicitas, esposa del pr\u00edncipe Johann-Wenzel de Liechtenstein. No son los \u00fanicos lazos de sangre que unen a la pareja. Son primos en cuarto grado, ya que la bisabuela de Lukas, la princesa Georgina, <strong>nacida condesa Wilczek y princesa consorte de Liechtenstein,\u00a0<\/strong>era la madre del actual soberano del Principado, el pr\u00edncipe Hans-Adam II.<\/p>\n<p> <img src=\"https:\/\/www.europesays.com\/es\/wp-content\/uploads\/2025\/09\/fff8c69623c2-gettyimages-2232833413.jpg\"   width=\"1024\" height=\"683\" loading=\"lazy\" decoding=\"async\" alt=\"Tatiana de Liechtenstein con su marido y cinco de sus siete hijos, en la boda Maria Carolina de Liechtenstein y Leopoldo Maduro Vollmer en la catedral de Vaduz, Liechtenstein, el 30 de agosto de 2025\" fetchpriority=\"auto\" class=\"image ho-image\"\/>\u00a9 Getty ImagesTatiana de Liechtenstein con su marido y cinco de sus siete hijos, en la boda Maria Carolina de Liechtenstein y Leopoldo Maduro Vollmer en la catedral de Vaduz, Liechtenstein, el 30 de agosto de 2025<\/p>\n<p> <img src=\"https:\/\/www.europesays.com\/es\/wp-content\/uploads\/2025\/09\/86a2b33674cc-u589932183.jpg\"   width=\"1024\" height=\"630\" loading=\"lazy\" decoding=\"async\" alt=\"Tatiana de Liechtenstein con su marido y cinco de sus siete hijos, en la boda Maria Carolina de Liechtenstein y Leopoldo Maduro Vollmer en la catedral de Vaduz, Liechtenstein, el 30 de agosto de 2025\" fetchpriority=\"auto\" class=\"image ho-image\"\/>\u00a9 GTRES<\/p>\n<p id=\"eaB3nhixgfS\" data-wc=\"108\">La futura nuera de Tatiana de Liechtenstein tambi\u00e9n desciende de la princesa Ida, hija del pr\u00edncipe Juan I de Liechtenstein, quien luch\u00f3 en la batalla de Austerlitz en las filas del Ej\u00e9rcito austr\u00edaco. Adem\u00e1s, la reci\u00e9n casada princesa Mar\u00eda Carolina fue una de las damas de honor en la boda de Johann von Wilczek, hermano mayor de Marie Magdalena, en su boda con Anna-Livia Guggenberg von Riedhofen, algo que indicar\u00eda que est\u00e1 de lo m\u00e1s integrada en la Familia Principesca. La pareja vive actualmente en Viena, donde<strong>\u00a0Lukas trabaja como analista financiero tras graduarse en Esade y hacer pr\u00e1cticas en KPMG en Viena y en Acciona, en Madrid.\u00a0<\/strong><\/p>\n","protected":false},"excerpt":{"rendered":"La discreta princesa Tatiana de Liechtenstein, a la que en la d\u00e9cada de los a\u00f1os 90 se vio&hellip;\n","protected":false},"author":2,"featured_media":88071,"comment_status":"","ping_status":"","sticky":false,"template":"","format":"standard","meta":{"footnotes":""},"categories":[174],"tags":[30877,255,146,147,25,24,256,1027,23],"class_list":{"0":"post-88070","1":"post","2":"type-post","3":"status-publish","4":"format-standard","5":"has-post-thumbnail","7":"category-famosos","8":"tag-bodas-reales","9":"tag-celebrities","10":"tag-entertainment","11":"tag-entretenimiento","12":"tag-es","13":"tag-espana","14":"tag-famosos","15":"tag-realeza","16":"tag-spain"},"share_on_mastodon":{"url":"","error":""},"_links":{"self":[{"href":"https:\/\/www.europesays.com\/es\/wp-json\/wp\/v2\/posts\/88070","targetHints":{"allow":["GET"]}}],"collection":[{"href":"https:\/\/www.europesays.com\/es\/wp-json\/wp\/v2\/posts"}],"about":[{"href":"https:\/\/www.europesays.com\/es\/wp-json\/wp\/v2\/types\/post"}],"author":[{"embeddable":true,"href":"https:\/\/www.europesays.com\/es\/wp-json\/wp\/v2\/users\/2"}],"replies":[{"embeddable":true,"href":"https:\/\/www.europesays.com\/es\/wp-json\/wp\/v2\/comments?post=88070"}],"version-history":[{"count":0,"href":"https:\/\/www.europesays.com\/es\/wp-json\/wp\/v2\/posts\/88070\/revisions"}],"wp:featuredmedia":[{"embeddable":true,"href":"https:\/\/www.europesays.com\/es\/wp-json\/wp\/v2\/media\/88071"}],"wp:attachment":[{"href":"https:\/\/www.europesays.com\/es\/wp-json\/wp\/v2\/media?parent=88070"}],"wp:term":[{"taxonomy":"category","embeddable":true,"href":"https:\/\/www.europesays.com\/es\/wp-json\/wp\/v2\/categories?post=88070"},{"taxonomy":"post_tag","embeddable":true,"href":"https:\/\/www.europesays.com\/es\/wp-json\/wp\/v2\/tags?post=88070"}],"curies":[{"name":"wp","href":"https:\/\/api.w.org\/{rel}","templated":true}]}}