{"id":88116,"date":"2025-09-02T10:49:03","date_gmt":"2025-09-02T10:49:03","guid":{"rendered":"https:\/\/www.europesays.com\/es\/88116\/"},"modified":"2025-09-02T10:49:03","modified_gmt":"2025-09-02T10:49:03","slug":"telecinco-presenta-el-precio-de-con-santi-acosta-que-se-estrenara-con-la-temida-entrevista-a-la-ex-de-abalos","status":"publish","type":"post","link":"https:\/\/www.europesays.com\/es\/88116\/","title":{"rendered":"Telecinco presenta &#8216;El precio de&#8230;&#8217; con Santi Acosta, que se estrenar\u00e1 con la \u00abtemida\u00bb entrevista a la ex de \u00c1balos"},"content":{"rendered":"<p class=\"article-text\">\n        <strong>Telecinco <\/strong>ha presentado este martes 2 de septiembre en el <strong>FesTVal 2025 <\/strong>de Vitoria una de sus principales apuestas de prime time para esta temporada: <strong>El precio de&#8230;<\/strong>, nuevo programa con <strong>Santi Acosta<\/strong>. Un formato que combina los g\u00e9neros de documental, entrevista y debate, y que se estrenar\u00e1 el pr\u00f3ximo <strong>lunes 8<\/strong> con una entrevista \u201cmuy temida\u201d: la de la<strong> exmujer de Jos\u00e9 Luis \u00c1balos, Carolina Perles Mi\u00f1ana<\/strong>.\n    <\/p>\n<p>    <a href=\"https:\/\/www.eldiario.es\/noticias\/lydia-lozano-reaparece-hablando-mediaset-confirmarse-fichaje-telecinco_1_12571497.html\" data-mrf-recirculation=\"saber-mas\" data-dl-event=\"saber-mas\" rel=\"nofollow noopener\" target=\"_blank\"><\/p>\n<p class=\"know-more__title\">Lydia Lozano \u00abreaparece\u00bb hablando para Mediaset antes de confirmarse su fichaje por Telecinco<\/p>\n<p>            <img decoding=\"async\" class=\"lazy\" loading=\"lazy\" data-src=\"https:\/\/static.eldiario.es\/clip\/e68fa1e2-d266-4b30-a20d-3f07b6bf0fc8_16-9-aspect-ratio_default_0.jpg\" src=\"data:image\/svg+xml,%3Csvg xmlns=\" http:=\"\" viewbox=\"0 0 880 495\" alt=\"Lydia Lozano &quot;reaparece&quot; hablando para Mediaset antes de confirmarse su fichaje por Telecinco\"\/><\/p>\n<p>                        <\/a><\/p>\n<p class=\"article-text\">\n        As\u00ed lo ha anunciado la cadena de <strong>Mediaset <\/strong>en una rueda de prensa a la que ha asistido <a href=\"https:\/\/www.eldiario.es\/vertele\/\" target=\"_blank\" data-mrf-recirculation=\"links-noticia\" class=\"link\" rel=\"nofollow noopener\">verTele<\/a>, y en la que el directivo <strong>Jaime Guerra<\/strong>, junto al presentador, ha desgranado<strong> todos los detalles <\/strong>de este nuevo espaco que recuerda a Hormigas Blancas y que arrancar\u00e1 sus emisiones televisivas analizando<strong> El precio de la corrupci\u00f3n<\/strong>.\n    <\/p>\n<p class=\"article-text\">\n        \u201c<strong>Vamos a empezar fuertes<\/strong>, con la corrupci\u00f3n con una entrevista muy esperada, temida para muchos. Una persona que nunca ha hablado y al que el equipo de Santi ha entrevistado <strong>durante m\u00e1s de 15 horas<\/strong>\u201d, ha expresado Guerra. Acosta ha sido el encargado de poner nombre al testimonio: Carolina Perles Mi\u00f1ana, ex de \u00c1balos y \u201ctestigo directo que ha vivido todo el proceso de la corrupci\u00f3n del <strong>Caso Koldo<\/strong>\u201d.\n    <\/p>\n<p class=\"article-text\">\n        \u201cSus declaraciones <strong>van a arrojar luz <\/strong>sobre la trama de corrupci\u00f3n m\u00e1s importante de nuestro pa\u00eds en los \u00faltimos a\u00f1os\u201d, ha apuntado Jaime Guerra, desvelando que su entrevista estar\u00e1 acompa\u00f1ada tambi\u00e9n del punto de vista de <strong>V\u00edctor de Aldama <\/strong>y de algunos periodistas como Ketty Garat, Esteban Urreiztieta, Javier Chicote, Alejandro Entreambasaguas e Irene Tabera.. Adem\u00e1s, el debate en plat\u00f3 contar\u00e1 con la participaci\u00f3n de colaboradores.\n    <\/p>\n<p>            <img decoding=\"async\" class=\"lazy\" loading=\"lazy\" data-src=\"https:\/\/static.eldiario.es\/clip\/12412a9e-be67-4e66-98af-9fa124c55a6f_16-9-discover-aspect-ratio_default_0.jpg\" src=\"data:image\/svg+xml,%3Csvg xmlns=\" http:=\"\" viewbox=\"0 0 1200 675\" alt=\"Jaime Guerra y Santi Acosta en la presentaci\u00f3n de 'El precio de...'\"\/><\/p>\n<p class=\"article-text\">\n        Santi Acosta ha desvelado que la entrevista a Carolina Perles Mi\u00f1ana, ya grabada y que formar\u00e1 parte del primer programa, ha sido \u201cun trabajo fascinante\u201d: \u201c<strong>Cada minuto ha sido una sorpresa<\/strong>\u201d. \u201cPocas veces ves la corrupci\u00f3n tan de cerca, una historia en la qu<strong>e los personajes son kafkianos, de Torrente\u2026 <\/strong>Hay cosas curios\u00edsimas, como la personalidad de Koldo y de c\u00f3mo entra \u00e9l en sus vidas. Cuenta c\u00f3mo va entrando en sus vidas, c\u00f3mo se encarga de todo, siempre pagando en efectivo, seg\u00fan varios testigos\u2026\u201d, ha adelantado el conductor. \u201cLa realidad supera a la ficci\u00f3n\u201d, ha apostillado Guerra.\n    <\/p>\n<p class=\"article-text\">\n        Las reacciones que generar\u00e1 esta emisi\u00f3n todav\u00eda est\u00e1n por ver. No obstante, el directivo de Mediaset ha expresado que \u201c<strong>el exministro tiene las puertas abiertas por si quiere<\/strong> [decir algo]\u201d. Adem\u00e1s, Acosta ha comentado que \u201chemos contactado con todas las voces que han participado en esta historia, con el gobierno, con \u00c1balos, con las chicas\u2026 Con todo el mundo para que dieran su versi\u00f3n\u201d.\n    <\/p>\n<p class=\"article-text\">\n        Cuestionado sobre las posibles <strong>consecuencias pol\u00edticas <\/strong>que pueda tener <strong>El precio de la corrupci\u00f3n<\/strong>, el presentador s\u00ed ha respondido: \u201cMe gustar\u00eda saberlo, pero de momento nuestro trabajo es plantear el material que tenemos y veremos si tiene consecuencias o no\u201d.\n    <\/p>\n<p class=\"article-text\">\n        Cada nueva entrega de El precio de&#8230; incluir\u00e1 el estreno de un <strong>documental <\/strong>con informaci\u00f3n y testimonios claves y exclusivos obtenidos gracias a la labor period\u00edstica y de investigaci\u00f3n del equipo del programa, que se ver\u00e1 complementado por un <strong>debate <\/strong>posterior con las aportaciones y valoraciones de diferentes figuras expertas sobre el asunto.\n    <\/p>\n<p>    Sin calendario fijo ni confirmaci\u00f3n sobre su hora de inicio<\/p>\n<p class=\"article-text\">\n        Todav\u00eda se desconoce cu\u00e1ntas entregas tendr\u00e1 El precio de&#8230;, pues <strong>depender\u00e1 de las exclusivas <\/strong>que consigan. \u201cMediaset ha apostado por nosotros y por este formato\u201d, ha celebrado Santi Acosta. Cada entrega ser\u00e1 tem\u00e1tica, pero desde la cadena no descartan que los temas se alarguen m\u00e1s de un lunes. Por el momento, en rueda de prensa \u00fanicamente han avanzado dos: El precio de la corrupci\u00f3n y El precio de la avaricia.\n    <\/p>\n<p>            <img decoding=\"async\" class=\"lazy\" loading=\"lazy\" data-src=\"https:\/\/static.eldiario.es\/clip\/67809cfa-a7e9-4700-98b8-5f4119d50747_16-9-discover-aspect-ratio_default_0.jpg\" src=\"data:image\/svg+xml,%3Csvg xmlns=\" http:=\"\" viewbox=\"0 0 1200 675\" alt=\"Santi Acosta presenta 'El precio de..'\"\/><\/p>\n<p class=\"article-text\">\n        En la rueda de prensa, preguntados por los periodistas,<strong> no adelantan ni el n\u00famero de entregas totales<\/strong>, ni los nombres de los <strong>colaboradores <\/strong>que participar\u00e1n en el programa, ni tampoco el <strong>horario de inicio <\/strong>del programa. Al igual que en la presentaci\u00f3n de Supervivientes All Stars, <strong>Telecinco no ha respondido sobre sus planes para el access prime time<\/strong>, dejando en el aire la hora de su prime time y si el programa de Sobera ser\u00e1 o no telonero.\n    <\/p>\n<p>    <a href=\"https:\/\/www.eldiario.es\/vertele\/audiencias-tv\/entrevista-pepa-bueno-pedro-sanchez-reunio-1-5-millones-espectadores-segunda-opcion_1_12571246.html\" data-mrf-recirculation=\"saber-mas-abajo\" data-dl-event=\"saber-mas-abajo\" rel=\"nofollow noopener\" target=\"_blank\"><\/p>\n<p class=\"know-more__title\">La entrevista de Pepa Bueno a Pedro S\u00e1nchez reuni\u00f3 a 1,5 millones de espectadores en La 1 y fue segunda opci\u00f3n\n<\/p>\n<p>            <img decoding=\"async\" class=\"lazy\" loading=\"lazy\" data-src=\"https:\/\/static.eldiario.es\/clip\/1daca0ff-f8f4-4c25-ac1b-675fa6ac1639_16-9-aspect-ratio_default_0.jpg\" src=\"data:image\/svg+xml,%3Csvg xmlns=\" http:=\"\" viewbox=\"0 0 880 495\" alt=\"La entrevista de Pepa Bueno a Pedro S\u00e1nchez reuni\u00f3 a 1,5 millones de espectadores en La 1 y fue segunda opci\u00f3n\"\/><\/p>\n<p>                        <\/a><\/p>\n<p class=\"article-text\">\n        En una entrevista posterior del presentador con los periodistas asistentes, entre ellos de <strong>verTele<\/strong>, el presentador s\u00ed ha aclarado que tienen <strong>firmadas cuatro entregas<\/strong>, con intenci\u00f3n de alargarlo m\u00e1s, y que las dos primeras ser\u00e1n las arriba detalladas de El precio de la corrupci\u00f3n.\n    <\/p>\n","protected":false},"excerpt":{"rendered":"Telecinco ha presentado este martes 2 de septiembre en el FesTVal 2025 de Vitoria una de sus principales&hellip;\n","protected":false},"author":2,"featured_media":88117,"comment_status":"","ping_status":"","sticky":false,"template":"","format":"standard","meta":{"footnotes":""},"categories":[171],"tags":[32397,28341,146,147,3141,25,24,3247,8196,3282,2782,15777,23,692,32396,214],"class_list":{"0":"post-88116","1":"post","2":"type-post","3":"status-publish","4":"format-standard","5":"has-post-thumbnail","7":"category-tv","8":"tag-abalos","9":"tag-acosta","10":"tag-entertainment","11":"tag-entretenimiento","12":"tag-entrevista","13":"tag-es","14":"tag-espana","15":"tag-estrenara","16":"tag-ex","17":"tag-precio","18":"tag-presenta","19":"tag-santi","20":"tag-spain","21":"tag-telecinco","22":"tag-temida","23":"tag-tv"},"share_on_mastodon":{"url":"","error":""},"_links":{"self":[{"href":"https:\/\/www.europesays.com\/es\/wp-json\/wp\/v2\/posts\/88116","targetHints":{"allow":["GET"]}}],"collection":[{"href":"https:\/\/www.europesays.com\/es\/wp-json\/wp\/v2\/posts"}],"about":[{"href":"https:\/\/www.europesays.com\/es\/wp-json\/wp\/v2\/types\/post"}],"author":[{"embeddable":true,"href":"https:\/\/www.europesays.com\/es\/wp-json\/wp\/v2\/users\/2"}],"replies":[{"embeddable":true,"href":"https:\/\/www.europesays.com\/es\/wp-json\/wp\/v2\/comments?post=88116"}],"version-history":[{"count":0,"href":"https:\/\/www.europesays.com\/es\/wp-json\/wp\/v2\/posts\/88116\/revisions"}],"wp:featuredmedia":[{"embeddable":true,"href":"https:\/\/www.europesays.com\/es\/wp-json\/wp\/v2\/media\/88117"}],"wp:attachment":[{"href":"https:\/\/www.europesays.com\/es\/wp-json\/wp\/v2\/media?parent=88116"}],"wp:term":[{"taxonomy":"category","embeddable":true,"href":"https:\/\/www.europesays.com\/es\/wp-json\/wp\/v2\/categories?post=88116"},{"taxonomy":"post_tag","embeddable":true,"href":"https:\/\/www.europesays.com\/es\/wp-json\/wp\/v2\/tags?post=88116"}],"curies":[{"name":"wp","href":"https:\/\/api.w.org\/{rel}","templated":true}]}}