{"id":88118,"date":"2025-09-02T10:50:18","date_gmt":"2025-09-02T10:50:18","guid":{"rendered":"https:\/\/www.europesays.com\/es\/88118\/"},"modified":"2025-09-02T10:50:18","modified_gmt":"2025-09-02T10:50:18","slug":"gibson-y-tony-iommi-se-unen-para-relanzar-su-iconica-humbucker","status":"publish","type":"post","link":"https:\/\/www.europesays.com\/es\/88118\/","title":{"rendered":"Gibson y Tony Iommi se unen para relanzar su ic\u00f3nica humbucker"},"content":{"rendered":"<p><strong>Tony Iommi<\/strong> y <strong>Gibson <\/strong>se unieron para un lanzamiento muy especial: <strong>una pastilla humbucker<\/strong>. Bajo el nombre \u00abTony Iommi Signature Humbucker\u00bb, este accesorio costar\u00e1 229 d\u00f3lares y volver\u00e1 al mercado tras el primer lanzamiento en los a\u00f1os 90.<\/p>\n<p>\u00abEsta nueva versi\u00f3n combina potentes imanes de cer\u00e1mica y Alnico 2, junto con bobinados especiales, logrando el tono que caracterizan el sonido inconfundible de la guitarra de Iommi en Black Sabbath\u00bb indican en Gibson.<\/p>\n<p><img loading=\"lazy\" decoding=\"async\" width=\"1200\" height=\"800\" src=\"https:\/\/www.europesays.com\/es\/wp-content\/uploads\/2025\/09\/pastilla-gibson.jpg\" alt=\"\" class=\"wp-image-788803\"  \/><\/p>\n<p>Adem\u00e1s, explican: \u00abLa pastilla viene completamente encerada para evitar ruidos y retroalimentaci\u00f3n no deseada, ofreciendo claridad total incluso con distorsi\u00f3n al m\u00e1ximo. Adem\u00e1s, el cableado de 4 conductores permite el funcionamiento en serie, en paralelo y con bobina dividida\u00bb.<\/p>\n<p>Por su parte, Iommy dijo:<\/p>\n<blockquote class=\"wp-block-quote is-layout-flow wp-block-quote-is-layout-flow\">\n<p>\u201c\u00a1Estoy muy emocionado de que Gibson vuelva a traer mi humbucker Signature! \u00a1Cada vez era m\u00e1s dif\u00edcil encontrarlas! Esta pastilla surgi\u00f3 despu\u00e9s de pasar mucho tiempo en Nashville, experimentando con diferentes configuraciones para conseguir el tono perfecto en mis guitarras favoritas. Ten\u00edamos que asegurarnos de que funcionara con mis cuerdas de calibre fino y afinaciones graves, pero que tambi\u00e9n tuviera potencia. Tambi\u00e9n est\u00e1n en mis guitarras Signature, y estoy encantado con el resultado\u00bb.<\/p>\n<\/blockquote>\n<p>Pod\u00e9s conseguirla en esta\u00a0<a href=\"https:\/\/www.gibson.com\/products\/gibson-tony-iommi-signature-humbucker-chrome-cover\" target=\"_blank\" rel=\"noreferrer noopener nofollow\">web<\/a>\u00a0y en\u00a0<a href=\"https:\/\/tidd.ly\/3HRFwsg\" target=\"_blank\" rel=\"noreferrer noopener nofollow\">Reverb<\/a>.\u00a0<\/p>\n<blockquote class=\"instagram-media\" data-instgrm-captioned=\"\" data-instgrm-permalink=\"https:\/\/www.instagram.com\/p\/DN0iIuBWOvR\/?utm_source=ig_embed&amp;utm_campaign=loading\" data-instgrm-version=\"14\" style=\" background:#FFF; border:0; border-radius:3px; box-shadow:0 0 1px 0 rgba(0,0,0,0.5),0 1px 10px 0 rgba(0,0,0,0.15); margin: 1px; max-width:540px; min-width:326px; padding:0; width:99.375%; width:-webkit-calc(100% - 2px); width:calc(100% - 2px);\"\/>\n<p>\t<script async src=\"\/\/www.instagram.com\/embed.js\"><\/script><\/p>\n","protected":false},"excerpt":{"rendered":"Tony Iommi y Gibson se unieron para un lanzamiento muy especial: una pastilla humbucker. Bajo el nombre \u00abTony&hellip;\n","protected":false},"author":2,"featured_media":88119,"comment_status":"","ping_status":"","sticky":false,"template":"","format":"standard","meta":{"footnotes":""},"categories":[170],"tags":[146,147,25,24,32398,184,185,23,32399],"class_list":{"0":"post-88118","1":"post","2":"type-post","3":"status-publish","4":"format-standard","5":"has-post-thumbnail","7":"category-musica","8":"tag-entertainment","9":"tag-entretenimiento","10":"tag-es","11":"tag-espana","12":"tag-gibson","13":"tag-music","14":"tag-musica","15":"tag-spain","16":"tag-tony-iommi"},"share_on_mastodon":{"url":"","error":""},"_links":{"self":[{"href":"https:\/\/www.europesays.com\/es\/wp-json\/wp\/v2\/posts\/88118","targetHints":{"allow":["GET"]}}],"collection":[{"href":"https:\/\/www.europesays.com\/es\/wp-json\/wp\/v2\/posts"}],"about":[{"href":"https:\/\/www.europesays.com\/es\/wp-json\/wp\/v2\/types\/post"}],"author":[{"embeddable":true,"href":"https:\/\/www.europesays.com\/es\/wp-json\/wp\/v2\/users\/2"}],"replies":[{"embeddable":true,"href":"https:\/\/www.europesays.com\/es\/wp-json\/wp\/v2\/comments?post=88118"}],"version-history":[{"count":0,"href":"https:\/\/www.europesays.com\/es\/wp-json\/wp\/v2\/posts\/88118\/revisions"}],"wp:featuredmedia":[{"embeddable":true,"href":"https:\/\/www.europesays.com\/es\/wp-json\/wp\/v2\/media\/88119"}],"wp:attachment":[{"href":"https:\/\/www.europesays.com\/es\/wp-json\/wp\/v2\/media?parent=88118"}],"wp:term":[{"taxonomy":"category","embeddable":true,"href":"https:\/\/www.europesays.com\/es\/wp-json\/wp\/v2\/categories?post=88118"},{"taxonomy":"post_tag","embeddable":true,"href":"https:\/\/www.europesays.com\/es\/wp-json\/wp\/v2\/tags?post=88118"}],"curies":[{"name":"wp","href":"https:\/\/api.w.org\/{rel}","templated":true}]}}