{"id":88120,"date":"2025-09-02T10:51:09","date_gmt":"2025-09-02T10:51:09","guid":{"rendered":"https:\/\/www.europesays.com\/es\/88120\/"},"modified":"2025-09-02T10:51:09","modified_gmt":"2025-09-02T10:51:09","slug":"lanzamiento-mundial-del-trailer-de-kit-de-santidad-el-camino-a-dios-de-carlo-acutis","status":"publish","type":"post","link":"https:\/\/www.europesays.com\/es\/88120\/","title":{"rendered":"Lanzamiento mundial del tr\u00e1iler de Kit de Santidad: El Camino a Dios de Carlo Acutis"},"content":{"rendered":"<p>                              <a href=\"https:\/\/www.aciprensa.com\/autor\/2\/walter-sanchez-silva\" rel=\"nofollow noopener\" target=\"_blank\"><br \/>\n                  <img loading=\"lazy\" decoding=\"async\" alt=\"Walter S\u00e1nchez Silva\" class=\"author-image m-0 mr-4\" height=\"48\" src=\"https:\/\/www.europesays.com\/es\/wp-content\/uploads\/2025\/09\/WalterSanchesilva.jpg\" width=\"48\"\/><br \/>\n                <\/a><\/p>\n<p> Por<br \/>\n                                  <a href=\"https:\/\/www.aciprensa.com\/autor\/2\/walter-sanchez-silva\" rel=\"nofollow noopener\" target=\"_blank\">Walter S\u00e1nchez Silva<\/a>\n                                <\/p>\n<p class=\"post-info date-author\">\n                                  2 de septiembre de 2025<br \/>12:08 a. m.\n                              <\/p>\n<p class=\"post-info date-author-mobile\">\n                  Sep. 2, 2025<br \/>12:08 a. m.\n                <\/p>\n<p>Este martes se realiz\u00f3 el lanzamiento mundial del tr\u00e1iler de la esperada pel\u00edcula Kit de santidad: El camino a Dios de Carlo Acutis, a pocos d\u00edas de la <a href=\"https:\/\/www.aciprensa.com\/noticias\/114281\/leon-xiv-anuncia-la-fecha-de-canonizacion-de-carlo-acutis-el-ciberapostol-de-la-eucaristia\" rel=\"noopener noreferrer nofollow\" target=\"_blank\">canonizaci\u00f3n del beato en el Vaticano<\/a>, quien ser\u00e1 declarado santo por el Papa Le\u00f3n XIV el domingo 7 de septiembre, junto a otro joven italiano: Pier Giorgio Frassati.<\/p>\n<p>La pel\u00edcula es una producci\u00f3n de Ave Mar\u00eda Films, productora de la cineasta Gaby J\u00e1coba, y cont\u00f3 con la colaboraci\u00f3n de Hollywood Catholic Films. La direcci\u00f3n estuvo a cargo del hijo de Gaby, Pablo Casso, mientras que el gui\u00f3n fue escrito por ambos.<\/p>\n<p>\tRecibe las principales noticias de ACI Prensa por WhatsApp y Telegram<\/p>\n<p class=\"box-desc\">Cada vez es m\u00e1s dif\u00edcil ver noticias cat\u00f3licas en las redes sociales. Suscr\u00edbete a nuestros canales gratuitos hoy:<\/p>\n<p>Gaby J\u00e1coba, conocida por su importante rol en dar a conocer historias de fe a trav\u00e9s del Festival Internacional de Cine Cat\u00f3lico, declar\u00f3 a ACI Prensa que \u201ces una gran alegr\u00eda que despu\u00e9s de un gran recorrido en la producci\u00f3n de esta pel\u00edcula sobre el legado espiritual de Carlo Acutis podamos hacer el lanzamiento oficial y mundial del tr\u00e1iler de esta historia de conversi\u00f3n y transformaci\u00f3n\u201d.<\/p>\n<p>\u201cPara nosotros en Ave Mar\u00eda Films es una alegr\u00eda poder presentarles esta historia de Sebasti\u00e1n un joven que se encuentra hundido en la soledad, en la tristeza, en la desesperaci\u00f3n y al conocer a Carlo y su legado espiritual emprende un viaje de transformaci\u00f3n que lo llevar\u00e1 a un destino de esperanza, fe y milagro en su propia vida\u201d, explic\u00f3.<\/p>\n<p>En el docufilm participan, entre otras importantes figuras, Antonia Salzano, madre de Carlo Acuts; el Dr. Ricardo Casta\u00f1\u00f3n G\u00f3mez, conocido cient\u00edfico que se convirti\u00f3 a la fe cat\u00f3lica gracias a sus investigaciones sobre los milagros eucar\u00edsticos; y el sacerdote mexicano Jos\u00e9 Juan Montalvo, conocido en redes sociales como el Padre Borre.<\/p>\n<p>Un rol protag\u00f3nico en la producci\u00f3n tiene Antonio Mauri, hijo del famoso actor mexicano Antonio \u201cTo\u00f1o\u201d Mauri. Tambi\u00e9n est\u00e1n Mons. Jos\u00e9 Ignacio Munilla, Obispo de Orihuela-Alicante (Espa\u00f1a) y Mons. Jos\u00e9 Gomez, Arzobispo de Los \u00c1ngeles (EE.UU.)<\/p>\n<p>\u201cLo que queremos \u2014resalt\u00f3\u2014 es que la cinta toque muchas vidas muchos corazones y se sientan tocados por el amor de Dios a trav\u00e9s de muy pronto San Carlo Acutis, as\u00ed que los invitamos a todos a que lo disfruten y lo compartan en sus grupos, sus apostolados, movimientos y que se sumen a ser embajadores del mensaje, del camino espiritual que nos dej\u00f3\u00bb el futuro santo.<\/p>\n<p>Este camino, precisa J\u00e1coba, tiene siete puntos: la Misa, la adoraci\u00f3n eucar\u00edstica, el rezo del Rosario, la confesi\u00f3n, la lectura del evangelio, las obras de misericordia y la devoci\u00f3n al \u00e1ngel guardi\u00e1n.<\/p>\n<p>                                  <strong>El estreno de la cinta sobre Carlo Acutis<\/strong><\/p>\n<p>Gaby J\u00e1coba inform\u00f3 que Kit de santidad: El camino a Dios de Carlo Acutis \u00a0se estrenar\u00e1 en Espa\u00f1a el 12 de septiembre, en M\u00e9xico el 9 de octubre y en el resto de Am\u00e9rica a partir del 2 de octubre, en pa\u00edses como Estados Unidos y Colombia.<\/p>\n<p>\u201cJuntos vivamos esta fiesta de la canonizaci\u00f3n de Carlo y del regalo y del don que nos dej\u00f3 aqu\u00ed de santidad y sobre todo de su ense\u00f1anza que la Eucarist\u00eda es la autopista del cielo. Nos vemos en el cine\u201d, concluy\u00f3.<\/p>\n<p>                    <a href=\"https:\/\/www.aciprensa.com\/autor\/2\/walter-sanchez-silva\" rel=\"nofollow noopener\" target=\"_blank\"><br \/>\n                      <img decoding=\"async\" alt=\"Walter S\u00e1nchez Silva\" src=\"https:\/\/www.europesays.com\/es\/wp-content\/uploads\/2025\/09\/1756810269_90_WalterSanchesilva.jpg\"\/><br \/>\n                    <\/a><\/p>\n<p>\n                    <b>Walter S\u00e1nchez Silva<\/b> <br \/>Soy esposo desde 2008. Con mi esposa tenemos tres hijos aqu\u00ed y uno que se fue al cielo en 2023, antes de nacer. Desde que me incorpor\u00e9 a ACI Prensa en 2005, he tenido la oportunidad de cubrir diversos eventos de la Iglesia Cat\u00f3lica. Entre ellos, las Jornadas Mundiales de la Juventud en Colonia, Madrid y R\u00edo de Janeiro y los viajes apost\u00f3licos del Papa Benedicto XVI a M\u00e9xico y del Papa Francisco a Corea del Sur. He sido enviado al Vaticano para cubrir los s\u00ednodos de la Familia, en 2015; de la Amazon\u00eda, en 2019 y el de la Sinodalidad, en 2023. Sigo de cerca la situaci\u00f3n de la Iglesia Cat\u00f3lica en Nicaragua, que sufre la persecuci\u00f3n de la dictadura de Daniel Ortega, as\u00ed como la actualidad eclesial en la regi\u00f3n.\n                  <\/p>\n","protected":false},"excerpt":{"rendered":"Por Walter S\u00e1nchez Silva 2 de septiembre de 202512:08 a. m. Sep. 2, 202512:08 a. m. Este martes&hellip;\n","protected":false},"author":2,"featured_media":88121,"comment_status":"","ping_status":"","sticky":false,"template":"","format":"standard","meta":{"footnotes":""},"categories":[169],"tags":[889,27015,177,24929,146,147,25,24,176,32402,32401,175,8388,32400,23],"class_list":{"0":"post-88120","1":"post","2":"type-post","3":"status-publish","4":"format-standard","5":"has-post-thumbnail","7":"category-cine","8":"tag-america","9":"tag-carlo-acutis","10":"tag-cine","11":"tag-cine-catolico","12":"tag-entertainment","13":"tag-entretenimiento","14":"tag-es","15":"tag-espana","16":"tag-film","17":"tag-iglesia-catolica-en-estados-unidos","18":"tag-mons-jose-ignacio-munilla","19":"tag-movies","20":"tag-noticias-catolicas","21":"tag-santidad","22":"tag-spain"},"share_on_mastodon":{"url":"","error":""},"_links":{"self":[{"href":"https:\/\/www.europesays.com\/es\/wp-json\/wp\/v2\/posts\/88120","targetHints":{"allow":["GET"]}}],"collection":[{"href":"https:\/\/www.europesays.com\/es\/wp-json\/wp\/v2\/posts"}],"about":[{"href":"https:\/\/www.europesays.com\/es\/wp-json\/wp\/v2\/types\/post"}],"author":[{"embeddable":true,"href":"https:\/\/www.europesays.com\/es\/wp-json\/wp\/v2\/users\/2"}],"replies":[{"embeddable":true,"href":"https:\/\/www.europesays.com\/es\/wp-json\/wp\/v2\/comments?post=88120"}],"version-history":[{"count":0,"href":"https:\/\/www.europesays.com\/es\/wp-json\/wp\/v2\/posts\/88120\/revisions"}],"wp:featuredmedia":[{"embeddable":true,"href":"https:\/\/www.europesays.com\/es\/wp-json\/wp\/v2\/media\/88121"}],"wp:attachment":[{"href":"https:\/\/www.europesays.com\/es\/wp-json\/wp\/v2\/media?parent=88120"}],"wp:term":[{"taxonomy":"category","embeddable":true,"href":"https:\/\/www.europesays.com\/es\/wp-json\/wp\/v2\/categories?post=88120"},{"taxonomy":"post_tag","embeddable":true,"href":"https:\/\/www.europesays.com\/es\/wp-json\/wp\/v2\/tags?post=88120"}],"curies":[{"name":"wp","href":"https:\/\/api.w.org\/{rel}","templated":true}]}}