{"id":88130,"date":"2025-09-02T10:56:07","date_gmt":"2025-09-02T10:56:07","guid":{"rendered":"https:\/\/www.europesays.com\/es\/88130\/"},"modified":"2025-09-02T10:56:07","modified_gmt":"2025-09-02T10:56:07","slug":"quien-es-laurent-freixe-el-exconsejero-delegado-de-nestle-que-ha-sido-despedido-por-mantener-una-relacion-amorosa-en-el-trabajo-economia","status":"publish","type":"post","link":"https:\/\/www.europesays.com\/es\/88130\/","title":{"rendered":"Qui\u00e9n es Laurent Freixe, el exconsejero delegado de Nestl\u00e9 que ha sido despedido por mantener una relaci\u00f3n amorosa en el trabajo | Econom\u00eda"},"content":{"rendered":"<p class=\"\">El hasta ayer consejero delegado de Nestl\u00e9, Laurent Freixe, acababa de cumplir un a\u00f1o en el puesto cuando fue despedido. La mayor empresa de alimentaci\u00f3n de Europa <a href=\"https:\/\/elpais.com\/economia\/2025-09-01\/nestle-fulmina-a-su-consejero-delegado-por-ocultar-una-relacion-romantica-en-su-entorno-laboral.html\" target=\"_self\" rel=\"nofollow noopener\" title=\"https:\/\/elpais.com\/economia\/2025-09-01\/nestle-fulmina-a-su-consejero-delegado-por-ocultar-una-relacion-romantica-en-su-entorno-laboral.html\">anunci\u00f3 este lunes, mediante un comunicado, su cese inmediato<\/a> por mantener una relaci\u00f3n amorosa con una subordinada directa. <\/p>\n<p class=\"\">Aunque el empresario franc\u00e9s llevaba desde 1986 en la empresa, solo hac\u00eda un a\u00f1o que el presidente de la empresa de alimentaci\u00f3n, Paul Bulcke, le hab\u00eda ascendido. El 1 de septiembre de 2024 dej\u00f3 atr\u00e1s su puesto de m\u00e1ximo responsable de la zona Am\u00e9rica Latina para ser el nuevo consejero delegado.<\/p>\n<p>Recorrido<\/p>\n<p class=\"\">El empresario <a href=\"https:\/\/cincodias.elpais.com\/opinion\/2024-09-15\/un-hombre-de-la-casa-para-volver-a-las-viejas-costumbres-en-nestle.html\" target=\"_self\" rel=\"nofollow noopener\" title=\"https:\/\/cincodias.elpais.com\/opinion\/2024-09-15\/un-hombre-de-la-casa-para-volver-a-las-viejas-costumbres-en-nestle.html\">estudi\u00f3 en una prestigiosa escuela de negocios<\/a> privada francesa en Lille, donde han acudido otros nombres destacados como Delphine Arnault, directora general de Dior e hija del magnate de LVMH, Bernard Arnault. Tras acabar sus estudios, comenz\u00f3 a trabajar en el gigante suizo, estren\u00e1ndose en el departamento de marketing.<\/p>\n<p class=\"\">En 1999, fue nombrado director de la divisi\u00f3n de nutrici\u00f3n, donde permaneci\u00f3 hasta 2003, cuando pas\u00f3 a ser director de marketing en Hungr\u00eda. Tras cuatro a\u00f1os en Budapest, hizo las maletas para irse a Barcelona como responsable de Espa\u00f1a y Portugal.<\/p>\n<p class=\"\">Freixe ha ido \u201casumiendo diversos puestos de creciente responsabilidad en diferentes negocios, mercados y zonas. Gestion\u00f3 con \u00e9xito la zona Europa durante la crisis financiera y econ\u00f3mica, desde 2008 hasta 2014. Luego asumi\u00f3 el cargo de CEO de la zona Am\u00e9ricas, donde aceler\u00f3 el crecimiento. Tras la creaci\u00f3n de la nueva estructura de zonas de Nestl\u00e9 en 2022, Laurent Freixe fue nombrado CEO de la zona Am\u00e9rica Latina, donde ha liderado con \u00e9xito en condiciones dif\u00edciles\u201d, dec\u00eda el comunicado de su nombramiento el pasado agosto de 2024.<\/p>\n<p class=\"\">Su largo recorrido en Nestl\u00e9 le hab\u00eda permitido pasar de forma continuada por distintos niveles en la empresa adem\u00e1s de forma parte del comit\u00e9 ejecutivo durante 16 a\u00f1os. Dicha circunstancia le hizo un candidato perfecto para el puesto. Nestl\u00e9 destac\u00f3 en su nombramiento su profundo conocimiento de la cultura y los valores de la empresa, como la productividad, la eficacia operacional, la simplificaci\u00f3n de los procesos y el impulso de la innovaci\u00f3n.<\/p>\n<p>Despido inmediato<\/p>\n<p class=\"\">La firma explic\u00f3 que la relaci\u00f3n sentimental que el destituido consejero delegado manten\u00eda en secreto contraviene el c\u00f3digo de conducta de la multinacional suiza. \u201cDe acuerdo con las mejores pr\u00e1cticas de gobierno corporativo, el consejo orden\u00f3 una investigaci\u00f3n supervisada por el actual presidente Paul Bulcke y el <a href=\"https:\/\/cincodias.elpais.com\/companias\/2025-06-18\/nestle-nombrara-a-pablo-isla-como-nuevo-presidente-a-nivel-mundial-a-partir-de-2026.html\" rel=\"nofollow noopener\" title=\"https:\/\/cincodias.elpais.com\/companias\/2025-06-18\/nestle-nombrara-a-pablo-isla-como-nuevo-presidente-a-nivel-mundial-a-partir-de-2026.html\" target=\"_blank\">futuro presidente<\/a> de la empresa, Pablo Isla, con el apoyo de un asesor externo independiente\u201d, detalla Nestl\u00e9. Esa investigaci\u00f3n en la que ha participado el exejecutivo de Inditex ha dado pie al cese.<\/p>\n<p class=\"\">En sustituci\u00f3n de Freixe, Nestl\u00e9 ha decidido nombrar a Philipp Navratil como nuevo m\u00e1ximo ejecutivo de la compa\u00f1\u00eda.<\/p>\n","protected":false},"excerpt":{"rendered":"El hasta ayer consejero delegado de Nestl\u00e9, Laurent Freixe, acababa de cumplir un a\u00f1o en el puesto cuando&hellip;\n","protected":false},"author":2,"featured_media":88131,"comment_status":"","ping_status":"","sticky":false,"template":"","format":"standard","meta":{"footnotes":""},"categories":[80],"tags":[3214,82,5701,5702,95,94,32409,25,24,27477,23,2752],"class_list":{"0":"post-88130","1":"post","2":"type-post","3":"status-publish","4":"format-standard","5":"has-post-thumbnail","7":"category-economia","8":"tag-alimentacion","9":"tag-business","10":"tag-derecho-laboral","11":"tag-despido","12":"tag-economia","13":"tag-economy","14":"tag-empleo-privado","15":"tag-es","16":"tag-espana","17":"tag-nestle","18":"tag-spain","19":"tag-trabajo"},"share_on_mastodon":{"url":"","error":""},"_links":{"self":[{"href":"https:\/\/www.europesays.com\/es\/wp-json\/wp\/v2\/posts\/88130","targetHints":{"allow":["GET"]}}],"collection":[{"href":"https:\/\/www.europesays.com\/es\/wp-json\/wp\/v2\/posts"}],"about":[{"href":"https:\/\/www.europesays.com\/es\/wp-json\/wp\/v2\/types\/post"}],"author":[{"embeddable":true,"href":"https:\/\/www.europesays.com\/es\/wp-json\/wp\/v2\/users\/2"}],"replies":[{"embeddable":true,"href":"https:\/\/www.europesays.com\/es\/wp-json\/wp\/v2\/comments?post=88130"}],"version-history":[{"count":0,"href":"https:\/\/www.europesays.com\/es\/wp-json\/wp\/v2\/posts\/88130\/revisions"}],"wp:featuredmedia":[{"embeddable":true,"href":"https:\/\/www.europesays.com\/es\/wp-json\/wp\/v2\/media\/88131"}],"wp:attachment":[{"href":"https:\/\/www.europesays.com\/es\/wp-json\/wp\/v2\/media?parent=88130"}],"wp:term":[{"taxonomy":"category","embeddable":true,"href":"https:\/\/www.europesays.com\/es\/wp-json\/wp\/v2\/categories?post=88130"},{"taxonomy":"post_tag","embeddable":true,"href":"https:\/\/www.europesays.com\/es\/wp-json\/wp\/v2\/tags?post=88130"}],"curies":[{"name":"wp","href":"https:\/\/api.w.org\/{rel}","templated":true}]}}