{"id":88139,"date":"2025-09-02T11:01:10","date_gmt":"2025-09-02T11:01:10","guid":{"rendered":"https:\/\/www.europesays.com\/es\/88139\/"},"modified":"2025-09-02T11:01:10","modified_gmt":"2025-09-02T11:01:10","slug":"los-coloquios-taurinos-conquistan-la-feria-de-almeria","status":"publish","type":"post","link":"https:\/\/www.europesays.com\/es\/88139\/","title":{"rendered":"Los coloquios taurinos conquistan la Feria de Almer\u00eda"},"content":{"rendered":"<p><a class=\"v-mdl-ath__fig-a\" href=\"https:\/\/www.ideal.es\/autor\/juanjo-aguilera-2157.html\" title=\"Juanjo Aguilera\" rel=\"nofollow noopener\" target=\"_blank\"><br \/>\n<img decoding=\"async\" class=\"v-mdl-ath__img\" src=\"https:\/\/s1.ppllstatics.com\/comun\/img\/2014\/autor\/autor-2157-foto-2.jpeg\" alt=\"Juanjo Aguilera\"\/><br \/>\n<\/a><\/p>\n<p class=\"v-mdl-ath__p v-mdl-ath__p--6\">\nMartes, 2 de septiembre 2025, 12:37<\/p>\n<p class=\"v-p\">La Feria de Almer\u00eda vivi\u00f3 un a\u00f1o m\u00e1s el ambiente taurino que rodea a la ciudad en estas fechas con el ciclo de coloquios organizado por el Foro Cultural 3 Taurinos 3, que en colaboraci\u00f3n con la Escuela Taurina de Almer\u00eda volvi\u00f3 a convertir los Aljibes \u00c1rabes, sede de la Pe\u00f1a El Taranto, en epicentro de la afici\u00f3n al mundo de la tauromaquia, en sus distintas &#8216;vertientes&#8217; porque hubo para todos. Una semana cargada de tertulias, presentaciones y debates en los que el p\u00fablico pudo conocer de cerca a protagonistas, figuras emergentes y expertos que, desde distintas perspectivas, aportaron su visi\u00f3n sobre la tauromaquia y su presente en la sociedad.<\/p>\n<p class=\"v-p\">El ciclo de conferencias de esta semana taurina arranc\u00f3 con un coloquio que reuni\u00f3 a los directores de la Escuela Municipal Taurina de Almer\u00eda, Ruiz Manuel y Pepe M\u00e1rquez, junto con los j\u00f3venes aspirantes Dennis Mart\u00edn, H\u00e9ctor Morales, Antonio Ortega y Pablo S\u00e1nchez, quienes hicieron el pase\u00edllo en el coso de Vilches el primer d\u00eda de feria taurina. Moderado por V\u00edctor P\u00e9rez, el acto gir\u00f3 en torno a la importancia de las escuelas taurinas como el germen de los sue\u00f1os de aquellos que, con esfuerzo y sacrificio, persiguen alcanzar la gloria. Los alumnos compartieron sus inquietudes, sus ilusiones y c\u00f3mo, a pesar de la l\u00f3gica rivalidad, existe un ambiente de compa\u00f1erismo que los impulsa a superarse d\u00eda tras d\u00eda. Entre deseos de suerte y palabras de \u00e1nimo, dejaron claro que el ruedo es el escenario donde se demustran progreso y saber estar.<\/p>\n<p class=\"v-p\"><strong>Entretenido programa<\/strong><\/p>\n<p class=\"v-p\">La programaci\u00f3n continu\u00f3 con un segundo encuentro, esta vez con Dani Valverde como moderador, quien con su habitual profesionalidad gui\u00f3 un coloquio en el que se descubri\u00f3 la personalidad y el entusiasmo del italiano Paolo Mosole, fundador del Foro Italiano, que cuenta con cientos de aficionados que viajan por Espa\u00f1a para vivir de cerca la tauromaquia. En este mismo acto, los asistentes pudieron conocer m\u00e1s a fondo al joven novillero almeriense Blas M\u00e1rquez, heredero de una tradici\u00f3n familiar marcada por su abuelo Pepe M\u00e1rquez y su padre Blas. \u00abLa familia me da el apoyo para ir form\u00e1ndome y me hace mucha ilusi\u00f3n poder verme en los carteles anunciado\u00bb, reconoci\u00f3 el joven, que comparti\u00f3 vivencias con Mosole en un coloquio que despert\u00f3 gran inter\u00e9s entre los presentes.<\/p>\n<p><img decoding=\"async\" loading=\"lazy\" src=\"https:\/\/www.europesays.com\/es\/wp-content\/uploads\/2025\/09\/Toros01-koFI--650x455@Ideal.jpg\" class=\"v-a-img\" width=\"650\" height=\"455\" alt=\"Alumnos de la Escuela Municipal Taurina comparten charla con invitados, entre los que estaba Ruiz Manuel (arriba). Taurocromos es presesntado en las jornadas (abajo).\" data-voc-vtm-id=\"in-text-traffic\"\/><\/p>\n<p>Alumnos de la Escuela Municipal Taurina comparten charla con invitados, entre los que estaba Ruiz Manuel (arriba). Taurocromos es presesntado en las jornadas (abajo).<\/p>\n<p>J. A.<\/p>\n<p><img loading=\"lazy\" decoding=\"async\" src=\"https:\/\/www.europesays.com\/es\/wp-content\/uploads\/2025\/09\/Toros03-koFI--1920x1344@Ideal.jpg\" class=\"v-mdl__img-z\" width=\"1920\" height=\"1344\" alt=\"\"\/><\/p>\n<p class=\"v-p\">Uno de los momentos m\u00e1s esperados del ciclo lleg\u00f3 con la presentaci\u00f3n de Taurocromos, un original coleccionable que re\u00fane m\u00e1s de 500 fotograf\u00edas acompa\u00f1adas de informaci\u00f3n detallada de cada instant\u00e1nea. El acto, que tuvo como escenario nuevamente los Aljibes \u00c1rabes, cont\u00f3 con la presencia de los periodistas Federico Arn\u00e1s y \u00c1lvaro Rodr\u00edguez del Moral, junto con Joaqu\u00edn Arjona, en representaci\u00f3n del equipo que ha hecho posible este proyecto. La iniciativa permite a los aficionados adquirir \u00e1lbumes y sobres de cromos en kioscos y librer\u00edas, adem\u00e1s de coleccionar las firmas de sus toreros favoritos, como ya ocurri\u00f3 durante la presentaci\u00f3n, cuando la hija de Rodr\u00edguez del Moral mostr\u00f3 la imagen de Morante de la Puebla que hab\u00eda firmado su fotograf\u00eda.<\/p>\n<p class=\"v-p\"><strong>Literatura<\/strong><\/p>\n<p class=\"v-p\">El aspecto literario tambi\u00e9n tuvo su espacio en esta edici\u00f3n con una jornada muy especial en el Aljibe de la Pe\u00f1a El Taranto. En una sesi\u00f3n que reuni\u00f3 a tres autores, como si de los tercios de una lidia se tratase, el periodista cordob\u00e9s Manuel Valera present\u00f3 su obra Cu\u00e9ntame un toro, con la direcci\u00f3n del veterano comunicador Federico Arn\u00e1s. Posteriormente, Santiago S\u00e1nchez Tr\u00e1ver desgran\u00f3 el contenido de tres obras entrelazadas en torno a figuras hist\u00f3ricas de la tauromaquia, especialmente Curro Guill\u00e9n y C\u00fachares, el torero que dio nombre a su arte, compartiendo con el p\u00fablico valiosas an\u00e9cdotas familiares y cartas in\u00e9ditas. Cerr\u00f3 el encuentro Juan Belmonte Luque, quien relat\u00f3 la &#8216;resurrecci\u00f3n&#8217; de Al toro por los cuernos, libro escrito a finales de los a\u00f1os 80 junto a su hermano Manuel, acompa\u00f1ado del fot\u00f3grafo taurino Eduardo Porcuna.<\/p>\n<p class=\"v-p\">El cierre de los coloquios estuvo marcado por un debate de actualidad que reuni\u00f3 a voces autorizadas de los medios de comunicaci\u00f3n como Juan Ram\u00f3n Romero, Federico Arn\u00e1s y Germ\u00e1n Estela, en una charla que analiz\u00f3 la situaci\u00f3n de la informaci\u00f3n taurina, la crisis que ha atravesado en los \u00faltimos a\u00f1os y su resurgir en diversos \u00e1mbitos de la sociedad actual. Durante la mesa redonda, se destac\u00f3 el papel de los medios en la difusi\u00f3n y promoci\u00f3n de la tauromaquia, as\u00ed como la responsabilidad que conlleva narrar con rigor y pasi\u00f3n una tradici\u00f3n que, pese a las dificultades, sigue viva y en constante transformaci\u00f3n.<\/p>\n<p class=\"v-p\">Con este ciclo de actividades, el Foro Cultural 3 Taurinos 3 volvi\u00f3 a demostrar su compromiso con la cultura taurina, ofreciendo a los aficionados almerienses un espacio de encuentro y reflexi\u00f3n en torno a una fiesta que sigue evolucionando, pero que mantiene intacta su esencia y su conexi\u00f3n con la ciudad y su feria.<\/p>\n<p>Comenta<\/p>\n<p>Reporta un error<\/p>\n","protected":false},"excerpt":{"rendered":"Martes, 2 de septiembre 2025, 12:37 La Feria de Almer\u00eda vivi\u00f3 un a\u00f1o m\u00e1s el ambiente taurino que&hellip;\n","protected":false},"author":2,"featured_media":88140,"comment_status":"","ping_status":"","sticky":false,"template":"","format":"standard","meta":{"footnotes":""},"categories":[277],"tags":[5644,373,32410,32411,168,25,24,599,23,167,3870,374],"class_list":{"0":"post-88139","1":"post","2":"type-post","3":"status-publish","4":"format-standard","5":"has-post-thumbnail","7":"category-toreo","8":"tag-almeria","9":"tag-bullfighting","10":"tag-coloquios","11":"tag-conquistan","12":"tag-deportes","13":"tag-es","14":"tag-espana","15":"tag-feria","16":"tag-spain","17":"tag-sports","18":"tag-taurinos","19":"tag-toreo"},"share_on_mastodon":{"url":"","error":""},"_links":{"self":[{"href":"https:\/\/www.europesays.com\/es\/wp-json\/wp\/v2\/posts\/88139","targetHints":{"allow":["GET"]}}],"collection":[{"href":"https:\/\/www.europesays.com\/es\/wp-json\/wp\/v2\/posts"}],"about":[{"href":"https:\/\/www.europesays.com\/es\/wp-json\/wp\/v2\/types\/post"}],"author":[{"embeddable":true,"href":"https:\/\/www.europesays.com\/es\/wp-json\/wp\/v2\/users\/2"}],"replies":[{"embeddable":true,"href":"https:\/\/www.europesays.com\/es\/wp-json\/wp\/v2\/comments?post=88139"}],"version-history":[{"count":0,"href":"https:\/\/www.europesays.com\/es\/wp-json\/wp\/v2\/posts\/88139\/revisions"}],"wp:featuredmedia":[{"embeddable":true,"href":"https:\/\/www.europesays.com\/es\/wp-json\/wp\/v2\/media\/88140"}],"wp:attachment":[{"href":"https:\/\/www.europesays.com\/es\/wp-json\/wp\/v2\/media?parent=88139"}],"wp:term":[{"taxonomy":"category","embeddable":true,"href":"https:\/\/www.europesays.com\/es\/wp-json\/wp\/v2\/categories?post=88139"},{"taxonomy":"post_tag","embeddable":true,"href":"https:\/\/www.europesays.com\/es\/wp-json\/wp\/v2\/tags?post=88139"}],"curies":[{"name":"wp","href":"https:\/\/api.w.org\/{rel}","templated":true}]}}