{"id":88223,"date":"2025-09-02T12:05:09","date_gmt":"2025-09-02T12:05:09","guid":{"rendered":"https:\/\/www.europesays.com\/es\/88223\/"},"modified":"2025-09-02T12:05:09","modified_gmt":"2025-09-02T12:05:09","slug":"la-inflacion-en-la-eurozona-sube-ligeramente-en-agosto-al-21","status":"publish","type":"post","link":"https:\/\/www.europesays.com\/es\/88223\/","title":{"rendered":"La inflaci\u00f3n en la eurozona sube ligeramente en agosto, al 2,1%"},"content":{"rendered":"<p>    <img src=\"https:\/\/www.europesays.com\/es\/wp-content\/uploads\/2025\/09\/7363864-item01-ipad-89935230.jpg\" width=\"1024\" height=\"682\" alt=\"\" loading=\"eager\" decoding=\"sync\" fetchpriority=\"high\"\/><\/p>\n<p>            afp_tickers        <\/p>\n<p>        Este contenido fue publicado en    <\/p>\n<p>        02 septiembre 2025 &#8211; 12:58\n<\/p>\n<p>La inflaci\u00f3n en la eurozona subi\u00f3 ligeramente en agosto, inform\u00f3 el martes la agencia de estad\u00edsticas de la Uni\u00f3n Europea, superando las expectativas de los analistas que preve\u00edan estabilidad en los precios al consumo.<\/p>\n<p>En los 20 pa\u00edses que usan la moneda \u00fanica la inflaci\u00f3n aument\u00f3 al 2,1% interanual el mes pasado, frente al 2% de julio, inform\u00f3 Eurostat, principalmente por una menor ca\u00edda de los precios de la energ\u00eda, que siguieron bajando pero a un ritmo m\u00e1s lento.<\/p>\n<p>Los analistas encuestados por Bloomberg esperaban que la tasa se mantuviera sin cambios.<\/p>\n<p>La inflaci\u00f3n subyacente, que excluye los precios m\u00e1s vol\u00e1tiles de la energ\u00eda, los alimentos, el alcohol y el tabaco, s\u00ed se mantuvo estable, en el 2,3%.<\/p>\n<p>La inflaci\u00f3n en la zona euro ha ca\u00eddo bruscamente desde su r\u00e9cord del 10,6 % interanual de octubre de 2022, cuando la invasi\u00f3n rusa de Ucrania dispar\u00f3 los precios de la energ\u00eda.<\/p>\n<p>Con la inflaci\u00f3n bajo control, el BCE est\u00e1 recortando los tipos de inter\u00e9s para impulsar el crecimiento econ\u00f3mico de la eurozona.<\/p>\n<p>ub\/del\/pc\/avl<\/p>\n","protected":false},"excerpt":{"rendered":"afp_tickers Este contenido fue publicado en 02 septiembre 2025 &#8211; 12:58 La inflaci\u00f3n en la eurozona subi\u00f3 ligeramente&hellip;\n","protected":false},"author":2,"featured_media":88224,"comment_status":"","ping_status":"","sticky":false,"template":"","format":"standard","meta":{"footnotes":""},"categories":[80],"tags":[82,95,94,84,25,24,10020,87,23,90],"class_list":{"0":"post-88223","1":"post","2":"type-post","3":"status-publish","4":"format-standard","5":"has-post-thumbnail","7":"category-economia","8":"tag-business","9":"tag-economia","10":"tag-economy","11":"tag-economy-general","12":"tag-es","13":"tag-espana","14":"tag-inflation-and-deflation","15":"tag-macro-economics","16":"tag-spain","17":"tag-ticker"},"share_on_mastodon":{"url":"","error":""},"_links":{"self":[{"href":"https:\/\/www.europesays.com\/es\/wp-json\/wp\/v2\/posts\/88223","targetHints":{"allow":["GET"]}}],"collection":[{"href":"https:\/\/www.europesays.com\/es\/wp-json\/wp\/v2\/posts"}],"about":[{"href":"https:\/\/www.europesays.com\/es\/wp-json\/wp\/v2\/types\/post"}],"author":[{"embeddable":true,"href":"https:\/\/www.europesays.com\/es\/wp-json\/wp\/v2\/users\/2"}],"replies":[{"embeddable":true,"href":"https:\/\/www.europesays.com\/es\/wp-json\/wp\/v2\/comments?post=88223"}],"version-history":[{"count":0,"href":"https:\/\/www.europesays.com\/es\/wp-json\/wp\/v2\/posts\/88223\/revisions"}],"wp:featuredmedia":[{"embeddable":true,"href":"https:\/\/www.europesays.com\/es\/wp-json\/wp\/v2\/media\/88224"}],"wp:attachment":[{"href":"https:\/\/www.europesays.com\/es\/wp-json\/wp\/v2\/media?parent=88223"}],"wp:term":[{"taxonomy":"category","embeddable":true,"href":"https:\/\/www.europesays.com\/es\/wp-json\/wp\/v2\/categories?post=88223"},{"taxonomy":"post_tag","embeddable":true,"href":"https:\/\/www.europesays.com\/es\/wp-json\/wp\/v2\/tags?post=88223"}],"curies":[{"name":"wp","href":"https:\/\/api.w.org\/{rel}","templated":true}]}}