{"id":88251,"date":"2025-09-02T12:21:08","date_gmt":"2025-09-02T12:21:08","guid":{"rendered":"https:\/\/www.europesays.com\/es\/88251\/"},"modified":"2025-09-02T12:21:08","modified_gmt":"2025-09-02T12:21:08","slug":"la-caza-irati-se-estrena-este-jueves-4-de-septiembre-en-movistar-plus","status":"publish","type":"post","link":"https:\/\/www.europesays.com\/es\/88251\/","title":{"rendered":"&#8216;La Caza. Irati&#8217; se estrena este jueves, 4 de septiembre, en Movistar Plus+"},"content":{"rendered":"<p>\n        Tras <strong>Monteperdido, Tramuntana<\/strong> y <strong>Guadiana<\/strong>, ahora llega<strong> <\/strong><a href=\"https:\/\/www.noticiasdenavarra.com\/cine-y-series\/2024\/10\/18\/navarra-escenario-cuarta-temporada-la-caza-serie-protagonizada-megan-montaner-8821786.html\" title=\"La Caza. Irati\" target=\"_blank\" class=\"link copy\" rel=\"nofollow noopener\"><strong>La Caza. Irati<\/strong><\/a><strong>.<\/strong> La cuarta temporada de la serie creada por Agust\u00edn Mart\u00ednez, guionista y uno de los tres escritores que firman como<a href=\"https:\/\/www.noticiasdenavarra.com\/tags\/carmen-mola\/\" title=\"Carmen Mola\" target=\"_blank\" class=\"link copy\" rel=\"nofollow noopener\"> Carmen Mola<\/a>, se <strong>estrenar\u00e1 este jueves, 4 de septiembre<\/strong>, en Movistar Plus+.\n<\/p>\n<p class=\"article-body__text \">\n        <strong>Megan Montaner<\/strong> y <strong>F\u00e9lix G\u00f3mez<\/strong>, que acaba de estrenar <strong>Mr. Nadie, <\/strong>del director tudelano <a href=\"https:\/\/www.noticiasdenavarra.com\/cine-y-series\/2024\/10\/18\/navarra-escenario-cuarta-temporada-la-caza-serie-protagonizada-megan-montaner-8821786.html\" title=\"Miguel \u00c1ngel Calvo Butini,\" target=\"_blank\" class=\"link copy\" rel=\"nofollow noopener\">Miguel \u00c1ngel Calvo Butini,<\/a> vuelven a protagonizar la serie, a la que en esta ocasi\u00f3n se suma<strong> Silvia Alonso.<\/strong>\n<\/p>\n<p class=\"article-body__text \">\n        Esta temporada <a href=\"https:\/\/www.noticiasdenavarra.com\/cultura\/2025\/03\/11\/numero-proyectos-rodados-navarra-despunta-9381326.html\" title=\"se rod\u00f3 en Navarra,\" target=\"_blank\" class=\"link copy\" rel=\"nofollow noopener\">se rod\u00f3 en Navarra,<\/a> concretamente en<strong> Eugi,<\/strong> la<a href=\"https:\/\/www.noticiasdenavarra.com\/tags\/sierra-de-urbasa\/\" title=\"Sierra de Urbasa,\" target=\"_blank\" class=\"link copy\" rel=\"nofollow noopener\"> Sierra de Urbasa, <\/a><strong> Saigots<\/strong> (Esteribar) y otros emplazamientos del entorno. La historia se adentra esta vez en el\u00a0<strong>enigm\u00e1tico bosque de Irati<\/strong>, en Navarra, \u00abuno de los parajes naturales m\u00e1s extensos y sobrecogedores de Europa. M\u00e1s de\u00a0<strong>20\u202f000 hect\u00e1reas de misterio<\/strong>, <strong>leyendas ancestrales y una atm\u00f3sfera densa<\/strong> marcar\u00e1n el escenario de los cr\u00edmenes que enfrentar\u00e1n nuestros protagonistas\u00bb, explican desde Delcerro Media.\n<\/p>\n<p>  Thriller psicol\u00f3gico<\/p>\n<p class=\"article-body__text \">\n        Con esta entrega, regresan Sara Campos, a la que interpreta\u00a0<strong>Megan Montaner, <\/strong>y\u00a0<strong>F\u00e9lix G\u00f3mez,<\/strong>\u00a0como el teniente Ernesto Selva. Y debuta\u00a0<strong>Silvia Alonso,<\/strong>\u00a0como la inspectora Gloria Menc\u00eda, figura que gana r\u00e1pidamente la confianza de la UCO. El reparto tambi\u00e9n incluye a\u00a0<strong>Roger Casamajor<\/strong>,\u00a0<strong>Eloy Azor\u00edn<\/strong>, <strong>\u00c1ngela Cremonte, Carla Campra, Marian Hern\u00e1ndez<\/strong> y<strong> Miguel Garc\u00e9s, <\/strong>entre otros.\n<\/p>\n<p class=\"article-body__text \">\n        Seg\u00fan la productora, esta temporada \u00abcontiene mayores dosis de <strong>thriller psicol\u00f3gico,<\/strong> con la investigaci\u00f3n de un posible\u00a0<strong>asesino en serie<\/strong>\u00a0y la pregunta constante de <strong>si se trata de algo humano o algo m\u00e1s perturbador\u00bb.<\/strong> Sara regresar\u00e1 como\u00a0<strong>psic\u00f3loga criminalista<\/strong>\u00a0tras la tr\u00e1gica p\u00e9rdida de V\u00edctor, su ex pareja, y su papel ser\u00e1 decisivo.\n<\/p>\n<p class=\"article-body__text \">\n        La historia comienza cuando un equipo de la UCO se traslada hasta la Selva de Irati cuando <strong>los habitantes de una peque\u00f1a aldea descubren el cad\u00e1ver de una mujer <\/strong>asesinada.<strong>\u00a0<\/strong>En esta ocasi\u00f3n, <strong>el teniente Ernesto Selva trabajar\u00e1 a las \u00f3rdenes de la joven inspectora Gloria Menc\u00eda.<\/strong>\u00a0El teniente ha perdido la ilusi\u00f3n por su trabajo y <strong>piensa en dejar el Cuerpo<\/strong>. Pero Ernesto <strong>no cuenta con la incorporaci\u00f3n de Sara Campos<\/strong> que, despu\u00e9s de perder a V\u00edctor, complet\u00f3 su formaci\u00f3n acad\u00e9mica y ahora trabaja como psic\u00f3loga en la <strong>Secci\u00f3n de An\u00e1lisis del Comportamiento Delictivo de la Guardia Civil.<\/strong><\/p>\n","protected":false},"excerpt":{"rendered":"Tras Monteperdido, Tramuntana y Guadiana, ahora llega La Caza. Irati. La cuarta temporada de la serie creada por&hellip;\n","protected":false},"author":2,"featured_media":88252,"comment_status":"","ping_status":"","sticky":false,"template":"","format":"standard","meta":{"footnotes":""},"categories":[171],"tags":[2627,19446,146,147,25,24,1719,10819,887,23,214],"class_list":{"0":"post-88251","1":"post","2":"type-post","3":"status-publish","4":"format-standard","5":"has-post-thumbnail","7":"category-tv","8":"tag-2627","9":"tag-caza","10":"tag-entertainment","11":"tag-entretenimiento","12":"tag-es","13":"tag-espana","14":"tag-estrena","15":"tag-irati","16":"tag-jueves","17":"tag-spain","18":"tag-tv"},"share_on_mastodon":{"url":"","error":""},"_links":{"self":[{"href":"https:\/\/www.europesays.com\/es\/wp-json\/wp\/v2\/posts\/88251","targetHints":{"allow":["GET"]}}],"collection":[{"href":"https:\/\/www.europesays.com\/es\/wp-json\/wp\/v2\/posts"}],"about":[{"href":"https:\/\/www.europesays.com\/es\/wp-json\/wp\/v2\/types\/post"}],"author":[{"embeddable":true,"href":"https:\/\/www.europesays.com\/es\/wp-json\/wp\/v2\/users\/2"}],"replies":[{"embeddable":true,"href":"https:\/\/www.europesays.com\/es\/wp-json\/wp\/v2\/comments?post=88251"}],"version-history":[{"count":0,"href":"https:\/\/www.europesays.com\/es\/wp-json\/wp\/v2\/posts\/88251\/revisions"}],"wp:featuredmedia":[{"embeddable":true,"href":"https:\/\/www.europesays.com\/es\/wp-json\/wp\/v2\/media\/88252"}],"wp:attachment":[{"href":"https:\/\/www.europesays.com\/es\/wp-json\/wp\/v2\/media?parent=88251"}],"wp:term":[{"taxonomy":"category","embeddable":true,"href":"https:\/\/www.europesays.com\/es\/wp-json\/wp\/v2\/categories?post=88251"},{"taxonomy":"post_tag","embeddable":true,"href":"https:\/\/www.europesays.com\/es\/wp-json\/wp\/v2\/tags?post=88251"}],"curies":[{"name":"wp","href":"https:\/\/api.w.org\/{rel}","templated":true}]}}