{"id":88304,"date":"2025-09-02T12:51:11","date_gmt":"2025-09-02T12:51:11","guid":{"rendered":"https:\/\/www.europesays.com\/es\/88304\/"},"modified":"2025-09-02T12:51:11","modified_gmt":"2025-09-02T12:51:11","slug":"la-inflacion-de-la-eurozona-supera-las-estimaciones-en-agosto-cerca-del-objetivo-del-bce","status":"publish","type":"post","link":"https:\/\/www.europesays.com\/es\/88304\/","title":{"rendered":"La inflaci\u00f3n de la eurozona supera las estimaciones en agosto, cerca del objetivo del BCE"},"content":{"rendered":"\n<p class=\"yf-1090901\"><a href=\"https:\/\/es.finance.yahoo.com\/noticias\/inflaci%C3%B3n-eurozona-mantiene-2-euro-115020750.html\" data-ylk=\"slk:La inflaci\u00f3n en la eurozona;elm:context_link;itc:0;sec:content-canvas;outcm:mb_qualified_link;_E:mb_qualified_link;ct:story;\" class=\"link  yahoo-link\" rel=\"nofollow noopener\" target=\"_blank\"><strong>La inflaci\u00f3n en la eurozona<\/strong><\/a> subi\u00f3 en agosto, superando las expectativas, pero manteni\u00e9ndose lo bastante cerca del <strong>objetivo del 2% del Banco Central Europeo<\/strong> como para no causar demasiada preocupaci\u00f3n, al menos por ahora.<\/p>\n<p class=\"yf-1090901\">Seg\u00fan la \u00faltima estimaci\u00f3n preliminar de Eurostat, la inflaci\u00f3n anual de la zona euro subi\u00f3 al 2,1% en agosto, frente al 2,0% de julio. <strong>Los economistas no esperaban cambios<\/strong>. En t\u00e9rminos mensuales, los precios subieron un 0,2%, tras el estancamiento del mes anterior.<\/p>\n<p class=\"yf-1090901\"><strong>La inflaci\u00f3n subyacente<\/strong> -que excluye la energ\u00eda, los alimentos, el alcohol y el tabaco- se mantuvo en el 2,3% por cuarto mes consecutivo. Esto sugiere que las presiones subyacentes sobre los precios est\u00e1n resistiendo, pero no se est\u00e1n acelerando de forma que se dispare la alarma.<\/p>\n<p class=\"yf-1090901\">En cuanto a los principales componentes, los precios de los <strong>alimentos, el alcohol y el tabaco<\/strong> subieron un 3,2% interanual, ligeramente por debajo del 3,3% de julio, mientras que la inflaci\u00f3n de los servicios se enfri\u00f3 ligeramente hasta el 3,1%.<\/p>\n<p class=\"yf-1090901\">Por su parte, los <strong>bienes industriales no energ\u00e9ticos<\/strong> se mantuvieron estables en el 0,8%, y los precios de la energ\u00eda siguieron bajando, aunque a un ritmo m\u00e1s lento, con una ca\u00edda del 1,9% frente al 2,4% de julio.<\/p>\n<p class=\"yf-1090901\">Entre los miembros de la eurozona sigue habiendo grandes variaciones. <strong>Estonia registr\u00f3 la inflaci\u00f3n anual m\u00e1s alta<\/strong>, con un 6,2%, seguida de <strong>Croacia<\/strong>, con un 4,6%, mientras que <strong>Francia y Chipre<\/strong> registraron las tasas m\u00e1s bajas, con un 0,8% y un -0,1% respectivamente.<\/p>\n<p class=\"yf-1090901\">En t\u00e9rminos intermensuales, <strong>B\u00e9lgica<\/strong> destac\u00f3 con una subida de precios del 1,5%. Por el contrario, varios pa\u00edses experimentaron deflaci\u00f3n: <strong>Grecia<\/strong> registr\u00f3 un descenso del 0,6%, <strong>Lituania y Finlandia<\/strong> bajaron un 0,3%, <strong>Letonia e Italia<\/strong> cayeron un 0,2% y <strong>Portugal<\/strong> un 0,1%.<\/p>\n<p class=\"yf-1090901\">El Banco Central Europeo se reuni\u00f3 por \u00faltima vez en julio, cuando <a href=\"https:\/\/es.finance.yahoo.com\/noticias\/inflaci%C3%B3n-eurozona-cae-debajo-objetivo-113212648.html\" data-ylk=\"slk:decidi\u00f3 pausar los recortes de tipos;elm:context_link;itc:0;sec:content-canvas;outcm:mb_qualified_link;_E:mb_qualified_link;ct:story;\" class=\"link  yahoo-link\" rel=\"nofollow noopener\" target=\"_blank\"><strong>decidi\u00f3 pausar los recortes de tipos<\/strong><\/a> tras ocho reducciones consecutivas. Su presidenta, <strong>Christine Lagarde<\/strong>, afirm\u00f3 que el BCE se encontraba \u00aben un buen momento\u00bb, pero tambi\u00e9n se mostr\u00f3 prudente, <strong>destacando las incertidumbres<\/strong> relacionadas con la pol\u00edtica comercial y las cadenas de suministro mundiales.<\/p>\n<p class=\"yf-1090901\">Dado que la inflaci\u00f3n muestra una tendencia pr\u00e1cticamente estable, cercana al objetivo del BCE, y que la <a href=\"https:\/\/es.finance.yahoo.com\/noticias\/espa%C3%B1a-perdi%C3%B3-199-300-empleos-111104386.html\" data-ylk=\"slk:tasa de desempleo;elm:context_link;itc:0;sec:content-canvas;outcm:mb_qualified_link;_E:mb_qualified_link;ct:story;\" class=\"link  yahoo-link\" rel=\"nofollow noopener\" target=\"_blank\"><strong>tasa de desempleo<\/strong><\/a> de la eurozona se mantiene en un <strong>m\u00ednimo hist\u00f3rico del 6,2%<\/strong>, los mercados no esperan ning\u00fan cambio en los tipos de inter\u00e9s en la pr\u00f3xima reuni\u00f3n del Consejo de Gobierno del 10 de septiembre. Es probable que el tipo de la facilidad de dep\u00f3sito se mantenga en el 2%, ya que el BCE mantiene su postura de \u00abesperar y ver\u00bb.<\/p>\n<p class=\"yf-1090901\">Los mercados europeos se resintieron el martes, con la renta variable bajo presi\u00f3n y la <strong>incertidumbre pol\u00edtica<\/strong> agravando el nerviosismo de los inversores. Tanto <a href=\"https:\/\/es.euronews.com\/2025\/09\/02\/francois-bayrou-se-enfrenta-al-hundimiento-del-gobierno-que-le-espera-a-francia\" rel=\"nofollow noopener\" target=\"_blank\" data-ylk=\"slk:Francia;elm:context_link;itc:0;sec:content-canvas\" class=\"link \"><strong>Francia<\/strong><\/a> como los <a href=\"https:\/\/es.euronews.com\/my-europe\/2025\/08\/29\/la-ultraderecha-de-geert-wilders-lidera-las-encuestas-a-dos-meses-de-las-elecciones-en-pai\" rel=\"nofollow noopener\" target=\"_blank\" data-ylk=\"slk:Pa\u00edses Bajos;elm:context_link;itc:0;sec:content-canvas\" class=\"link \">Pa\u00edses Bajos<\/a> luchan contra la <strong>inestabilidad interna<\/strong>.<\/p>\n<p class=\"yf-1090901\">El <strong>DAX alem\u00e1n<\/strong> cay\u00f3 un 1% y se situ\u00f3 por debajo de la marca de los 24.000 puntos, niveles que no alcanzaba desde principios de agosto. El <strong>FTSE MIB italiano<\/strong> y el <strong>IBEX 35<\/strong> espa\u00f1ol siguieron su ejemplo, mientras que el <strong>CAC 40<\/strong> franc\u00e9s se mantuvo plano. El Euro STOXX 50 baj\u00f3 un 0,5% y el Euro STOXX 600 tambi\u00e9n retrocedi\u00f3 un 0,6%.<\/p>\n<p class=\"yf-1090901\">Entre los valores individuales, <strong>LVMH se desmarc\u00f3<\/strong> de la tendencia y <strong>gan\u00f3 un 3,2%<\/strong> despu\u00e9s de que HSBC elevara su precio objetivo a 625 euros desde 535 euros. Por el contrario, <strong>Siemens cay\u00f3 un 2,9%<\/strong> y ASML un 2%.<\/p>\n<p class=\"yf-1090901\">En los mercados de divisas, el euro cedi\u00f3 un 0,7%, hasta 1,1630 d\u00f3lares, reflejando la <strong>preferencia de los inversores por el d\u00f3lar<\/strong> ante el menor apetito por el riesgo. Mientras tanto, los metales preciosos acapararon la atenci\u00f3n. <a href=\"https:\/\/es.euronews.com\/business\/2025\/08\/07\/el-precio-del-oro-en-alza-la-reserva-alemana-registra-un-aumento-de-40000-millones-de-euro\" rel=\"nofollow noopener\" target=\"_blank\" data-ylk=\"slk:El oro super\u00f3 los 3.500 d\u00f3lares;elm:context_link;itc:0;sec:content-canvas\" class=\"link \"><strong>El oro super\u00f3 los 3.500 d\u00f3lares<\/strong><\/a> por onza por primera vez en la historia. La plata tambi\u00e9n extendi\u00f3 sus ganancias, superando los 40 d\u00f3lares por onza, su nivel m\u00e1s alto desde septiembre de 2011.<\/p>\n","protected":false},"excerpt":{"rendered":"La inflaci\u00f3n en la eurozona subi\u00f3 en agosto, superando las expectativas, pero manteni\u00e9ndose lo bastante cerca del objetivo&hellip;\n","protected":false},"author":2,"featured_media":88305,"comment_status":"","ping_status":"","sticky":false,"template":"","format":"standard","meta":{"footnotes":""},"categories":[80],"tags":[101,82,95,94,25,24,11519,32443,20431,6409,23],"class_list":{"0":"post-88304","1":"post","2":"type-post","3":"status-publish","4":"format-standard","5":"has-post-thumbnail","7":"category-economia","8":"tag-banco-central-europeo","9":"tag-business","10":"tag-economia","11":"tag-economy","12":"tag-es","13":"tag-espana","14":"tag-eurozona","15":"tag-inflacion-anual","16":"tag-inflacion-subyacente","17":"tag-precios-de-la-energia","18":"tag-spain"},"share_on_mastodon":{"url":"","error":""},"_links":{"self":[{"href":"https:\/\/www.europesays.com\/es\/wp-json\/wp\/v2\/posts\/88304","targetHints":{"allow":["GET"]}}],"collection":[{"href":"https:\/\/www.europesays.com\/es\/wp-json\/wp\/v2\/posts"}],"about":[{"href":"https:\/\/www.europesays.com\/es\/wp-json\/wp\/v2\/types\/post"}],"author":[{"embeddable":true,"href":"https:\/\/www.europesays.com\/es\/wp-json\/wp\/v2\/users\/2"}],"replies":[{"embeddable":true,"href":"https:\/\/www.europesays.com\/es\/wp-json\/wp\/v2\/comments?post=88304"}],"version-history":[{"count":0,"href":"https:\/\/www.europesays.com\/es\/wp-json\/wp\/v2\/posts\/88304\/revisions"}],"wp:featuredmedia":[{"embeddable":true,"href":"https:\/\/www.europesays.com\/es\/wp-json\/wp\/v2\/media\/88305"}],"wp:attachment":[{"href":"https:\/\/www.europesays.com\/es\/wp-json\/wp\/v2\/media?parent=88304"}],"wp:term":[{"taxonomy":"category","embeddable":true,"href":"https:\/\/www.europesays.com\/es\/wp-json\/wp\/v2\/categories?post=88304"},{"taxonomy":"post_tag","embeddable":true,"href":"https:\/\/www.europesays.com\/es\/wp-json\/wp\/v2\/tags?post=88304"}],"curies":[{"name":"wp","href":"https:\/\/api.w.org\/{rel}","templated":true}]}}