{"id":88325,"date":"2025-09-02T13:04:09","date_gmt":"2025-09-02T13:04:09","guid":{"rendered":"https:\/\/www.europesays.com\/es\/88325\/"},"modified":"2025-09-02T13:04:09","modified_gmt":"2025-09-02T13:04:09","slug":"quien-es-quien-en-la-nueva-temporada","status":"publish","type":"post","link":"https:\/\/www.europesays.com\/es\/88325\/","title":{"rendered":"qui\u00e9n es qui\u00e9n en la nueva temporada"},"content":{"rendered":"<p>\t\t\t \t\t \t\t\t\t\t\t\tGloria Camila Ortega, Tony Spina, Rub\u00e9n Torres, Miri P\u00e9rez-Cabrero y Alejandro Albal\u00e1 parten hacia Honduras <strong class=\"pd-l\">Jos\u00e9 Oliva | Europa Press  <\/strong><\/p>\n<p>\t\t\t\t\t\tLa nueva edici\u00f3n del programa de desaf\u00edos, con un grupo de reconocidos protagonistas de las ediciones anteriores, comenzar\u00e1 este jueves 4 de septiembre<br \/>\n\t\t\t\t\t\t\t\t\t\t\t\t<strong>02 sep 2025<\/strong> . Actualizado a las 11:43 h.\t\t\t\t\t\t<\/p>\n<p class=\"first-paragraph txt\">Uno de los realities estrella de <strong><a href=\"https:\/\/www.lavozdegalicia.es\/temas\/telecinco\" rel=\"nofollow noopener\" target=\"_blank\">Telecinco<\/a> <\/strong>est\u00e1\u00a0a punto de <a class=\"link-txt\" href=\"https:\/\/www.lavozdegalicia.es\/noticia\/television\/2025\/09\/01\/tele-viene-regreso-pepa-bueno-supervivientes-fichajes-hormiguero\/00031756725819252325959.htm\" rel=\"nofollow noopener\" target=\"_blank\">comenzar una nueva edici\u00f3n<\/a>. <strong><a href=\"https:\/\/www.lavozdegalicia.es\/temas\/supervivientes\" rel=\"nofollow noopener\" target=\"_blank\">Supervivientes<\/a> All Stars<\/strong> llega este <strong>jueves<\/strong>, <strong>4 de septiembre<\/strong>. Desde el programa ya han desvelado que se tratar\u00e1 de una de las temporadas con desaf\u00edos m\u00e1s exigentes y que los participantes estar\u00e1n divididos entre dos playas: <strong>Playa Armon\u00eda y Playa Caos<\/strong>. La aventura ya comenz\u00f3, los participantes <strong>embarcaron desde el aeropuerto de Madrid<\/strong> con\u00a0destino\u00a0a <strong><a href=\"https:\/\/www.lavozdegalicia.es\/temas\/honduras\" rel=\"nofollow noopener\" target=\"_blank\">Honduras<\/a><\/strong>\u00a0.\u00a0<\/p>\n<p class=\"txt\">El elenco estar\u00e1 compuesto por\u00a0<strong>Jessica Bueno, Gloria Camila, Iv\u00e1n G\u00f3mez, Elena Rodr\u00edguez, Sonia Monroy, Carlos Alba, Kike Calleja, Fani Carbajo, Rub\u00e9n Torres, Alejandro Albal\u00e1, Miri P\u00e9rez-Cabrero, Noel Bayarri, Tony Spina<\/strong>. Un grupo de\u00a0valientes participantes en temporadas anteriores que vuelven a las playas hondure\u00f1as a enfrentarse a una nueva experiencia.\u00a0<\/p>\n<p>\t\t\t\t\t\t \t\t\t\t\t\t\t\t\t\t\t\t\t\t\t\t\t\t\t\t\t\t\tQui\u00e9n es qui\u00e9n en esta nueva temporada<\/p>\n<p>\t\t\t \t\t \t\t\t\t\t\t\tJessica Bueno <strong class=\"pd-l\">Jos\u00e9 Oliva | Europa Press  <\/strong><\/p>\n<p class=\"txt\"><strong>Jessica Bueno<\/strong> particip\u00f3 en el reality en el a\u00f1o <strong>2011<\/strong>. A pesar de no haber logrado hacerse con el cheque de los 200.000 euros en esa temporada, fue ah\u00ed donde comenz\u00f3 su relaci\u00f3n con <a href=\"https:\/\/www.lavozdegalicia.es\/temas\/kiko-rivera\" rel=\"nofollow noopener\" target=\"_blank\">Kiko Rivera<\/a>, <strong>padre de su primer hijo<\/strong>. La modelo, que\u00a0estuvo casada entre el 2015 y el 2022 con el futbolista gallego <strong>Jota Peleteiro<\/strong>,\u00a0particip\u00f3 en el\u00a0<strong>2023 en <a href=\"https:\/\/www.lavozdegalicia.es\/temas\/gran-hermano\" rel=\"nofollow noopener\" target=\"_blank\">Gran Hermano<\/a><a href=\"https:\/\/www.lavozdegalicia.es\/temas\/gran-hermano\" rel=\"nofollow noopener\" target=\"_blank\"> VIP<\/a><\/strong>, de donde sali\u00f3 enamorada de <a class=\"link-txt\" href=\"https:\/\/www.lavozdegalicia.es\/noticia\/gente\/2025\/03\/10\/luitingo-reventado-tras-salir-luz-audios-hablando-jessica-bueno\/00031741595497100171163.htm\" rel=\"nofollow noopener\" target=\"_blank\"><strong>Luitingo. <\/strong>Ahora, <strong>reci\u00e9n terminada la relaci\u00f3n <\/strong><\/a>y dejando atr\u00e1s sus v\u00ednculos amorosos, est\u00e1 lista para <strong>una nueva aventura<\/strong>.\u00a0<\/p>\n<p>\t\t\t \t\t \t\t\t\t\t\t\tGloria Camila Ortega <strong class=\"pd-l\">Jos\u00e9 Oliva | Europa Press  <\/strong><\/p>\n<p class=\"txt\"><strong>Gloria Camila<\/strong> vuelve al reality despu\u00e9s de <strong>ocho a\u00f1os<\/strong> y, a diferencia de su experiencia anterior, cuando <strong>entr\u00f3 con su novio Kiko Jim\u00e9nez<\/strong>, esta vez lo har\u00e1 <strong>sola<\/strong>. En medio del <a class=\"link-txt\" href=\"https:\/\/www.lavozdegalicia.es\/noticia\/gente\/2025\/07\/13\/gloria-camila-preocupada-tras-muerte-michu-sobrina-quiero-pase-\/00031752418890351556219.htm\" rel=\"nofollow noopener\" target=\"_blank\">conflicto que rodea la tutela de su <strong>sobrina Roc\u00edo<\/strong><\/a>, tras el fallecimiento de su <strong>excu\u00f1ada <a href=\"https:\/\/www.lavozdegalicia.es\/temas\/michu\" rel=\"nofollow noopener\" target=\"_blank\">Michu<\/a><\/strong>, la joven creadora de contenido se sube al avi\u00f3n con destino a Honduras en busca de<strong>\u00a0\u00absuperarse\u00bb<\/strong>.\u00a0<\/p>\n<p>\t\t\t \t\t \t\t\t\t\t\t\tIv\u00e1n Gonz\u00e1lez <strong class=\"pd-l\">Jos\u00e9 Oliva | Europa Press  <\/strong><\/p>\n<p class=\"txt\"><strong>Iv\u00e1n Gonz\u00e1lez<\/strong> estuvo en la <a class=\"link-txt\" href=\"https:\/\/www.lavozdegalicia.es\/lista\/television\/2017\/04\/19\/supervivientes-2017-concursantes-confirmados-aventura-honduras\/03071492596945346696503.htm#12\" rel=\"nofollow noopener\" target=\"_blank\">misma edici\u00f3n que <strong>Gloria Camila<\/strong><\/a>, con quien hizo muy buenas migas e incluso en el\u00a0<strong>2019<\/strong> se lleg\u00f3 a correr el <strong>rumor de que hab\u00eda algo <\/strong>entre ellos. Iv\u00e1n sali\u00f3 del reality\u00a0convencido\u00a0de que <strong>no volver\u00eda a pasar por \u00e9l<\/strong>; sin embargo, ocho a\u00f1os despu\u00e9s se encuentra embarc\u00e1ndose en una nueva experiencia y asegur\u00f3 que se siente <strong>\u00abfuerte f\u00edsicamente\u00bb<\/strong>, pero a\u00fan m\u00e1s a <strong>nivel mental<\/strong>.\u00a0<\/p>\n<p>\t\t\t \t\t \t\t\t\t\t\t\tCaptura del v\u00eddeo de presentaci\u00f3n\u00a0 de Elena Rodr\u00edguez para \u00abSupervivientes All Star\u00bb <strong class=\"pd-l\">Telecinco, 2025  <\/strong><\/p>\n<p class=\"txt\"><strong>Elena Rodr\u00edguez<\/strong> tambi\u00e9n formar\u00e1 parte de los <strong>supervivientes<\/strong>, <a class=\"link-txt\" href=\"https:\/\/www.lavozdegalicia.es\/noticia\/sociedad\/2020\/02\/18\/supervivientes-2020\/00031582030228091823681.htm\" rel=\"nofollow noopener\" target=\"_blank\">como en el <strong>2020<\/strong><\/a>. La madre de <strong>Adara Molinero<\/strong> es conocida por el apoyo que le brind\u00f3 a su hija durante su participaci\u00f3n\u00a0en <strong>Gran Hermano VIP<\/strong>. Hace cinco a\u00f1os fue una de las <strong>favoritas de la audiencia<\/strong> y tuvo que abandonar el reality a un paso de llegar a la final. Pero esta vez est\u00e1 decidida: <strong>\u00abVengo a ganar\u00bb<\/strong>.\u00a0<\/p>\n<p>\t\t\t \t\t \t\t\t\t\t\t\tSonia Monroy <strong class=\"pd-l\">Jos\u00e9 Oliva | Europa Press  <\/strong><\/p>\n<p class=\"txt\"><strong>Sonia Monroy<\/strong> vuelve a pisar firme en Honduras. Despu\u00e9s de su <strong>cuarto puesto en la edici\u00f3n 2011<\/strong>, al que logr\u00f3 llegar gracias al <strong>apoyo del p\u00fablico<\/strong> que la salv\u00f3 de la <strong>nominaci\u00f3n ocho veces<\/strong>. Monroy se present\u00f3<strong> vestida de guerrera<\/strong> y asegur\u00f3 en la entrevista con Telecinco: \u00abY <a class=\"link-txt\" href=\"https:\/\/www.lavozdegalicia.es\/noticia\/gente\/2015\/02\/23\/tramposo-paso-sonia-monroy-alfombra-roja\/00031424691195157987367.htm\" rel=\"nofollow noopener\" target=\"_blank\">el Oscar para la mejor Superviviente All Stars<\/a> es para\u2026. \u00a1Sonia Monroy! S\u00ed, para m\u00ed, porque <strong>vuelvo a Honduras m\u00e1s guerrera que nunca<\/strong> \u00a1De <a href=\"https:\/\/www.lavozdegalicia.es\/temas\/hollywood\" rel=\"nofollow noopener\" target=\"_blank\">Hollywood<\/a> a Honduras!\u00bb.\u00a0<\/p>\n<p>\t\t\t \t\t \t\t\t\t\t\t\tCarlos Alba y Kike Calleja <strong class=\"pd-l\">Jos\u00e9 Oliva | Europa Press  <\/strong><\/p>\n<p class=\"txt\"><strong>Carlos Alba<\/strong> vuelve al reality en busca de la <strong>revancha luego de su paso en el 2021<\/strong>. El <strong>chef<\/strong> tuvo que abandonar el programa por una <strong>grave lesi\u00f3n en el brazo<\/strong>. A\u00f1os despu\u00e9s tambi\u00e9n se someti\u00f3 a una <strong>operaci\u00f3n a coraz\u00f3n abierto<\/strong> que le hizo cambiar la forma de vivir su vida. Por eso que quiere volver a las<strong> desafiantes playas de Honduras<\/strong>, donde cree que <strong>\u00abla fuerza, la resistencia y el coraje\u00bb<\/strong> ser\u00e1n los ingredientes perfectos para triunfar en esta edici\u00f3n.\u00a0<\/p>\n<p class=\"txt\"><strong>Kike Calleja<\/strong> se present\u00f3 en <strong>Supervivientes 2024<\/strong>\u00a0y, sin querer esperar m\u00e1s, vuelve en esta temporada con la intenci\u00f3n de <strong>\u00absuperar nuevos retos\u00bb<\/strong>. El colaborador de <strong>Fiesta\u00a0<\/strong>admiti\u00f3 que la <a class=\"link-txt\" href=\"https:\/\/www.lavozdegalicia.es\/noticia\/sociedad\/2022\/07\/11\/gran-boda-kike-calleja-corunesa-raquel-abad\/00031657542870706292484.htm\" rel=\"nofollow noopener\" target=\"_blank\">despedida de su pareja <strong>Raquel Abad<\/strong> fue dura<\/a>, pero que sabe que a su regreso podr\u00e1n tener una <strong>segunda luna de miel<\/strong>. A su vez, al ser consultado por <strong>EuropaPress<\/strong>, habl\u00f3 muy bien de su expareja <strong><a href=\"https:\/\/www.lavozdegalicia.es\/temas\/terelu-campos\" rel=\"nofollow noopener\" target=\"_blank\">Terelu Campos<\/a><\/strong>, con quien comparte una<strong> \u00edntima amistad<\/strong>.\u00a0<\/p>\n<p>\t\t\t \t\t \t\t\t\t\t\t\tFani Carbajo <strong class=\"pd-l\">Jos\u00e9 Oliva | Europa Press  <\/strong><\/p>\n<p class=\"txt\"><strong>Fani Carbajo<\/strong> calific\u00f3 como \u00ab<strong>dur\u00edsima<\/strong>\u00bb su experiencia en <strong>Supervivientes 2020<\/strong>; sin embargo, vuelve cinco a\u00f1os m\u00e1s tarde<strong> \u00abcon muchas m\u00e1s ganas y dispuesta a ganar\u00bb<\/strong>. La influencer tambi\u00e9n particip\u00f3 de otros realities como<strong> La\u00a0isla de las tentaciones<\/strong>, donde salt\u00f3 a la fama. El <a class=\"link-txt\" href=\"https:\/\/www.lavozdegalicia.es\/noticia\/sociedad\/2020\/01\/30\/mundo-ve-isla-tentaciones\/00031580397616552536151.htm\" rel=\"nofollow noopener\" target=\"_blank\">legendario <strong>\u00ab\u00a1Estefan\u00eda!\u00bb<\/strong><\/a> marc\u00f3 su paso por la televisi\u00f3n\u00a0cuando su expareja <strong>Christofer<\/strong>\u00a0descubri\u00f3 que no hab\u00eda podido aguantar la tentaci\u00f3n y <strong>le hab\u00eda sido infiel<\/strong>.\u00a0<\/p>\n<p>\t\t\t \t\t \t\t\t\t\t\t\tRub\u00e9n Torres <strong class=\"pd-l\">Jos\u00e9 Oliva | Europa Press  <\/strong><\/p>\n<p class=\"txt\"><strong>Rub\u00e9n Torres<\/strong> form\u00f3 parte de <strong>Supervivientes 2024<\/strong>, lleg\u00f3 a ser segundo finalista de su temporada y <strong>bati\u00f3 un r\u00e9cord de collares de l\u00edder<\/strong> en una edici\u00f3n.\u00a0Tras su paso por el programa, el <strong>bombero<\/strong> se abri\u00f3 por completo al <strong>mundo de la televisi\u00f3n<\/strong> al participar de la octava edici\u00f3n de La isla de las tentaciones como<strong> tentador VIP<\/strong>.\u00a0<\/p>\n<p>\t\t\t \t\t \t\t\t\t\t\t\tAlejandro Albal\u00e1 <strong class=\"pd-l\">Jos\u00e9 Oliva | Europa Press  <\/strong><\/p>\n<p class=\"txt\"><strong>Alejandro Albal\u00e1<\/strong> particip\u00f3 del formato en la <strong>edici\u00f3n del 2021<\/strong> y luego ha permanecido alejado de los focos. El<strong> ex de <a href=\"https:\/\/www.lavozdegalicia.es\/temas\/isa-pantoja\" rel=\"nofollow noopener\" target=\"_blank\">Isa Pantoja<\/a> <\/strong>y de <strong>Sof\u00eda Suescun<\/strong> tambi\u00e9n hab\u00eda <a class=\"link-txt\" href=\"https:\/\/www.lavozdegalicia.es\/noticia\/sociedad\/2019\/03\/29\/sofia-suescun-derrotada-alejandro-albala-gh-duo\/00031553846001765348595.htm\" rel=\"nofollow noopener\" target=\"_blank\">participado en<\/a><strong> <a class=\"link-txt\" href=\"https:\/\/www.lavozdegalicia.es\/noticia\/sociedad\/2019\/03\/29\/sofia-suescun-derrotada-alejandro-albala-gh-duo\/00031553846001765348595.htm\" rel=\"nofollow noopener\" target=\"_blank\">Gran Hermando D\u00fao<\/a> 2019<\/strong>. Sin embargo, su retorno a la costa hondure\u00f1a,\u00a0tras permanecer <strong>98 d\u00edas su \u00faltima vez<\/strong>, ser\u00e1 por todo lo alto. \u00c9l ya lo dice alto y claro:\u00a0\u00abQu\u00e9 mejor manera de volver\u00bb.\u00a0<\/p>\n<p>\t\t\t \t\t \t\t\t\t\t\t\tMiri P\u00e9rez-Cabrero <strong class=\"pd-l\">Jos\u00e9 Oliva | Europa Press  <\/strong><\/p>\n<p class=\"txt\"><strong>Miri P\u00e9rez-Cabrero<\/strong> es otra de las <strong>caras recurrentes<\/strong> en Honduras, al haber formado parte de la temporada del 2024. Seg\u00fan explic\u00f3 a Telecinco:\u00a0\u00ab<strong>No me pod\u00eda resistir. Estoy en mi h\u00e1bitat en Supervivientes<\/strong>\u00bb. La concursante que <a class=\"link-txt\" href=\"https:\/\/www.lavozdegalicia.es\/noticia\/gente\/2025\/08\/13\/miri-perez-cabrero-influencer-relacionan-froilan\/00031755078404692109657.htm\" rel=\"nofollow noopener\" target=\"_blank\">ha sido vinculada \u00faltimamente con <strong>Froil\u00e1n<\/strong><\/a>, tuvo una gran actuaci\u00f3n el \u00faltimo a\u00f1o y ahora est\u00e1 <strong>lista para dar todo de s\u00ed<\/strong> en las pruebas.\u00a0<\/p>\n<p>\t\t\t \t\t \t\t\t\t\t\t\tNoel Bayarri <strong class=\"pd-l\">Jos\u00e9 Oliva | Europa Press  <\/strong><\/p>\n<p class=\"txt\"><strong>Noel Bayarri<\/strong> tuvo su paso por Honduras en el\u00a0<strong>2015<\/strong>, donde\u00a0<strong>permaneci\u00f3 35 d\u00edas<\/strong> hasta que fue <strong>expulsado por la audiencia.<\/strong>\u00a0Tras sus pasos por otros programas televisivos, ahora quiere la revancha en el <strong>formato salvaje<\/strong>. El canario fue de los \u00faltimos en ser confirmados para esta edici\u00f3n y le aportar\u00e1 <strong>\u00abpicante, ganas e ilusi\u00f3n\u00bb al programa<\/strong>.<\/p>\n<p>\t\t\t \t\t \t\t\t\t\t\t\tTony Spina <strong class=\"pd-l\">Jos\u00e9 Oliva | Europa Press  <\/strong><\/p>\n<p class=\"txt\"><strong>Tony Spina<\/strong> vuelve despu\u00e9s de once a\u00f1os a participar de <strong>Supervivientes<\/strong>. Despu\u00e9s\u00a0de que su pareja, <strong>Marta Pe\u00f1ate<\/strong>, fuera la<strong> ganadora de Supervivientes 2024<\/strong>, Tony se mostr\u00f3 interesado en demostrar que pod\u00edan hacer historia juntos: \u00abEl a\u00f1o pasado gan\u00f3 mi pareja Marta y este a\u00f1o me toca a m\u00ed. <strong>Vamos a ser la primera pareja en ganar el mismo reality<\/strong>\u00bb. De esta forma se embarca a Honduras dejando atr\u00e1s sus <a class=\"link-txt\" href=\"https:\/\/www.lavozdegalicia.es\/noticia\/lavozdelasalud\/enredes\/2025\/06\/05\/marta-penate-anuncia-sufrido-aborto-mayores-batacazos-vida\/00031749130773037227150.htm\" rel=\"nofollow noopener\" target=\"_blank\">intentos <strong>sin \u00e9xito de convertirse en padre<\/strong><\/a> en el \u00faltimo a\u00f1o.\u00a0<\/p>\n<p>&#13;<br \/>\n\tArchivado en:&#13;<br \/>\n\t\t\t\t\t<a href=\"https:\/\/www.lavozdegalicia.es\/temas\/honduras\/\" target=\"_blank\" class=\"mg-l\" rel=\"nofollow noopener\">Honduras<\/a>&#13;<br \/>\n\t\t\t\t\t<a href=\"https:\/\/www.lavozdegalicia.es\/temas\/supervivientes\/\" target=\"_blank\" class=\"mg-l\" rel=\"nofollow noopener\">Supervivientes<\/a>&#13;<br \/>\n\t\t\t\t\t<a href=\"https:\/\/www.lavozdegalicia.es\/temas\/telecinco\/\" target=\"_blank\" class=\"mg-l\" rel=\"nofollow noopener\">Telecinco<\/a>&#13;<br \/>\n\t\t\t\t\t<a href=\"https:\/\/www.lavozdegalicia.es\/temas\/kiko-rivera\/\" target=\"_blank\" class=\"mg-l\" rel=\"nofollow noopener\">Kiko Rivera<\/a>&#13;<br \/>\n\t\t\t\t\t<a href=\"https:\/\/www.lavozdegalicia.es\/temas\/aeropuerto-de-barajas\/\" target=\"_blank\" class=\"mg-l\" rel=\"nofollow noopener\">Aeropuerto de Barajas<\/a>&#13;<br \/>\n\t\t\t        \t&#13;<\/p>\n","protected":false},"excerpt":{"rendered":"Gloria Camila Ortega, Tony Spina, Rub\u00e9n Torres, Miri P\u00e9rez-Cabrero y Alejandro Albal\u00e1 parten hacia Honduras Jos\u00e9 Oliva |&hellip;\n","protected":false},"author":2,"featured_media":88326,"comment_status":"","ping_status":"","sticky":false,"template":"","format":"standard","meta":{"footnotes":""},"categories":[174],"tags":[13796,255,177,146,147,25,24,256,3057,25559,12466,23,3947,692,1145],"class_list":{"0":"post-88325","1":"post","2":"type-post","3":"status-publish","4":"format-standard","5":"has-post-thumbnail","7":"category-famosos","8":"tag-aeropuerto-de-barajas","9":"tag-celebrities","10":"tag-cine","11":"tag-entertainment","12":"tag-entretenimiento","13":"tag-es","14":"tag-espana","15":"tag-famosos","16":"tag-gran-hermano","17":"tag-honduras","18":"tag-kiko-rivera","19":"tag-spain","20":"tag-supervivientes","21":"tag-telecinco","22":"tag-terelu-campos"},"share_on_mastodon":{"url":"","error":""},"_links":{"self":[{"href":"https:\/\/www.europesays.com\/es\/wp-json\/wp\/v2\/posts\/88325","targetHints":{"allow":["GET"]}}],"collection":[{"href":"https:\/\/www.europesays.com\/es\/wp-json\/wp\/v2\/posts"}],"about":[{"href":"https:\/\/www.europesays.com\/es\/wp-json\/wp\/v2\/types\/post"}],"author":[{"embeddable":true,"href":"https:\/\/www.europesays.com\/es\/wp-json\/wp\/v2\/users\/2"}],"replies":[{"embeddable":true,"href":"https:\/\/www.europesays.com\/es\/wp-json\/wp\/v2\/comments?post=88325"}],"version-history":[{"count":0,"href":"https:\/\/www.europesays.com\/es\/wp-json\/wp\/v2\/posts\/88325\/revisions"}],"wp:featuredmedia":[{"embeddable":true,"href":"https:\/\/www.europesays.com\/es\/wp-json\/wp\/v2\/media\/88326"}],"wp:attachment":[{"href":"https:\/\/www.europesays.com\/es\/wp-json\/wp\/v2\/media?parent=88325"}],"wp:term":[{"taxonomy":"category","embeddable":true,"href":"https:\/\/www.europesays.com\/es\/wp-json\/wp\/v2\/categories?post=88325"},{"taxonomy":"post_tag","embeddable":true,"href":"https:\/\/www.europesays.com\/es\/wp-json\/wp\/v2\/tags?post=88325"}],"curies":[{"name":"wp","href":"https:\/\/api.w.org\/{rel}","templated":true}]}}