{"id":88327,"date":"2025-09-02T13:05:25","date_gmt":"2025-09-02T13:05:25","guid":{"rendered":"https:\/\/www.europesays.com\/es\/88327\/"},"modified":"2025-09-02T13:05:25","modified_gmt":"2025-09-02T13:05:25","slug":"maria-terron-bru-expone-entre-suturas-en-badajoz","status":"publish","type":"post","link":"https:\/\/www.europesays.com\/es\/88327\/","title":{"rendered":"Mar\u00eda Terr\u00f3n Bru expone &#8216;Entre suturas&#8217; en Badajoz"},"content":{"rendered":"<p class=\"ft-text\"><strong>Mar\u00eda Terr\u00f3n Bru expone \u2018Entre suturas\u2019 desde este mi\u00e9rcoles, 3 de septiembre<\/strong>, en la sala VS22 de Fundaci\u00f3n CB, en la calle Virgen de la Soledad.<\/p>\n<p class=\"ft-text\">Se trata de un proyecto fotogr\u00e1fico <strong>que fusiona dos mundos: el de la sanidad y el de la imagen<\/strong>. Nace como trabajo de fin de grado en Iluminaci\u00f3n, Captaci\u00f3n y Tratamiento de la Imagen, impulsado por la experiencia profesional en quir\u00f3fano de su autora, enfermera desde 2010.<\/p>\n<p class=\"ft-text\">Este proyecto fue realizado <strong>en el Hospital Universitario de Badajoz, desde finales de 2023 hasta la actualidad<\/strong>. La serie propone una mirada \u00edntima y honesta al d\u00eda a d\u00eda dentro de un bloque quir\u00fargico. A trav\u00e9s de la fotograf\u00eda, se revela lo que habitualmente permanece oculto: la complejidad emocional, la tensi\u00f3n, la empat\u00eda, la concentraci\u00f3n y el compa\u00f1erismo que conviven detr\u00e1s de cada intervenci\u00f3n.<\/p>\n<p class=\"ft-text\">M\u00e1s all\u00e1 de la imagen t\u00edpica del bistur\u00ed y la bata verde, \u2018Entre suturas\u2019 invita a reflexionar sobre lo humano dentro de lo t\u00e9cnico. Un retrato visual de un entorno marcado por el esfuerzo, la entrega y la vida en estado de espera constante.<\/p>\n","protected":false},"excerpt":{"rendered":"Mar\u00eda Terr\u00f3n Bru expone \u2018Entre suturas\u2019 desde este mi\u00e9rcoles, 3 de septiembre, en la sala VS22 de Fundaci\u00f3n&hellip;\n","protected":false},"author":2,"featured_media":88328,"comment_status":"","ping_status":"","sticky":false,"template":"","format":"standard","meta":{"footnotes":""},"categories":[173],"tags":[229,233,231,230,7235,32449,232,234,146,147,25,24,18134,244,31641,1157,1932,1811,23,32450,32448,2752],"class_list":{"0":"post-88327","1":"post","2":"type-post","3":"status-publish","4":"format-standard","5":"has-post-thumbnail","7":"category-arte-y-diseno","8":"tag-arte","9":"tag-arte-y-diseno","10":"tag-arts","11":"tag-arts-and-design","12":"tag-badajoz","13":"tag-bru","14":"tag-design","15":"tag-diseno","16":"tag-entertainment","17":"tag-entretenimiento","18":"tag-es","19":"tag-espana","20":"tag-expone","21":"tag-fotografia","22":"tag-grado","23":"tag-imagen","24":"tag-maria","25":"tag-sanidad","26":"tag-spain","27":"tag-suturas","28":"tag-terron","29":"tag-trabajo"},"share_on_mastodon":{"url":"","error":""},"_links":{"self":[{"href":"https:\/\/www.europesays.com\/es\/wp-json\/wp\/v2\/posts\/88327","targetHints":{"allow":["GET"]}}],"collection":[{"href":"https:\/\/www.europesays.com\/es\/wp-json\/wp\/v2\/posts"}],"about":[{"href":"https:\/\/www.europesays.com\/es\/wp-json\/wp\/v2\/types\/post"}],"author":[{"embeddable":true,"href":"https:\/\/www.europesays.com\/es\/wp-json\/wp\/v2\/users\/2"}],"replies":[{"embeddable":true,"href":"https:\/\/www.europesays.com\/es\/wp-json\/wp\/v2\/comments?post=88327"}],"version-history":[{"count":0,"href":"https:\/\/www.europesays.com\/es\/wp-json\/wp\/v2\/posts\/88327\/revisions"}],"wp:featuredmedia":[{"embeddable":true,"href":"https:\/\/www.europesays.com\/es\/wp-json\/wp\/v2\/media\/88328"}],"wp:attachment":[{"href":"https:\/\/www.europesays.com\/es\/wp-json\/wp\/v2\/media?parent=88327"}],"wp:term":[{"taxonomy":"category","embeddable":true,"href":"https:\/\/www.europesays.com\/es\/wp-json\/wp\/v2\/categories?post=88327"},{"taxonomy":"post_tag","embeddable":true,"href":"https:\/\/www.europesays.com\/es\/wp-json\/wp\/v2\/tags?post=88327"}],"curies":[{"name":"wp","href":"https:\/\/api.w.org\/{rel}","templated":true}]}}