{"id":88358,"date":"2025-09-02T13:28:10","date_gmt":"2025-09-02T13:28:10","guid":{"rendered":"https:\/\/www.europesays.com\/es\/88358\/"},"modified":"2025-09-02T13:28:10","modified_gmt":"2025-09-02T13:28:10","slug":"ganadores-del-premio-aga-khan-de-arquitectura-2025","status":"publish","type":"post","link":"https:\/\/www.europesays.com\/es\/88358\/","title":{"rendered":"Ganadores del Premio Aga Khan de Arquitectura 2025"},"content":{"rendered":"<p>        <img decoding=\"async\" class=\"graf-image\" src=\"https:\/\/www.europesays.com\/es\/wp-content\/uploads\/2025\/09\/av_medium__av_299576.jpeg\" data-db-id=\"299576\" src-normal=\"\/assets\/uploads\/articulos\/82656\/av_medium__av_299576.jpeg\" src-full=\"\/assets\/uploads\/articulos\/82656\/av_299576.jpeg\" style=\"\" title=\"Ganadores del Premio Aga Khan de Arquitectura 2025\"\/><\/p>\n<p class=\"mdm_block\">Se han dado a conocer las siete obras galardonadas en la edici\u00f3n 2025 del Premio Aga Khan de Arquitectura, que compartir\u00e1n una dotaci\u00f3n total de un mill\u00f3n de d\u00f3lares. Fundado en 1977, este prestigioso premio trienal que otorga el Aga Khan Trust for Culture (AKTC) se ha consolidado como una referencia internacional en la arquitectura del mundo isl\u00e1mico, destacando intervenciones de alta calidad realizadas con sensibilidad local y recursos disponibles en el entorno.<\/p>\n<p class=\"mdm_block\">Seg\u00fan el jurado \u2014integrado, entre otros, por Lesley Lokko, Hashim Sarkis y Sarah M. Whiting\u2014, los proyectos premiados demuestran c\u00f3mo la arquitectura puede actuar como catalizador del pluralismo, la resiliencia comunitaria, la transformaci\u00f3n social, el di\u00e1logo cultural y el dise\u00f1o clim\u00e1tico responsable.<\/p>\n<p class=\"mdm_block\">Seleccionadas entre 369 propuestas, las siete obras reconocidas en esta edici\u00f3n son: la Revitalizaci\u00f3n del casco hist\u00f3rico de Esna (Egipto), de Takween Integrated Community Development; Khudi Bari, una soluci\u00f3n replicable, construida con bamb\u00fa y acero, para comunidades desplazadas en diversas ubicaciones de Banglad\u00e9s, obra de Marina Tabassum Architects; el Centro comunitario West Wusutu en Hohhot (China), de Inner Mongolian Grand Architecture Design; el Complejo Majara en la isla de Ormuz (Ir\u00e1n), de ZAV Architects; la estaci\u00f3n de metro Jahad en Teher\u00e1n (Ir\u00e1n), de KA Architecture Studio; el edificio para la organizaci\u00f3n ben\u00e9fica Vision Pakistan en Islamabad, de DB Studios; y, finalmente, el Centro para la artesan\u00eda, el dise\u00f1o, la innovaci\u00f3n y el aprendizaje Wonder Cabinet en Bel\u00e9n (Palestina), de AAU Anastas.<\/p>\n<p><img decoding=\"async\" class=\"graf-image\" src=\"https:\/\/www.europesays.com\/es\/wp-content\/uploads\/2025\/09\/av_medium__av_299574.jpeg\" data-db-id=\"299574\" src-normal=\"\/assets\/uploads\/articulos\/82656\/av_medium__av_299574.jpeg\" src-full=\"\/assets\/uploads\/articulos\/82656\/av_299574.jpeg\" title=\"Ganadores del Premio Aga Khan de Arquitectura 2025\"\/><img decoding=\"async\" class=\"graf-image\" src=\"https:\/\/www.europesays.com\/es\/wp-content\/uploads\/2025\/09\/av_medium__av_299575.jpeg\" data-db-id=\"299575\" src-normal=\"\/assets\/uploads\/articulos\/82656\/av_medium__av_299575.jpeg\" src-full=\"\/assets\/uploads\/articulos\/82656\/av_299575.jpeg\" title=\"Ganadores del Premio Aga Khan de Arquitectura 2025\"\/><img decoding=\"async\" class=\"graf-image\" src=\"https:\/\/www.europesays.com\/es\/wp-content\/uploads\/2025\/09\/av_medium__av_299577.jpeg\" data-db-id=\"299577\" src-normal=\"\/assets\/uploads\/articulos\/82656\/av_medium__av_299577.jpeg\" src-full=\"\/assets\/uploads\/articulos\/82656\/av_299577.jpeg\" title=\"Ganadores del Premio Aga Khan de Arquitectura 2025\"\/><img decoding=\"async\" class=\"graf-image\" src=\"https:\/\/www.europesays.com\/es\/wp-content\/uploads\/2025\/09\/av_medium__av_299578.jpeg\" data-db-id=\"299578\" src-normal=\"\/assets\/uploads\/articulos\/82656\/av_medium__av_299578.jpeg\" src-full=\"\/assets\/uploads\/articulos\/82656\/av_299578.jpeg\" style=\"\" title=\"Ganadores del Premio Aga Khan de Arquitectura 2025\"\/><img decoding=\"async\" class=\"graf-image\" src=\"https:\/\/www.europesays.com\/es\/wp-content\/uploads\/2025\/09\/av_medium__av_299579.jpeg\" data-db-id=\"299579\" src-normal=\"\/assets\/uploads\/articulos\/82656\/av_medium__av_299579.jpeg\" src-full=\"\/assets\/uploads\/articulos\/82656\/av_299579.jpeg\" title=\"Ganadores del Premio Aga Khan de Arquitectura 2025\"\/><img decoding=\"async\" class=\"graf-image\" src=\"https:\/\/www.europesays.com\/es\/wp-content\/uploads\/2025\/09\/av_medium__av_299580.jpeg\" data-db-id=\"299580\" src-normal=\"\/assets\/uploads\/articulos\/82656\/av_medium__av_299580.jpeg\" src-full=\"\/assets\/uploads\/articulos\/82656\/av_299580.jpeg\" title=\"Ganadores del Premio Aga Khan de Arquitectura 2025\"\/><\/p>\n","protected":false},"excerpt":{"rendered":"Se han dado a conocer las siete obras galardonadas en la edici\u00f3n 2025 del Premio Aga Khan de&hellip;\n","protected":false},"author":2,"featured_media":88359,"comment_status":"","ping_status":"","sticky":false,"template":"","format":"standard","meta":{"footnotes":""},"categories":[173],"tags":[229,233,231,230,232,234,146,147,25,24,23],"class_list":{"0":"post-88358","1":"post","2":"type-post","3":"status-publish","4":"format-standard","5":"has-post-thumbnail","7":"category-arte-y-diseno","8":"tag-arte","9":"tag-arte-y-diseno","10":"tag-arts","11":"tag-arts-and-design","12":"tag-design","13":"tag-diseno","14":"tag-entertainment","15":"tag-entretenimiento","16":"tag-es","17":"tag-espana","18":"tag-spain"},"share_on_mastodon":{"url":"","error":""},"_links":{"self":[{"href":"https:\/\/www.europesays.com\/es\/wp-json\/wp\/v2\/posts\/88358","targetHints":{"allow":["GET"]}}],"collection":[{"href":"https:\/\/www.europesays.com\/es\/wp-json\/wp\/v2\/posts"}],"about":[{"href":"https:\/\/www.europesays.com\/es\/wp-json\/wp\/v2\/types\/post"}],"author":[{"embeddable":true,"href":"https:\/\/www.europesays.com\/es\/wp-json\/wp\/v2\/users\/2"}],"replies":[{"embeddable":true,"href":"https:\/\/www.europesays.com\/es\/wp-json\/wp\/v2\/comments?post=88358"}],"version-history":[{"count":0,"href":"https:\/\/www.europesays.com\/es\/wp-json\/wp\/v2\/posts\/88358\/revisions"}],"wp:featuredmedia":[{"embeddable":true,"href":"https:\/\/www.europesays.com\/es\/wp-json\/wp\/v2\/media\/88359"}],"wp:attachment":[{"href":"https:\/\/www.europesays.com\/es\/wp-json\/wp\/v2\/media?parent=88358"}],"wp:term":[{"taxonomy":"category","embeddable":true,"href":"https:\/\/www.europesays.com\/es\/wp-json\/wp\/v2\/categories?post=88358"},{"taxonomy":"post_tag","embeddable":true,"href":"https:\/\/www.europesays.com\/es\/wp-json\/wp\/v2\/tags?post=88358"}],"curies":[{"name":"wp","href":"https:\/\/api.w.org\/{rel}","templated":true}]}}