{"id":88364,"date":"2025-09-02T13:31:07","date_gmt":"2025-09-02T13:31:07","guid":{"rendered":"https:\/\/www.europesays.com\/es\/88364\/"},"modified":"2025-09-02T13:31:07","modified_gmt":"2025-09-02T13:31:07","slug":"cradle-of-filth-terminal-eden","status":"publish","type":"post","link":"https:\/\/www.europesays.com\/es\/88364\/","title":{"rendered":"CRADLE OF FILTH \u2013 TERMINAL \u2013 ED\u00c9N"},"content":{"rendered":"<p>\u00a0<\/p>\n<p style=\"text-align: center;\"><strong><a href=\"#COF\">Nuevos comunicados del l\u00edder de CRADLE OF FILTH Dani Filth y su exteclista Zoe<\/a> \u2013 <a href=\"#TERMINAL\">TERMINAL es una nueva banda con exmiembros de TESLA y W.A.S.P.<\/a> \u2013 <a href=\"#EDEN\">Fechas de ED\u00c9N<\/a>.<\/strong><\/p>\n<p>Tras las <a href=\"https:\/\/www.rafabasa.com\/2025\/08\/31\/sepultura-cradle-of-filth-midjungards\/#CRADLE3\" rel=\"nofollow noopener\" target=\"_blank\">recientes controversias<\/a> surgidas en el seno de <a href=\"https:\/\/www.cradleoffilth.com\/\" target=\"_blank\" rel=\"noopener nofollow\"><strong>CRADLE OF FILTH<\/strong><\/a>, el cantante de la banda <strong>Dani Filth<\/strong> ha publicado un nuevo mensaje.<\/p>\n<p>\u201cTras un largo d\u00eda reflexionando en la carretera, quiero ofrecer un \u00faltimo comunicado sobre los \u00faltimos sucesos.<\/p>\n<p>Lo primero, que en mi \u00faltimo mensaje me dej\u00e9 llevar por el agotamiento y la frustraci\u00f3n compartiendo detalles personales que probablemente no fueran necesarios. Por ello me disculpo. La verdad de mi relato persiste, pero por respeto a los involucrados, de ahora en adelante no comentar\u00e9 los asuntos personales en p\u00fablico.<\/p>\n<p>No obstante lo que debo aclarar, son las alegaciones de robo y explotaci\u00f3n que se han hecho contra m\u00ed, el grupo y nuestro management. Esas alegaciones sob falsas y da\u00f1inas. Tenemos registros transparentes que muestran lo contrario, y cualquier disputa de dirimir\u00e1 de forma apropiada, no a trav\u00e9s de un juicio en las redes sociales.<\/p>\n<p>Tambi\u00e9n quiero hablar de algo m\u00e1s personal. Como Zoe y Ashok saben, mi madre se encuentra actualmente luchando contra un c\u00e1ncer en fase 4; una lucha que requiere de toda su fortaleza. Ella ha visto los ataques hacia m\u00ed aparecidos en Internet, lo que solo le ha llevado a m\u00e1s angustia. Independientemente de lo que se haya dicho, conf\u00edo en que todos estemos de acuerdo en que meter a las familias en esta tormenta es una crueldad que ninguno le deseamos a nadie.<\/p>\n<p>Para Zoe y Ashok: a pesar de todo, os deseo lo mejor. Hemos compartido grandes momentos juntos y siempre agradecer\u00e9 esos recuerdos. Pero no permitir\u00e9 que calumnias infundadas definan a esta banda o diluyan todo el trabajo que hemos puesto en ella.<\/p>\n<p>El espect\u00e1culo debe continuar; y no es una pantomima navide\u00f1a. Seguimos centrados en ofrecer los conciertos con la pasi\u00f3n que merecen nuestros fans, y en construir unas bases m\u00e1s s\u00f3lidas para que todos nuestros m\u00fasicos sigan adelante.<\/p>\n<p>\u00a1Hacia adelante!<br \/>\u2014 Dani Filth \/ Cradle Of Filth\u201d<\/p>\n<p>Por su parte, la exteclista de la banda Zoe Marie Federoff ha publicado tambi\u00e9n un nuevo mensaje:<\/p>\n<p>\u201cNos gustar\u00eda publicar un mensaje sobre la \u00faltima publicaci\u00f3n de Dani Filth. Que consideramos un paso positivo.<\/p>\n<p>Sabemos que tu madre est\u00e1 luchando contra el c\u00e1ncer y le deseamos lo mejor. Te recuerdo que fui de las primeras personas en la banda a la que se lo contaste. He estado pidiendo por ella desde entonces y condeno a cualquiera que quiera arrastrarla a esto.<\/p>\n<p>Dicho esto, nosotros no hicimos p\u00fablicos problemas personales que tuvi\u00e9ramos respecto al comportamiento diario de quien fuera. Apoyamos totalmente el viaje hacia la sobriedad de quien sea. Nuestra concentraci\u00f3n sigue en los problemas burocr\u00e1ticos y en el \u00e1mbito de los negocios. Rebatiremos cualquier declaraci\u00f3n que afirme que al alcoholismo o que el alcohol nos ha llevado a esta situaci\u00f3n. Seguimos manteniendo que han sido meses intentando hablar contigo Dan, intentando que entendieras los problemas de la gente que trabaja para ti. Tu silencio y aislamiento se volvi\u00f3 ensordecedor. Nos marchamos porque todo lo que hac\u00edas nos daba la impresi\u00f3n de que no te importaba, y lo peor, permitiste que el management nos confundiera y nos mintiera. Al final la responsabilidad de todo esto recae en ti.<\/p>\n<p>Nos decepciona que salieras con problemas personales y especulaciones sobre nuestro matrimonio, y seguimos sin tener planes de atacarte personalmente. Queremos lo mejor para ti y tu familia con Sofiya. Queremos que mejores como l\u00edder Dan. Queremos que lleves mejor la banda y que trates mejor a la gente. Nadie quiere el final de CRADLE OF FILTH como concepto art\u00edstico. Es una instituci\u00f3n de una creatividad enorme que da alegr\u00eda a la gente. Nosotros y el resto queremos que dejes de permitir que malos acuerdos da\u00f1en a la gente. Intentamos hablar de esto contigo durante meses. Las cosas no tendr\u00edan que haber sido as\u00ed. Cuida de la gente que compone m\u00fasica y toca para ti.<\/p>\n<p>Probablemente y por desgracia la pr\u00f3xima vez te veremos en el juzgado, pero no dudes ni por un momento que puedo ver al ser humano en ti y los atisbos de una conciencia.<\/p>\n<p>Que la paz sea contigo.\u201d<\/p>\n<p><img fetchpriority=\"high\" decoding=\"async\" src=\"https:\/\/www.europesays.com\/es\/wp-content\/uploads\/2025\/09\/2015_7_500.jpg\" alt=\"CRADLE OF FILTH Dani Filth\" width=\"500\" height=\"282\"\/><\/p>\n<p style=\"text-align: center;\"><strong><a href=\"https:\/\/www.rafabasa.com\/2025\/08\/31\/sepultura-cradle-of-filth-midjungards\/#CRADLE3\" target=\"_blank\" rel=\"noopener nofollow\">M\u00e1s sobre el \u00abl\u00edo\u00bb en esta anterior noticia<\/a><\/strong><\/p>\n<p><a href=\"https:\/\/www.cradleoffilth.com\/\" target=\"_blank\" rel=\"noopener nofollow\"><strong>CRADLE OF FILTH<\/strong><\/a> editaron el 21 de marzo a trav\u00e9s de Napalm Records su nuevo disco \u201cThe Screaming Of The Valkyries\u201d.<\/p>\n<p>Todos los detalles en esta <a href=\"https:\/\/www.rafabasa.com\/2025\/01\/22\/nuevo-disco-y-single-de-cradle-of-filth\/\" target=\"_blank\" rel=\"noopener nofollow\">noticia<\/a> y los v\u00eddeos aparecidos en <a href=\"https:\/\/www.rafabasa.com\/2025\/06\/03\/cradle-of-filth-estrenan-su-nuevo-video-demagoguery\/\" target=\"_blank\" rel=\"noopener nofollow\">esta<\/a>.<\/p>\n<p>Nuestra \u00faltima entrevista con <strong>Dani Filth<\/strong> en este <a href=\"https:\/\/www.rafabasa.com\/2025\/03\/10\/cradle-of-filth-entrevista-con-dani-filth-sobre-su-nuevo-album-the-screaming-of-the-valkyries-y-mas-cosas\/\" target=\"_blank\" rel=\"noopener nofollow\">enlace<\/a>.<\/p>\n<p>\u00a0<\/p>\n<p>El bajista de TESLA Brian Wheat ha publicado un mensaje en el que revela que ha formado una nueva banda llamada <strong>TERMINAL<\/strong> junto al exguitarrista de TESLA Tommy Skeoch, el exguitarrista de W.A.S.P. Chris Holmes y el bater\u00eda de SALIVA Josey Scott.<\/p>\n<p>A falta de m\u00e1s detalles, Wheat afirma que est\u00e1n preparando m\u00fasica nueva.<\/p>\n<p>\u00a0<\/p>\n<p>Los asturianos <strong>ED\u00c9N<\/strong> han anunciado las siguientes fechas:<\/p>\n<ul>\n<li>D\u00eda 3 de octubre \u2013 Perchera Fest \u2013 GIJ\u00d3N<\/li>\n<li>D\u00eda 11 de octubre \u2013 Sala Godfather \u2013 MADRID<\/li>\n<li>D\u00eda 15 de noviembre \u2013 Sala Buddha \u2013 GUIJ\u00d3N<\/li>\n<li>D\u00eda 7 de febrero \u2013 Sala Buda \u2013 BENAVENTE<\/li>\n<li>D\u00eda 2 de mayo \u2013 Sala La Forja \u2013 M\u00c9RIDA<\/li>\n<\/ul>\n<p>Su \u00faltimo v\u00eddeo en esta <a href=\"https:\/\/www.rafabasa.com\/2025\/01\/31\/def-leppard-house-of-lords-eden-hawkwind\/#EDEN\" rel=\"nofollow noopener\" target=\"_blank\">noticia<\/a>.<\/p>\n<p>Su <a href=\"https:\/\/www.rafabasa.com\/2024\/10\/07\/eden-recuerdan-la-salida-de-su-album-alma-de-libertad\/\" target=\"_blank\" rel=\"noopener nofollow\">nuevo disco<\/a> \u201cAlma de libertad\u201d apareci\u00f3 el pasado mes de octubre.<\/p>\n<p>Su anterior v\u00eddeo en esta <a href=\"https:\/\/www.rafabasa.com\/2024\/11\/13\/eden-estrenan-el-video-clip-de-junto-a-ti-nueva-grabacion-el-dia-23-de-presentan-en-oviedo\/\" target=\"_blank\" rel=\"noopener nofollow\">noticia<\/a> y sus pr\u00f3ximas fechas en <a href=\"https:\/\/www.rafabasa.com\/2024\/10\/09\/eden-confirman-conciertos\/\" target=\"_blank\" rel=\"noopener nofollow\">esta<\/a>.<\/p>\n<p>\u00a0<\/p>\n<p align=\"center\"><strong>Sigue el\u00a0<a href=\"https:\/\/whatsapp.com\/channel\/0029VaCprxVBA1f555USvT2O\" target=\"_blank\" rel=\"nofollow noopener\">Canal de RAFABASA.COM en WhatsApp<\/a>, donde encontrar\u00e1s todas nuestras novedades al instante<\/strong><\/p>\n<p>\u00a0<\/p>\n<p>\u00a0<\/p>\n","protected":false},"excerpt":{"rendered":"\u00a0 Nuevos comunicados del l\u00edder de CRADLE OF FILTH Dani Filth y su exteclista Zoe \u2013 TERMINAL es&hellip;\n","protected":false},"author":2,"featured_media":88365,"comment_status":"","ping_status":"","sticky":false,"template":"","format":"standard","meta":{"footnotes":""},"categories":[170],"tags":[28229,32458,146,147,25,24,184,185,23,29361],"class_list":{"0":"post-88364","1":"post","2":"type-post","3":"status-publish","4":"format-standard","5":"has-post-thumbnail","7":"category-musica","8":"tag-cradle-of-filth","9":"tag-eden","10":"tag-entertainment","11":"tag-entretenimiento","12":"tag-es","13":"tag-espana","14":"tag-music","15":"tag-musica","16":"tag-spain","17":"tag-terminal"},"share_on_mastodon":{"url":"","error":""},"_links":{"self":[{"href":"https:\/\/www.europesays.com\/es\/wp-json\/wp\/v2\/posts\/88364","targetHints":{"allow":["GET"]}}],"collection":[{"href":"https:\/\/www.europesays.com\/es\/wp-json\/wp\/v2\/posts"}],"about":[{"href":"https:\/\/www.europesays.com\/es\/wp-json\/wp\/v2\/types\/post"}],"author":[{"embeddable":true,"href":"https:\/\/www.europesays.com\/es\/wp-json\/wp\/v2\/users\/2"}],"replies":[{"embeddable":true,"href":"https:\/\/www.europesays.com\/es\/wp-json\/wp\/v2\/comments?post=88364"}],"version-history":[{"count":0,"href":"https:\/\/www.europesays.com\/es\/wp-json\/wp\/v2\/posts\/88364\/revisions"}],"wp:featuredmedia":[{"embeddable":true,"href":"https:\/\/www.europesays.com\/es\/wp-json\/wp\/v2\/media\/88365"}],"wp:attachment":[{"href":"https:\/\/www.europesays.com\/es\/wp-json\/wp\/v2\/media?parent=88364"}],"wp:term":[{"taxonomy":"category","embeddable":true,"href":"https:\/\/www.europesays.com\/es\/wp-json\/wp\/v2\/categories?post=88364"},{"taxonomy":"post_tag","embeddable":true,"href":"https:\/\/www.europesays.com\/es\/wp-json\/wp\/v2\/tags?post=88364"}],"curies":[{"name":"wp","href":"https:\/\/api.w.org\/{rel}","templated":true}]}}