{"id":88387,"date":"2025-09-02T13:49:13","date_gmt":"2025-09-02T13:49:13","guid":{"rendered":"https:\/\/www.europesays.com\/es\/88387\/"},"modified":"2025-09-02T13:49:13","modified_gmt":"2025-09-02T13:49:13","slug":"no-creo-que-tenga-nada-que-ver-con-los-egos","status":"publish","type":"post","link":"https:\/\/www.europesays.com\/es\/88387\/","title":{"rendered":"No creo que tenga nada que ver con los egos"},"content":{"rendered":"<p class=\"ft-text\">No cabe duda de que el empate del Bar\u00e7a en campo del Rayo Vallecano dej\u00f3 m\u00e1s secuela que la p\u00e9rdida de dos puntos y la cesi\u00f3n provisional del liderato de LaLiga en favor del Real Madrid y el Athletic Club. <strong>Hansi Flick estaba visiblemente molesto e incluso expres\u00f3 su enfado en la posterior rueda de prensa<\/strong>. <a href=\"https:\/\/www.sport.es\/es\/noticias\/barca\/palo-flick-vestuario-egos-matan-121109699\" class=\"ft-link ft-link--decoration\" rel=\"nofollow noopener\" target=\"_blank\">Reconoci\u00f3 que hab\u00eda abroncado a sus futbolistas y se referi\u00f3 a los problemas que genera el exceso de &#8216;egos&#8217;.<\/a> La reacci\u00f3n de sus jugadores ha sido casi inmediata, al menos de los internacionales concentrados con Espa\u00f1a. Lamine Yamal y Dani Olmo negaron que exista un problema de &#8216;egos&#8217; dentro de la plantilla azulgrana.<\/p>\n<p class=\"ft-text\">El primero en hablar fue <a href=\"https:\/\/www.sport.es\/es\/noticias\/barca\/palo-flick-vestuario-egos-matan-121109699\" class=\"ft-link ft-link--decoration\" rel=\"nofollow noopener\" target=\"_blank\">Pedri, que pareci\u00f3 quedarse al margen de la pol\u00e9mica al asegurar que no se daba por aludido por los comentarios del entrenador<\/a>. El tinerfe\u00f1o atendi\u00f3 a los medios de comunicaci\u00f3n en la rueda de prensa habitual en la concentraci\u00f3n de la selecci\u00f3n espa\u00f1ola y entre otros temas, afront\u00f3 las preguntas al respecto, <strong>rebajando la tensi\u00f3n.<\/strong><\/p>\n<p class=\"ft-text\">Pero, al mismo tiempo, otros compa\u00f1eros estaban atendiendo a otros medios de comunicaci\u00f3n, como es el caso de Lamine Yamal. En una entrevista con RTVE, el extremo del Bar\u00e7a mostr\u00f3 su opini\u00f3n sobre el toque de atenci\u00f3n de Hansi Flick con los egos: \u00abEso es lo que piensa cada uno, <strong>despu\u00e9s de un empate sale de estar caliente, al final hay que ganar, pero no creo que tenga nada que ver. <\/strong>Hemos sacado siete puntos de nueve en campos muy dif\u00edciles, que eso la gente no lo cuenta. No hemos jugado en nuestro campo a\u00fan, solo fuera.<strong> No creo que tenga que ver con nada de eso, tiene que ver con que no fue nuestro partido, no hemos empezado con la intensidad con la que acabamos. <\/strong>Tiene raz\u00f3n en que tuvimos muchos fallos, pero puede pasar. Hay que recuperar cuanto antes el nivel y estar preparados para el siguiente partido\u00bb.<\/p>\n<p class=\"ft-text\">\u00abLo m\u00e1s dif\u00edcil es volver a ganar despu\u00e9s de haber ganado ya, pero<strong> somos una plantilla joven que no venimos de ganar cuatro ligas seguidas, siempre tenemos ganas de m\u00e1s, <\/strong>pero la Liga es muy larga y es la competici\u00f3n en la que tienes que ser m\u00e1s regular y tenemos la confianza de que la queremos volver a ganar\u00bb, a\u00f1adi\u00f3 el futbolista del Bar\u00e7a.<\/p>\n<p class=\"ft-text\"><strong>\u00abCon Gavi me llevo muy bien, con Nico tambi\u00e9n me llevo muy bien, con Balde, Casad\u00f3<\/strong>&#8230; Yo creo que con los j\u00f3venes, con todos me llevo bien y tengo muy buena relaci\u00f3n\u00bb, explic\u00f3 en RTVE.<\/p>\n<p class=\"ft-text\">Cuestionado por las cr\u00edticas que recibe, Lamine fue tan claro como de costumbre:<strong> \u00abLa verdad es que no me afectan. Ya me he dado cuenta de que todo lo que pase en mi vida ser\u00e1 hablado y por muchas partes, inventado porque han pasado cosas en mi vida que yo no sab\u00eda. No me importa mucho<\/strong>, al final ya lo dije el d\u00eda de mi renovaci\u00f3n, tanto para lo bueno como para lo malo, solo escucho a mi c\u00edrculo que es el que de verdad sabe las cosas y lo que importa. Es algo a favor m\u00edo que me ayuda mucho porque nunca escuchar\u00e1s que Lamine est\u00e1 triste o contento por algo que ha dicho otra persona. Sigo mi camino, sigo con mi mentalidad que yo creo que es lo que me ha llevado hasta aqu\u00ed\u00bb.<\/p>\n<p>Nico Williams y Ferm\u00edn<\/p>\n<p class=\"ft-text\">Uno que se pudo incorporar a este grupo fue Nico Williams, del que tambi\u00e9n habl\u00f3 Lamine en la entrevista: <strong>\u00abS\u00ed le habl\u00e9, pero ya le dije que al final es su carrera. Soy demasiado joven como para decirle a alguien lo que tiene que hacer.<\/strong> Lo \u00fanico importante es que \u00e9l disfrute y lo pase bien donde est\u00e9 y me alegro si \u00e9l est\u00e1 contento\u00bb.<\/p>\n<p><img decoding=\"async\" src=\"https:\/\/www.europesays.com\/es\/wp-content\/uploads\/2025\/09\/e0f74d39-cc3f-47ae-b268-48da1011cc0b_alta-libre-aspect-ratio_default_0.jpg\" width=\"1200\" height=\"800\" alt=\"Lamine Yamal y Nico Williams durante el entrenamiento de la Selecci\u00f3n.\" class=\"ft-helper-img-rd\" loading=\"lazy\" hasdataaida=\"true\"\/><\/p>\n<p class=\"ft-helper-fontColor-quaternary ft-helper-fontSize-body-S ft-helper-spacer-t-xxs\">Lamine Yamal y Nico Williams durante el entrenamiento de la Selecci\u00f3n.  \/ EFE<\/p>\n<p class=\"ft-text\">El que si estar\u00e1 es Ferm\u00edn, a pesar de los rumores, algo que hace feliz al &#8217;10&#8217; cul\u00e9: \u00abEst\u00e1 bien y feliz como siempre. En el Bar\u00e7a si alguien sale es por decisi\u00f3n de \u00e9l. Somos un grupo joven y unido en el que no hay problemas entre nosotros y disfrutamos en el club en el que estamos y no creo que nadie quiera salir. <strong>Le preguntamos en broma que qu\u00e9 pasaba con Inglaterra, pero nos dijo que se quer\u00eda quedar, que estaba feliz\u00bb.<\/strong><\/p>\n<p>El Bal\u00f3n de Oro<\/p>\n<p class=\"ft-text\">Adem\u00e1s, Lamine tambi\u00e9n se sincer\u00f3 sobre si se ve ganando el Bal\u00f3n de Oro: <strong>\u00abS\u00ed, queremos ganar la Champions (entre risas) bueno s\u00ed, los dos; los dos son un sue\u00f1o, sobre todo, por la parte del Bar\u00e7a, la Champions, ser\u00eda incre\u00edble. <\/strong>Obvio, el &#8216;Bal\u00f3n de Oro&#8217; todos los jugadores quieren ganarlo y el que diga que no, miente. Estar ah\u00ed con 18 a\u00f1os creo que es algo que hay que valorar y ojal\u00e1 se d\u00e9\u00bb.<\/p>\n<p><img decoding=\"async\" src=\"https:\/\/www.europesays.com\/es\/wp-content\/uploads\/2025\/09\/6ccad321-b08e-43cb-9f87-91bf3e22a94c_alta-libre-aspect-ratio_default_0.jpg\" width=\"1200\" height=\"800\" alt=\"Lamine Yamal contra el Rayo Vallecano\" class=\"ft-helper-img-rd\" loading=\"lazy\" hasdataaida=\"true\"\/><\/p>\n<p class=\"ft-helper-fontColor-quaternary ft-helper-fontSize-body-S ft-helper-spacer-t-xxs\">Lamine Yamal contra el Rayo Vallecano  \/ Dani Barbeito \/ SPO<\/p>\n<p class=\"ft-text\">\u00bfY si tiene que elegir a alguien en caso de no ganarlo \u00e9l? <strong>\u00abNeymar y Messi. Yo le dar\u00eda uno a &#8216;Ney&#8217;, creo que se lo merece. <\/strong>El &#8216;Ney&#8217; en esa \u00e9poca en la que estuvo jugando en el Bar\u00e7a o en el Par\u00eds se lo llevar\u00eda ahora sin duda, me hubiese gustado que se hubiese llevado uno <strong>y, obviamente, Messi porque es el mejor de la historia\u00bb<\/strong>, responde el internacional espa\u00f1ol.<\/p>\n<p class=\"ft-text\">Una de las cosas que quiere mejorar la estrella del Bar\u00e7a es su producci\u00f3n goleadora: \u00abAl final las asistencias me salen solas, no es algo en lo que yo diga &#8216;quiero hacer m\u00e1s asistencias&#8217;, me salen naturalmente por mi estilo de juego. Es cierto que en los goles en los \u00faltimos a\u00f1os me he dejado llevar m\u00e1s, me estoy centrando m\u00e1s en eso, al final son m\u00e1s importantes, algo que me tengo que exigir. <strong>Cuando llego a un nivel tengo que intentar pasar a otro; estoy en eso ahora de intentar marcar los m\u00e1ximos goles posibles, pero siempre con el chip de ayudar al equipo<\/strong>\u00ab.<\/p>\n<p class=\"ft-text\">Algo que le podr\u00eda ayudar es ser el lanzador de penaltis del Bar\u00e7a. Ya tom\u00f3 la responsabilidad ante el Rayo, pero no tiene prisa: \u00abEn el f\u00fatbol la experiencia te da responsabilidades, <strong>al pasar el tiempo ir\u00e9 cogiendo m\u00e1s responsabilidades como las faltas, los penaltis\u2026 Todo tiene su tiempo.<\/strong> No tengo prisa, pero s\u00ed soy un jugador con la confianza para hacerlo. Siempre que el equipo me d\u00e9 el visto bueno, estar\u00e9 ah\u00ed para hacerlo\u00bb.<\/p>\n","protected":false},"excerpt":{"rendered":"No cabe duda de que el empate del Bar\u00e7a en campo del Rayo Vallecano dej\u00f3 m\u00e1s secuela que&hellip;\n","protected":false},"author":2,"featured_media":88388,"comment_status":"","ping_status":"","sticky":false,"template":"","format":"standard","meta":{"footnotes":""},"categories":[268],"tags":[1348,32461,168,25,24,881,4970,280,282,13342,11680,8138,32463,32462,281,23,167,26111,14780],"class_list":{"0":"post-88387","1":"post","2":"type-post","3":"status-publish","4":"format-standard","5":"has-post-thumbnail","7":"category-futbol","8":"tag-atencion","9":"tag-balon-de-oro","10":"tag-deportes","11":"tag-es","12":"tag-espana","13":"tag-fc-barcelona","14":"tag-flick","15":"tag-football","16":"tag-futbol","17":"tag-hansi-flick","18":"tag-lamine","19":"tag-lamine-yamal","20":"tag-mundial-2026","21":"tag-seleccion-espana","22":"tag-soccer","23":"tag-spain","24":"tag-sports","25":"tag-toque","26":"tag-yamal"},"share_on_mastodon":{"url":"","error":""},"_links":{"self":[{"href":"https:\/\/www.europesays.com\/es\/wp-json\/wp\/v2\/posts\/88387","targetHints":{"allow":["GET"]}}],"collection":[{"href":"https:\/\/www.europesays.com\/es\/wp-json\/wp\/v2\/posts"}],"about":[{"href":"https:\/\/www.europesays.com\/es\/wp-json\/wp\/v2\/types\/post"}],"author":[{"embeddable":true,"href":"https:\/\/www.europesays.com\/es\/wp-json\/wp\/v2\/users\/2"}],"replies":[{"embeddable":true,"href":"https:\/\/www.europesays.com\/es\/wp-json\/wp\/v2\/comments?post=88387"}],"version-history":[{"count":0,"href":"https:\/\/www.europesays.com\/es\/wp-json\/wp\/v2\/posts\/88387\/revisions"}],"wp:featuredmedia":[{"embeddable":true,"href":"https:\/\/www.europesays.com\/es\/wp-json\/wp\/v2\/media\/88388"}],"wp:attachment":[{"href":"https:\/\/www.europesays.com\/es\/wp-json\/wp\/v2\/media?parent=88387"}],"wp:term":[{"taxonomy":"category","embeddable":true,"href":"https:\/\/www.europesays.com\/es\/wp-json\/wp\/v2\/categories?post=88387"},{"taxonomy":"post_tag","embeddable":true,"href":"https:\/\/www.europesays.com\/es\/wp-json\/wp\/v2\/tags?post=88387"}],"curies":[{"name":"wp","href":"https:\/\/api.w.org\/{rel}","templated":true}]}}