{"id":88420,"date":"2025-09-02T14:09:09","date_gmt":"2025-09-02T14:09:09","guid":{"rendered":"https:\/\/www.europesays.com\/es\/88420\/"},"modified":"2025-09-02T14:09:09","modified_gmt":"2025-09-02T14:09:09","slug":"miguel-indurain-y-oscar-pereiro-conocen-la-gastronomia-lucense-en-la-vuelta","status":"publish","type":"post","link":"https:\/\/www.europesays.com\/es\/88420\/","title":{"rendered":"Miguel Indur\u00e1in y \u00d3scar Pereiro conocen la gastronom\u00eda lucense en La Vuelta"},"content":{"rendered":"<p>El mejor ciclista espa\u00f1ol de la historia, <strong>Miguel Indur\u00e1in<\/strong>, que gan\u00f3 cinco veces el <strong>Tour de Francia<\/strong> y dos el <strong>Giro de Italia<\/strong> y que fue campe\u00f3n del mundo y ol\u00edmpico contrarreloj, y el pontevedr\u00e9s <strong>\u00d3scar Pereiro<\/strong>, que se impuso en una ocasi\u00f3n en la Grande Boucle gala, han visitado este martes el puesto de &#8230;E\u00a0para comer, <a target=\"_blank\" href=\"https:\/\/www.elprogreso.es\/tags\/lugo\/\" rel=\"nofollow noopener\">Lugo<\/a>, que la <strong>Asociaci\u00f3n Provincial de Hostaler\u00eda e Turismo de Lugo<\/strong> (Apehl) tiene en <strong>La Vuelta<\/strong>.<\/p>\n<p>Indur\u00e1in y Pereiro, acompa\u00f1ados por el presidente de la Apehl, <strong>Chech\u00e9 Real<\/strong>,\u00a0conocieron de primera mano los productos de calidad y la gastronom\u00eda de la provincia de Lugo en la salida de la d\u00e9cima etapa de la ronda ciclista espa\u00f1ola, en el <strong>Parque de la Naturaleza de Navarra<\/strong>, Sendaviva.<\/p>\n<p>Trece a\u00f1os siendo fiel a la ronda ciclista<\/p>\n<p>Es la d\u00e9cimo tercera edici\u00f3n consecutiva en la que la patronal lucense de hosteler\u00eda aprovecha La Vuelta como gran escaparate para promocionar la <strong>gastronom\u00eda<\/strong> de la provincia. As\u00ed en las salidas de etapa ofrece aperitivos elaborados con productos aut\u00f3ctonos y ejemplares\u00a0de su\u00a0gu\u00eda tur\u00edstico-gastron\u00f3mica.<\/p>\n<p>Este\u00a0fin de semana la ronda ciclista llegar\u00e1 a la provincia de Lugo, procedente de Asturias, con etapa final en <strong>Monforte de Lemos<\/strong>.<\/p>\n<p><img decoding=\"async\" width=\"1279\" height=\"720\" alt=\"De izquierda a derecha, Chech\u00e9 Real; el director general de La Vuelta, Javier Guill\u00e9n, y el subdirector general de Unipublic, entidad organizadora de la prueba ciclista, Charles Ojalvo,  este martes en Navarra. EP\" src=\"https:\/\/www.europesays.com\/es\/wp-content\/uploads\/2025\/09\/2025090213514563292.jpg\" loading=\"lazy\"  \/><br \/>\nDe izquierda a derecha, Chech\u00e9 Real; el director general de La Vuelta, Javier Guill\u00e9n, y el subdirector general de Unipublic, entidad organizadora de la prueba ciclista, Charles Ojalvo, este martes en Navarra. EP<\/p>\n","protected":false},"excerpt":{"rendered":"El mejor ciclista espa\u00f1ol de la historia, Miguel Indur\u00e1in, que gan\u00f3 cinco veces el Tour de Francia y&hellip;\n","protected":false},"author":2,"featured_media":88421,"comment_status":"","ping_status":"","sticky":false,"template":"","format":"standard","meta":{"footnotes":""},"categories":[273],"tags":[32472,32471,313,312,168,25,24,2549,23895,23,167],"class_list":{"0":"post-88420","1":"post","2":"type-post","3":"status-publish","4":"format-standard","5":"has-post-thumbnail","7":"category-ciclismo","8":"tag-apehl","9":"tag-cheche-real","10":"tag-ciclismo","11":"tag-cycling","12":"tag-deportes","13":"tag-es","14":"tag-espana","15":"tag-miguel-indurain","16":"tag-oscar-pereiro","17":"tag-spain","18":"tag-sports"},"share_on_mastodon":{"url":"","error":""},"_links":{"self":[{"href":"https:\/\/www.europesays.com\/es\/wp-json\/wp\/v2\/posts\/88420","targetHints":{"allow":["GET"]}}],"collection":[{"href":"https:\/\/www.europesays.com\/es\/wp-json\/wp\/v2\/posts"}],"about":[{"href":"https:\/\/www.europesays.com\/es\/wp-json\/wp\/v2\/types\/post"}],"author":[{"embeddable":true,"href":"https:\/\/www.europesays.com\/es\/wp-json\/wp\/v2\/users\/2"}],"replies":[{"embeddable":true,"href":"https:\/\/www.europesays.com\/es\/wp-json\/wp\/v2\/comments?post=88420"}],"version-history":[{"count":0,"href":"https:\/\/www.europesays.com\/es\/wp-json\/wp\/v2\/posts\/88420\/revisions"}],"wp:featuredmedia":[{"embeddable":true,"href":"https:\/\/www.europesays.com\/es\/wp-json\/wp\/v2\/media\/88421"}],"wp:attachment":[{"href":"https:\/\/www.europesays.com\/es\/wp-json\/wp\/v2\/media?parent=88420"}],"wp:term":[{"taxonomy":"category","embeddable":true,"href":"https:\/\/www.europesays.com\/es\/wp-json\/wp\/v2\/categories?post=88420"},{"taxonomy":"post_tag","embeddable":true,"href":"https:\/\/www.europesays.com\/es\/wp-json\/wp\/v2\/tags?post=88420"}],"curies":[{"name":"wp","href":"https:\/\/api.w.org\/{rel}","templated":true}]}}