{"id":88483,"date":"2025-09-02T14:48:09","date_gmt":"2025-09-02T14:48:09","guid":{"rendered":"https:\/\/www.europesays.com\/es\/88483\/"},"modified":"2025-09-02T14:48:09","modified_gmt":"2025-09-02T14:48:09","slug":"el-gobierno-anuncio-que-va-a-intervenir-en-el-mercado-cambiario","status":"publish","type":"post","link":"https:\/\/www.europesays.com\/es\/88483\/","title":{"rendered":"El Gobierno anunci\u00f3 que va a intervenir en el mercado cambiario"},"content":{"rendered":"<p><img alt=\"El Gobierno va a participar\" class=\"global-image\" decoding=\"async\" fetchpriority=\"high\" height=\"515\" loading=\"eager\" src=\"https:\/\/www.europesays.com\/es\/wp-content\/uploads\/2025\/09\/NX7VPL27B6INYVLH7XWSPU47OU.jpg\" width=\"800\"\/>El Gobierno va a participar del mercado de cambios (Reuters)<\/p>\n<p class=\"paragraph\">El Gobierno anunci\u00f3 que intervendr\u00e1 desde hoy en el mercado cambiario para calmar al d\u00f3lar. El secretario de Finanzas del Ministerio de Econom\u00eda,<b> Pablo Quirno<\/b>, dio a conocer el giro en la pol\u00edtica cambiaria a trav\u00e9s de las redes sociales. <\/p>\n<p class=\"paragraph\">\u201cEl Tesoro Nacional anuncia que a partir del d\u00eda de la fecha participar\u00e1 en el mercado libre de cambios con el fin de contribuir a su liquidez y normal funcionamiento\u201d, dijo Quirno en su cuenta de la red social X (ex Twitter).<\/p>\n<p class=\"paragraph\">La nueva medida para intentar terminar con la volatilidad cambiaria y de tasas en pesos supone un abandono, aunque sea temporal, del esquema de bandas de flotaci\u00f3n que es parte del programa acordado con el Fondo Monetario Internacional (FMI) ya que, en ese marco, el Gobierno -o el Banco Central, en todo caso- no pod\u00eda vender d\u00f3lares hasta que la divisa tocara el techo de la banda, hoy en torno a los $1.470 por d\u00f3lar. <\/p>\n<p><img alt=\"El anuncio oficial en redes\" class=\"global-image\" decoding=\"async\" fetchpriority=\"low\" height=\"1080\" loading=\"lazy\" src=\"https:\/\/www.europesays.com\/es\/wp-content\/uploads\/2025\/09\/OUIJORBA2RAY5JZCTAIRTEHUAI.png\" width=\"1920\"\/>El anuncio oficial en redes sociales<\/p>\n<p class=\"paragraph\">Fuentes de Econom\u00eda dijeron a Infobae que <b>el FMI fue consultado y dio el visto bueno para el anuncio<\/b>. Voceros del organismo internacional no hab\u00edan contestado a las consultas de este medio al momento de la publicaci\u00f3n de esta nota.<\/p>\n<p class=\"paragraph\">El d\u00f3lar mayorista se ofrec\u00eda a $1.370 poco antes del tuit de Quirno. A unos $100 de distancia del techo de la banda de flotaci\u00f3n, por lo tanto fuera de la zona de intervenci\u00f3n seg\u00fan el esquema que reg\u00eda hasta ayer.<\/p>\n<p class=\"paragraph\"><b>Francisco D\u00edaz Mayer<\/b>, de ABC Mercado de Cambios, explic\u00f3 a este medio que tras el anuncio del Tesoro sobre su intervenci\u00f3n cambiaria, el mercado mostr\u00f3 un retroceso de los compradores y una marcada reducci\u00f3n en los precios. Seg\u00fan describi\u00f3, el valor del d\u00f3lar se ubicaba en torno a $1.378-$1.380 antes de la noticia y, posteriormente, descendi\u00f3 a niveles de $1.355-$1.366, aunque a\u00fan con poca fluidez en las operaciones y puntas muy abiertas. D\u00edaz Mayer indic\u00f3 que la tendencia de baja podr\u00eda continuar mientras los vendedores sigan dispuestos a aceptar precios por debajo de $1.360 por unidad.<\/p>\n<p class=\"paragraph\">\u201cTodo el que paga arriba de sesenta le est\u00e1n vendiendo, as\u00ed que yo creo que tiene para correr un poquito m\u00e1s para abajo todav\u00eda\u201d, se\u00f1al\u00f3 el operador cambiario.<\/p>\n<p class=\"paragraph\">\u201cEl mercado opera ahora con bajas respecto de la apertura, m\u00e1ximos en 1.380 y ahora toca 1.360; evidentemente el anuncio y la intervenci\u00f3n de primera hora gener\u00f3 un cambio de expectativas respecto del tipo de cambio\u201d, agreg\u00f3 <b>Gustavo Quintana<\/b> de PR Corredores de Cambio. <\/p>\n<p class=\"paragraph\">Hasta ayer, reg\u00eda un esquema cambiario de bandas de flotaci\u00f3n. Esos l\u00edmites que funcionaban como piso y techo para el <b>d\u00f3lar mayorista<\/b> hab\u00edan sido establecidos en abril, al momento del abandono del crawling peg -deslizamiento programado de la divisa- y fijados, originalmente, en $1.400 para el techo y $1.000 para el piso. <\/p>\n<p class=\"paragraph\">Claro que, para generar una liberaci\u00f3n gradual del precio, el techo se mueve al alza a raz\u00f3n de 1% mensual y el piso a la baja en la misma proporci\u00f3n. El sentido de las bandas de flotaci\u00f3n era que el Banco Central pudiera intervenir con compras si la divisa tocaba el piso -inyectando pesos en el proceso y empujando al d\u00f3lar hacia arriba como resultado- y vendiera reservas en caso de que el precio tocara el techo, aspirando pesos y empujando a la cotizaci\u00f3n hacia abajo como resultado.<\/p>\n<p class=\"paragraph\">El anuncio de Quirno pone en duda, <b>como m\u00ednimo en pausa<\/b>, ese esquema de bandas. Ser\u00e1 el Tesoro, no el BCRA, el que pasar\u00e1 a participar en el mercado. En sus cuentas propias en la entidad monetaria cuenta con unos USD 1.700 millones, seg\u00fan estimaron especialistas a este medio. No es el total de las reservas que ayer alcanz\u00f3 los USD 40.030 millones brutos. Es s\u00f3lo la parte de esas divisas que son propiedad de Tesorer\u00eda.<\/p>\n<p class=\"paragraph\">Hoy, el techo de la banda est\u00e1 levemente encima de los $1.470, mientras que el piso ronda los $950, como resultado del movimiento del 1% mensual que se fij\u00f3 desde un principio.<\/p>\n<p class=\"paragraph\">Noticia en desarrollo<\/p>\n","protected":false},"excerpt":{"rendered":"El Gobierno va a participar del mercado de cambios (Reuters) El Gobierno anunci\u00f3 que intervendr\u00e1 desde hoy en&hellip;\n","protected":false},"author":2,"featured_media":88484,"comment_status":"","ping_status":"","sticky":false,"template":"","format":"standard","meta":{"footnotes":""},"categories":[80],"tags":[82,95,94,25,24,88,23],"class_list":{"0":"post-88483","1":"post","2":"type-post","3":"status-publish","4":"format-standard","5":"has-post-thumbnail","7":"category-economia","8":"tag-business","9":"tag-economia","10":"tag-economy","11":"tag-es","12":"tag-espana","13":"tag-politics","14":"tag-spain"},"share_on_mastodon":{"url":"","error":""},"_links":{"self":[{"href":"https:\/\/www.europesays.com\/es\/wp-json\/wp\/v2\/posts\/88483","targetHints":{"allow":["GET"]}}],"collection":[{"href":"https:\/\/www.europesays.com\/es\/wp-json\/wp\/v2\/posts"}],"about":[{"href":"https:\/\/www.europesays.com\/es\/wp-json\/wp\/v2\/types\/post"}],"author":[{"embeddable":true,"href":"https:\/\/www.europesays.com\/es\/wp-json\/wp\/v2\/users\/2"}],"replies":[{"embeddable":true,"href":"https:\/\/www.europesays.com\/es\/wp-json\/wp\/v2\/comments?post=88483"}],"version-history":[{"count":0,"href":"https:\/\/www.europesays.com\/es\/wp-json\/wp\/v2\/posts\/88483\/revisions"}],"wp:featuredmedia":[{"embeddable":true,"href":"https:\/\/www.europesays.com\/es\/wp-json\/wp\/v2\/media\/88484"}],"wp:attachment":[{"href":"https:\/\/www.europesays.com\/es\/wp-json\/wp\/v2\/media?parent=88483"}],"wp:term":[{"taxonomy":"category","embeddable":true,"href":"https:\/\/www.europesays.com\/es\/wp-json\/wp\/v2\/categories?post=88483"},{"taxonomy":"post_tag","embeddable":true,"href":"https:\/\/www.europesays.com\/es\/wp-json\/wp\/v2\/tags?post=88483"}],"curies":[{"name":"wp","href":"https:\/\/api.w.org\/{rel}","templated":true}]}}