{"id":88510,"date":"2025-09-02T15:03:10","date_gmt":"2025-09-02T15:03:10","guid":{"rendered":"https:\/\/www.europesays.com\/es\/88510\/"},"modified":"2025-09-02T15:03:10","modified_gmt":"2025-09-02T15:03:10","slug":"en-algunas-editoriales-hay-cierto-aprovechamiento-de-las-ilusiones-de-la-gente","status":"publish","type":"post","link":"https:\/\/www.europesays.com\/es\/88510\/","title":{"rendered":"En algunas editoriales hay cierto aprovechamiento de las ilusiones de la gente"},"content":{"rendered":"<p data-journey-content=\"true\" data-node-id=\"1\" class=\"css-i9p093 emevuu60\">\u00abDicen por ah\u00ed que est\u00e1 usted a punto de abrir una librer\u00eda. Eso significa que no le importa enfrentarse a cosas inveros\u00edmiles\u00bb. Estas palabras las firma la novelista y poetisa inglesa Penelope Fitzgerald en &#8216;The Bookshop&#8217;. All\u00ed, cuenta la historia de Florence Green, una viuda que decide abrir una librer\u00eda en una peque\u00f1a localidad costera del condado de Suffolk \u2013trama que, por cierto, llev\u00f3 magistralmente al cine Isabel Coixet, consiguiendo nada menos que tres Goyas\u2013. S\u00ed, situaciones improbables, historias incre\u00edbles, sin duda, y tambi\u00e9n \u2013claro\u2013 <strong data-node-id=\"1.1\">relatos fascinantes convergen en esos \u00abterritorios m\u00e1gicos\u00bb (como dec\u00eda Irene Vallejo) que son las librer\u00edas<\/strong>. As\u00ed lo confirmamos, una vez m\u00e1s, en cuanto entramos en<strong data-node-id=\"1.3\"> La Mistral<\/strong>, donde se realizan la sesi\u00f3n de fotos y esta entrevista. Y es que nada m\u00e1s atravesar su puerta, dos libros (ambos del alem\u00e1n Stefan Bollmann) parecen colocados estrat\u00e9gicamente para recordarnos lo que vamos a vivir all\u00ed a continuaci\u00f3n. Dos ejemplares con t\u00edtulos m\u00e1s que expl\u00edcitos: &#8216;Las mujeres que leen son peligrosas&#8217; y &#8216;Las mujeres que escriben tambi\u00e9n son peligrosas&#8217;. <\/p>\n<p data-journey-content=\"true\" data-node-id=\"3\" class=\"css-i9p093 emevuu60\">Nuestras cuatro protagonistas no s\u00f3lo leen (y mucho, por cierto; sobre todo, literatura&#8230; \u00abmuy de chicas\u00bb, precisan) y no s\u00f3lo escriben (todas ellas, obvio, aunque dos de forma profesional). Tambi\u00e9n han ejercido como libreras o correctoras de texto, han representado a escritores&#8230; y, desde febrero de este a\u00f1o, han decidido crear, adem\u00e1s, una editorial. Cuatro mujeres que.. no, no son &#8216;peligrosas&#8217;, en absoluto, pero s\u00ed han coincidido en<strong data-node-id=\"3.1\"> una maravillosa y arriesgada aventura que se presenta con el exquisito nombre de Manos de Pan.<\/strong> <\/p>\n<p data-journey-content=\"true\" data-node-id=\"6\" class=\"css-i9p093 emevuu60\"><strong data-node-id=\"6.0\">Elvira Sastre, poeta y escritora,<\/strong> con ese gesto quiz\u00e1s un tanto reservado pero siempre cercano, y que esconde una lucidez que desborda. <strong data-node-id=\"6.2\">Paola Soto, tambi\u00e9n poeta, <\/strong>quien, en cada frase, se preocupa por construir un discurso l\u00edrico que literalmente desarma. <strong data-node-id=\"6.4\">Miranda Maltagliati, representante literaria<\/strong>, con una cabeza privilegiada que devuelve siempre la conversaci\u00f3n a su cauce. <strong data-node-id=\"6.6\">Mar\u00eda Guti\u00e9rrez, la siempre imprescindible alma art\u00edstica<\/strong> que todo proyecto necesita, diletante \u00aby con una memoria envidiable\u00bb, dicen de ella sus tres compa\u00f1eras. <\/p>\n<p data-journey-content=\"true\" data-node-id=\"9\" class=\"css-i9p093 emevuu60\">Tan diferentes, s\u00ed, pero que ineludiblemente convergen en un proyecto que comenz\u00f3 con un simple \u2028whatsapp que Paola envi\u00f3 a Mar\u00eda, y que m\u00e1s tarde se concret\u00f3 \u2013con un (vino) malbec como testigo\u2013 \u00aben casa de Elvira y Miranda, cuando vine a Madrid\u00bb precisa la poeta venezolana, quien contin\u00faa diciendo: \u00abCuando naci\u00f3 la idea, la propuse y no hizo falta contagiar a nadie. <strong data-node-id=\"9.1\">Est\u00e1bamos inmersa en ese mundo precioso de las posibilidades<\/strong> y, precisamente, porque no hab\u00eda nada que nos dijera que no, nos atrevimos a so\u00f1ar\u00bb. <\/p>\n<p><img draggable=\"true\" alt=\"manos de pan elle espa\u00f1a\" title=\"manos de pan elle espa\u00f1a\" loading=\"lazy\" width=\"1200\" height=\"1563\" decoding=\"async\" data-nimg=\"1\" style=\"color:transparent;width:100%;height:auto;\"   src=\"https:\/\/www.europesays.com\/es\/wp-content\/uploads\/2025\/09\/manos-de-pan3-68a57b2d43636.jpg\" class=\"css-0 e1g79fud0\"\/><a target=\"_blank\" rel=\"noopener nofollow\" data-theme-key=\"base-link\" href=\"https:\/\/pinterest.com\/pin\/create\/button\/?url=https:\/\/www.elle.com\/es\/living\/ocio-cultura\/a65826777\/elvira-sastre-maria-gutierrez-miranda-maltagliati-paola-soto-manos-de-pan-editorial\/&amp;description=- ElleSpain&amp;media=https:\/\/hips.hearstapps.com\/hmg-prod\/images\/manos-de-pan3-68a57b2d43636.jpg?resize=1600:*\" class=\"pinterest css-on9hn5 e1c1bym14\"><img decoding=\"async\" data-dynamic-svg=\"true\" src=\"https:\/\/www.elle.com\/_assets\/design-tokens\/fre\/static\/icons\/social\/pinterest.e8cf655.svg?primary=%2523ffffff\" loading=\"lazy\" data-testid=\"dynamic-svg-base\" height=\"auto\" width=\"auto\" alt=\"pinterest\" class=\"css-4lml0h e1mlxuuw1\"\/><\/a>Fotos: Ximena y Sergio. Realizaci\u00f3n: Sylvia Montoli\u00fa y B\u00e1rbara Garralda.<\/p>\n<p>A la izda., Mar\u00eda lleva polo y pantal\u00f3n, ambos de Sandro, y mocasines de Pompeii. Elvira, con \u2018blazer\u2019 y pantal\u00f3n, los dos de Paula, mocasines de Sandro, anillo de Cleopatra\u2019s y pulseras propias.<\/p>\n<p data-journey-content=\"true\" data-node-id=\"12\" class=\"css-i9p093 emevuu60\">\u00abA todas ellas \u2013recuerda Miranda\u2013, les pregunt\u00e9: \u201c\u00bfQu\u00e9 busc\u00e1is con la editorial?\u201d. Y la respuesta fue un\u00e1nime: \u201cUn trabajo en el que poder jubilarnos. Queremos vivir de ella\u201d. As\u00ed que desde el minuto uno nos lo tomamos super en serio\u00bb. Tan s\u00f3lo faltaba el nombre, ese curioso nombre, Manos de pan, que surgi\u00f3 cuando se cruz\u00f3 en sus vidas <strong data-node-id=\"12.1\">un texto de la escritora y editora argentina Leila Guerriero<\/strong> en el que, entre otras bell\u00edsimas palabras aparec\u00edan estas: \u00abHay que amasar el pan para vivir, porque se vive para seguir viviendo. Escribir. Amasar el pan. No hay diferencia\u00bb. <\/p>\n<p data-journey-content=\"true\" data-node-id=\"14\" class=\"css-i9p093 emevuu60\">\u00abNos pill\u00f3 a todas en un periodo en el que est\u00e1bamos sedientas de proyectos, y la idea entr\u00f3 directamente como una cascada\u00bb, explica Mar\u00eda. Un torrente que se encauz\u00f3 cuando empezaron a ver las m\u00faltiples posibilidades que ofrec\u00eda sumar sus respectivas experiencias. Lo constata, por ejemplo, Elvira: \u00abNos alimenta el compromiso, poder aprovechar algunos de los privilegios que ya ten\u00edamos. En mi caso, como escritora, gracias a los viajes que realizo, soy <strong data-node-id=\"14.1\">consciente de las carencias que hay en el mundo editorial.<\/strong> Me doy cuenta, por ejemplo, de toda la literatura que se hace en otros pa\u00edses, sobre todo en Am\u00e9rica Latina, y que no llega aqu\u00ed. Por eso, me resulta revelador poder dar voz a gente que de otra manera lo tiene imposible, porque es muy dif\u00edcil publicar siendo novel, menos conocido o de otro pa\u00eds\u00bb. <\/p>\n<blockquote data-theme-key=\"pullquote\" class=\"css-sihlup e1pe3zr91\">\n<blockquote class=\"css-1x1z34c e1pe3zr90\"><p>\u00abHay un poco de endogamia en los grupos editoriales\u00bb Mar\u00eda Guti\u00e9rrez<\/p><\/blockquote>\n<\/blockquote>\n<p data-journey-content=\"true\" data-node-id=\"17\" class=\"css-i9p093 emevuu60\">El argumento que expone la escritora prosigue su hilo con las palabras que aporta Mar\u00eda: \u00abHay un poco de endogamia en los grupos editoriales. Publican libros un poco cortados por el mismo patr\u00f3n, y tienen un cat\u00e1logo en el que se repiten autores todo el rato, sin apostar por la diferencia. Y en mi caso, por ejemplo, el tipo de obras que leo ahora ha cambiado mucho respecto a las que le\u00eda hace unos a\u00f1os. Algunas historias no se estaban contando, y, adem\u00e1s, hay nuevas voces que tambi\u00e9n merecen un espacio\u00bb. Y el razonamiento enlaza con las reflexiones de Miranda: \u00abNosotras no hemos venido aqu\u00ed a cambiar el paradigma de nada. Hemos montado una editorial con unos valores y unas bases. Pero<strong data-node-id=\"17.3\"> hay mucha gente en el mundo editorial que est\u00e1 haciendo las cosas muy bien<\/strong>, peque\u00f1as editoriales como Consonni, las chicas de Tr\u00e1nsito&#8230; La U\u00f1a Rota, por ejemplo, es una editorial incre\u00edble\u00bb.  <\/p>\n<blockquote data-theme-key=\"pullquote\" class=\"css-sihlup e1pe3zr91\">\n<blockquote class=\"css-1x1z34c e1pe3zr90\"><p>\u00abHemos montado una editorial con unos valores\u00bb Miranda Maltagliati<\/p><\/blockquote>\n<\/blockquote>\n<p data-journey-content=\"true\" data-node-id=\"20\" class=\"css-i9p093 emevuu60\">Son necesarias <strong data-node-id=\"20.1\">nuevas voces<\/strong> \u2013obvio, nunca ser\u00e1n suficientes las que vale la pena escuchar\u2013; pero tambi\u00e9n otros modos dentro de la profesi\u00f3n que, por ejemplo, eviten ciertas pr\u00e1cticas que, como comenta Elvira, \u00abno son demasiado morales\u00bb. \u00abHay muchas editoriales que cobran a los autores por publicarlos. Adem\u00e1s, creo que hay cierto aprovechamiento de las ilusiones de la gente que a m\u00ed, particularmente, me cabrea bastante\u00bb. <\/p>\n<p data-journey-content=\"true\" data-node-id=\"22\" class=\"css-i9p093 emevuu60\">Por eso, estas cuatro mujeres insisten en que nunca quieren perder de vista el factor humano que mueve este oficio. \u00abAl final, est\u00e1s trabajando con la cultura, con el arte, con la literatura&#8230; y con personas que poseen su sensibilidad\u00bb, recuerda Miranda. Y as\u00ed, por ejemplo, <strong data-node-id=\"22.1\">Manos de Pan tiene su ventana siempre abierta a la recepci\u00f3n de manuscritos de narrativa, poes\u00eda y ensayo<\/strong> \u2013algo \u00abno tan com\u00fan, porque llegan muchos\u00bb\u2013 \u00abnunca sabes lo que te puede venir\u00bb, y la puerta siempre desbloqueada para salir \u00aba buscar gente que nos interesa\u00bb. \u00a1Ah! Y, como precisa Miranda, \u00aba los autores de cada manuscrito que recibimos, nosotros siempre les damos la enhorabuena tan s\u00f3lo por haberlo terminado\u00bb.<\/p>\n<blockquote data-theme-key=\"pullquote\" class=\"css-sihlup e1pe3zr91\">\n<blockquote class=\"css-1x1z34c e1pe3zr90\"><p>\u00abResulta bastante t\u00f3xico ese t\u00e9rmino binario de si est\u00e1 bien o mal escrito\u00bb Paola Soto<\/p><\/blockquote>\n<\/blockquote>\n<p data-journey-content=\"true\" data-node-id=\"25\" class=\"css-i9p093 emevuu60\">La pregunta se antoja inevitable: \u00bfcu\u00e1les son los criterios que segu\u00eds a la hora de apostar o no por un texto? La respuesta se convierte, una vez m\u00e1s, en inesperada: \u00abPara m\u00ed, dentro de la escritura, resulta bastante t\u00f3xico ese t\u00e9rmino binario de si est\u00e1 bien o mal escrito. Creo que es mejor ver si algo funciona o no funciona\u00bb, comenta Paola, quien se\u00f1ala que son muchos los factores que se ponen sobre la mesa a la hora de tomar una decisi\u00f3n; aunque s\u00ed hay un criterio que prima sobre el resto: \u00abLa parte emocionante de una historia, si un libro nos conmueve, si lo que cuenta nos convoca. El autor puede estar hablando, no s\u00e9, de un tornillo, pero yo quiero entender ese tornillo, sentirlo, saber todo lo que hay alrededor de \u00e9l; poder, luego, salir del texto, y querer ir a la ferreter\u00eda a comprarlo. Eso es lo que me interesa y me mueve, que despu\u00e9s de ese texto, piense que algo pas\u00f3 en mi vida. Y eso lo consiguen las palabras. Esa es<strong data-node-id=\"25.1\"> la maravilla de la escritura<\/strong>\u00bb. \u00abNo nos importa qui\u00e9n es la persona que est\u00e1 detr\u00e1s de ese texto. Nos interesa lo que ha escrito, que nos guste a las cuatro. Somos muy democr\u00e1ticas, y si estamos en empate, siempre hay que desempatar\u00bb, dice Elvira. <\/p>\n<p data-journey-content=\"true\" data-node-id=\"27\" class=\"css-i9p093 emevuu60\">El resultado del proceso es una selecci\u00f3n de libros \u2013insistiendo mucho \u00aben este<strong data-node-id=\"27.1\"> puente con Am\u00e9rica Latina<\/strong>\u00bb, precisa Miranda\u2013 que definen como \u00abdesafiantes, conmovedores, valientes, artesanales, inteligentes, preciosos\u2026\u00bb. Y, como muestra, algunos de los ejemplares que ya han publicado: &#8216;Qu\u00e9 te hizo apagar la luz y quedarte dentro&#8217;, de Yulieth Mora, &#8216;Mientras pasan otras cosas&#8217;, de Rom\u00e1n de Castro, &#8216;Siempre ser\u00e1 tu casa&#8217;, de Paola Soto o &#8216;El precioso ruido de un coraz\u00f3n&#8217;, de Natalia Romero. Y otros que pronto vendr\u00e1n, como &#8216;De piedras, aves y otras migraciones&#8217;, de Bibiana Ricciardi, &#8216;Aprendizaje tard\u00edo&#8217;, de Patricia Conor o &#8216;Ese que fui. Historia de una rebeli\u00f3n corporal&#8217;, de Candelaria Schamun, \u00abla historia autobiogr\u00e1fica de una mujer adulta que fue mutilada para encajar en las formas binarias hombre\/mujer\u00bb, y que llegar\u00e1 a las librer\u00edas el pr\u00f3ximo noviembre. <\/p>\n<blockquote data-theme-key=\"pullquote\" class=\"css-sihlup e1pe3zr91\">\n<blockquote class=\"css-1x1z34c e1pe3zr90\"><p>\u00abEn el mundo de la literatura, son cruciales las recomendaciones\u00bb Mar\u00eda Guti\u00e9rrez<\/p><\/blockquote>\n<\/blockquote>\n<p data-journey-content=\"true\" data-node-id=\"30\" class=\"css-i9p093 emevuu60\">La conversaci\u00f3n sobre libros \u2013es decir, sobre experiencias que atrapan, sobre pasiones que se comparten&#8230;\u2013 podr\u00eda prolongarse en uno de esos lugares pensados para que, como tambi\u00e9n dir\u00eda Penelope Fitzgerald, las personas \u00abse queden y toquen los libros\u00bb. Pero llega el momento del fin de la historia (l\u00e9ase, entrevista). Y tan s\u00f3lo les pido alguna pauta para recuperar \u2013si es que alguien lo hubiera perdido\u2013 el argumento que nos ha unido: <strong data-node-id=\"30.1\">el amor por los libros<\/strong>. Y s\u00ed, coincidimos con las palabras de Mar\u00eda: \u00abEn el mundo de la literatura, son cruciales las recomendaciones\u00bb. <\/p>\n<p data-journey-content=\"true\" data-node-id=\"32\" class=\"css-i9p093 emevuu60\">Pero, a la vez, seguramente ser\u00e1n muchas las lectoras que podr\u00e1n reconocerse en las palabras de Paola: \u00abCuando dices que no lees, es probablemente porque no has encontrado esa intimidad preciosa que ocurre entre el libro y t\u00fa y de la que nadie se entera. Es lo que ocurre con el arte en general, con las canciones, por ejemplo, que te rompen, te destruyen o te reconstruyen, y nadie se da cuenta\u00bb. Aunque conviene no olvidar otras reflexiones como esta poeta tambi\u00e9n describe: \u00abLos libros son historias. \u00bfY qui\u00e9n no quiere escuchar una? Venimos de all\u00ed, de estar reunidos alrededor del fuego, de que alguien te cuente un cuento antes de dormir. De esas historias que te contaban tus abuelas, tus padres, tu hermana&#8230; de esas que t\u00fa vives y que compartes. Cuando una persona te dice \u201cl\u00e9ete este libro\u201d, lo que quiere expresar es \u201cojal\u00e1 sientas lo que yo estoy sintiendo al abrirlo\u201d\u00bb.<\/p>\n<p><img draggable=\"true\" alt=\"manos de pan elle espa\u00f1a\" title=\"manos de pan elle espa\u00f1a\" loading=\"lazy\" width=\"1200\" height=\"1563\" decoding=\"async\" data-nimg=\"1\" style=\"color:transparent;width:100%;height:auto;\"   src=\"https:\/\/www.europesays.com\/es\/wp-content\/uploads\/2025\/09\/manos-de-pan2-68a57c13cc613.jpg\" class=\"css-0 e1g79fud0\"\/><a target=\"_blank\" rel=\"noopener nofollow\" data-theme-key=\"base-link\" href=\"https:\/\/pinterest.com\/pin\/create\/button\/?url=https:\/\/www.elle.com\/es\/living\/ocio-cultura\/a65826777\/elvira-sastre-maria-gutierrez-miranda-maltagliati-paola-soto-manos-de-pan-editorial\/&amp;description=- ElleSpain&amp;media=https:\/\/hips.hearstapps.com\/hmg-prod\/images\/manos-de-pan2-68a57c13cc613.jpg?resize=1600:*\" class=\"pinterest css-on9hn5 e1c1bym14\"><img decoding=\"async\" data-dynamic-svg=\"true\" src=\"https:\/\/www.elle.com\/_assets\/design-tokens\/fre\/static\/icons\/social\/pinterest.e8cf655.svg?primary=%2523ffffff\" loading=\"lazy\" data-testid=\"dynamic-svg-base\" height=\"auto\" width=\"auto\" alt=\"pinterest\" class=\"css-4lml0h e1mlxuuw1\"\/><\/a>Fotos: Ximena y Sergio. Realizaci\u00f3n: Sylvia Montoli\u00fa y B\u00e1rbara Garralda.<\/p>\n<p>Miranda (a la izda.), con chaqueta de Zara, top de Mango, vaqueros de Guess, zapatos de Aquazzura y joyas propias. Paola, con chaleco de Antik Batik, camisa de Mus&amp;Bombon, pantal\u00f3n de Soeur, zapatos de Mango y pendientes de S\u00e9zane.<\/p>\n<p><strong data-node-id=\"35.0\">Historias y libros que enganchan<\/strong><\/p>\n<p data-journey-content=\"true\" data-node-id=\"36\" class=\"css-i9p093 emevuu60\">\u00abRecomendar libros es casi como recomendar medicinas. No es lo mismo para todo el mundo\u00bb, dice paola. pese a ello, les pedimos que nos sugieran algunas de sus \u00faltimas lecturas, con una salvedad que tambi\u00e9n Paola se\u00f1ala: \u00abhay algo de la recomendaci\u00f3n muy interesante y es pensar en el otro, no en ti\u00bb.<\/p>\n<p data-journey-content=\"true\" data-node-id=\"38\" class=\"css-i9p093 emevuu60\"><strong data-node-id=\"38.0\">&#8216;Pura Pasi\u00f3n&#8217;, de Annie Ernaux. <\/strong>\u00abMe resulta muy reconfortante leer a una autora de su edad hablando con tant\u00edsima libertad del sexo. Me cambi\u00f3 mi manera de estar en el mundo como mujer\u00bb, confiesa Elvira Sastre.<\/p>\n<p>Tusquets Editores S.A. Pura pasi\u00f3n (Andanzas)<\/p>\n<p><a target=\"_blank\" rel=\"nofollow noopener\" data-theme-key=\"product-image-wrapper\" href=\"https:\/\/www.amazon.es\/dp\/8490667551?tag=ellespain-21\" aria-label=\"16\u00a0\u20ac en Amazon for Pura pasi\u00f3n (Andanzas)\" data-href=\"https:\/\/www.amazon.es\/dp\/8490667551\" data-product-url=\"https:\/\/www.amazon.es\/dp\/8490667551\" data-affiliate=\"true\" data-affiliate-url=\"https:\/\/www.amazon.es\/dp\/8490667551?tag=ellespain-21\" data-affiliate-network=\"{&quot;site_id&quot;:&quot;5545cc0d-2c00-4ffe-8b27-aa070fd2db3c&quot;,&quot;metadata&quot;:{&quot;links&quot;:{&quot;default&quot;:&quot;https:\/\/www.amazon.es\/dp\/8490667551?tag=ellespain-21&quot;}},&quot;network&quot;:{&quot;name&quot;:&quot;Amazon&quot;},&quot;product_metadata&quot;:null,&quot;afflink_redirect&quot;:&quot;\/_p\/afflink\/xh6N\/amazon-pura-pasion-andanzas&quot;}\" data-vars-ga-call-to-action=\"16\u00a0\u20ac en Amazon\" data-vars-ga-media-role=\"\" data-vars-ga-media-type=\"Single Product Embed\" data-vars-ga-outbound-link=\"https:\/\/www.amazon.es\/dp\/8490667551\" data-vars-ga-product-brand=\"Tusquets Editores S.A.\" data-vars-ga-product-id=\"38f20c29-4486-4fb9-884e-6975c4f59b7c\" data-vars-ga-product-price=\"16,15\u00a0\u20ac\" data-vars-ga-product-retailer-id=\"f2632ed6-38a4-41e8-86d3-cb1a90537b99\" data-vars-ga-product-sem3-brand=\"Tusquets Editores S.A.\" data-vars-ga-product-sem3-category=\"Caribbean &amp; Cuba\" data-vars-ga-link-treatment=\"(not set) | (not set)\" data-vars-ga-sku=\"8490667551\" data-vars-ga-magento-tracking=\"1\" class=\"product-image-link ebgq4gw2 e1b8bpvs0 css-g6od0w e1c1bym14\"><img  alt=\"Pura pasi\u00f3n (Andanzas)\" title=\"Pura pasi\u00f3n (Andanzas)\" src=\"https:\/\/www.europesays.com\/es\/wp-content\/uploads\/2025\/09\/1678185246-413fIzbYkeL._SL500_.jpg\" width=\"329\" height=\"500\" decoding=\"async\" loading=\"lazy\"\/><\/a><\/p>\n<p data-journey-content=\"true\" data-node-id=\"41\" class=\"css-i9p093 emevuu60\"><strong data-node-id=\"41.0\">&#8216;Nuestras Madres&#8217;, de Gemma Ruiz Pal\u00e0. <\/strong>\u00abEs una novela sobre lo que significa ser hija y ser madre explicado con la misma ternura que reivindicaci\u00f3n. Cuando lo terminas, encuentras el sentido de leer\u00bb, se\u00f1ala Maltagliati.<\/p>\n<p>CONSONNI EDICIONES S.COOP. PEQ Nuestras madres: 38 (El origen del mundo)<\/p>\n<p><a target=\"_blank\" rel=\"nofollow noopener\" data-theme-key=\"product-image-wrapper\" href=\"https:\/\/www.amazon.es\/dp\/8419490199?tag=ellespain-21\" aria-label=\"22\u00a0\u20ac en Amazon for Nuestras madres: 38 (El origen del mundo)\" data-href=\"https:\/\/www.amazon.es\/dp\/8419490199\" data-product-url=\"https:\/\/www.amazon.es\/dp\/8419490199\" data-affiliate=\"true\" data-affiliate-url=\"https:\/\/www.amazon.es\/dp\/8419490199?tag=ellespain-21\" data-affiliate-network=\"{&quot;site_id&quot;:&quot;5545cc0d-2c00-4ffe-8b27-aa070fd2db3c&quot;,&quot;metadata&quot;:{&quot;links&quot;:{&quot;default&quot;:&quot;https:\/\/www.amazon.es\/dp\/8419490199?tag=ellespain-21&quot;}},&quot;network&quot;:{&quot;name&quot;:&quot;Amazon&quot;},&quot;product_metadata&quot;:null,&quot;afflink_redirect&quot;:&quot;\/_p\/afflink\/xh6O\/amazon-nutras-madr-38-el-origen&quot;}\" data-vars-ga-call-to-action=\"22\u00a0\u20ac en Amazon\" data-vars-ga-media-role=\"\" data-vars-ga-media-type=\"Single Product Embed\" data-vars-ga-outbound-link=\"https:\/\/www.amazon.es\/dp\/8419490199\" data-vars-ga-product-brand=\"CONSONNI EDICIONES S.COOP. PEQ\" data-vars-ga-product-id=\"a7e37c99-f687-4113-b8eb-2617c64fba2a\" data-vars-ga-product-price=\"21,75\u00a0\u20ac\" data-vars-ga-product-retailer-id=\"92775adb-3357-4b90-8c98-92d5a26268b7\" data-vars-ga-product-sem3-brand=\"CONSONNI EDICIONES S.COOP. PEQ\" data-vars-ga-product-sem3-category=\"Ficci\u00f3n contempor\u00e1nea\" data-vars-ga-link-treatment=\"(not set) | (not set)\" data-vars-ga-sku=\"8419490199\" data-vars-ga-magento-tracking=\"1\" class=\"product-image-link ebgq4gw2 e1b8bpvs0 css-g6od0w e1c1bym14\"><img  alt=\"Nuestras madres: 38 (El origen del mundo)\" title=\"Nuestras madres: 38 (El origen del mundo)\" src=\"https:\/\/www.europesays.com\/es\/wp-content\/uploads\/2025\/09\/1756815238-61v8mTmrETL.jpg\" width=\"776\" height=\"1200\" decoding=\"async\" loading=\"lazy\"\/><\/a><\/p>\n<p data-journey-content=\"true\" data-node-id=\"44\" class=\"css-i9p093 emevuu60\"><strong data-node-id=\"44.0\">&#8216;\u00bfPor qu\u00e9 ser feliz cuando puedes ser normal?&#8217;, de Jeanette Winterson. <\/strong>\u00abGira en torno a esas tensiones entre madre e hija. Un libro incre\u00edble que, adem\u00e1s, est\u00e1 maravillosamente escrito\u00bb, asegura Mar\u00eda Guti\u00e9rrez. <\/p>\n<p>LUMEN \u00bfPor qu\u00e9 ser feliz cuando puedes ser normal? (Narrativa)<\/p>\n<p><a target=\"_blank\" rel=\"nofollow noopener\" data-theme-key=\"product-image-wrapper\" href=\"https:\/\/www.amazon.es\/dp\/8426409245?tag=ellespain-21\" aria-label=\"17\u00a0\u20ac en Amazon for \u00bfPor qu\u00e9 ser feliz cuando puedes ser normal? (Narrativa)\" data-href=\"https:\/\/www.amazon.es\/dp\/8426409245\" data-product-url=\"https:\/\/www.amazon.es\/dp\/8426409245\" data-affiliate=\"true\" data-affiliate-url=\"https:\/\/www.amazon.es\/dp\/8426409245?tag=ellespain-21\" data-affiliate-network=\"{&quot;site_id&quot;:&quot;5545cc0d-2c00-4ffe-8b27-aa070fd2db3c&quot;,&quot;metadata&quot;:{&quot;links&quot;:{&quot;default&quot;:&quot;https:\/\/www.amazon.es\/dp\/8426409245?tag=ellespain-21&quot;}},&quot;network&quot;:{&quot;name&quot;:&quot;Amazon&quot;},&quot;product_metadata&quot;:null,&quot;afflink_redirect&quot;:&quot;\/_p\/afflink\/xh6P\/amazon-por-que-ser-feliz-cuando&quot;}\" data-vars-ga-call-to-action=\"17\u00a0\u20ac en Amazon\" data-vars-ga-media-role=\"\" data-vars-ga-media-type=\"Single Product Embed\" data-vars-ga-outbound-link=\"https:\/\/www.amazon.es\/dp\/8426409245\" data-vars-ga-product-brand=\"LUMEN\" data-vars-ga-product-id=\"e3758bc1-ad79-403c-91d9-5fcf98ae6ecd\" data-vars-ga-product-price=\"16,90\u00a0\u20ac\" data-vars-ga-product-retailer-id=\"dfedce31-f153-488d-9f9a-63d3212e7358\" data-vars-ga-product-sem3-brand=\"LUMEN\" data-vars-ga-product-sem3-category=\"Biograf\u00edas y autobiograf\u00edas\" data-vars-ga-link-treatment=\"(not set) | (not set)\" data-vars-ga-sku=\"8426409245\" data-vars-ga-magento-tracking=\"1\" class=\"product-image-link ebgq4gw2 e1b8bpvs0 css-g6od0w e1c1bym14\"><img  alt=\"\u00bfPor qu\u00e9 ser feliz cuando puedes ser normal? (Narrativa)\" title=\"\u00bfPor qu\u00e9 ser feliz cuando puedes ser normal? (Narrativa)\" src=\"https:\/\/www.europesays.com\/es\/wp-content\/uploads\/2025\/09\/1756815282-81CH0HZPw2L.jpg\" width=\"1660\" height=\"2560\" decoding=\"async\" loading=\"lazy\"\/><\/a><\/p>\n<p data-journey-content=\"true\" data-node-id=\"47\" class=\"css-i9p093 emevuu60\"><strong data-node-id=\"47.0\">&#8216;Franny y Zooey&#8217;, de J. D. Salinger.<\/strong> \u00abEn \u00e9l, hay mucho de angustia, emoci\u00f3n intelectual, desapego, de c\u00f3mo nos presentamos ante el mundo&#8230; Plantea temas casi metaf\u00edsicos mezclados con el universo art\u00edstico\u00bb, dice Paola Soto.<\/p>\n<p>Alianza Franny y Zooey (Alianza Literaria (AL))<\/p>\n<p><a target=\"_blank\" rel=\"nofollow noopener\" data-theme-key=\"product-image-wrapper\" href=\"https:\/\/www.amazon.es\/dp\/8491049436?tag=ellespain-21\" aria-label=\"16\u00a0\u20ac en Amazon for Franny y Zooey (Alianza Literaria (AL))\" data-href=\"https:\/\/www.amazon.es\/dp\/8491049436\" data-product-url=\"https:\/\/www.amazon.es\/dp\/8491049436\" data-affiliate=\"true\" data-affiliate-url=\"https:\/\/www.amazon.es\/dp\/8491049436?tag=ellespain-21\" data-affiliate-network=\"{&quot;site_id&quot;:&quot;5545cc0d-2c00-4ffe-8b27-aa070fd2db3c&quot;,&quot;metadata&quot;:{&quot;links&quot;:{&quot;default&quot;:&quot;https:\/\/www.amazon.es\/dp\/8491049436?tag=ellespain-21&quot;}},&quot;network&quot;:{&quot;name&quot;:&quot;Amazon&quot;},&quot;product_metadata&quot;:null,&quot;afflink_redirect&quot;:&quot;\/_p\/afflink\/xh6R\/amazon-franny-y-zooey-alianza-literaria&quot;}\" data-vars-ga-call-to-action=\"16\u00a0\u20ac en Amazon\" data-vars-ga-media-role=\"\" data-vars-ga-media-type=\"Single Product Embed\" data-vars-ga-outbound-link=\"https:\/\/www.amazon.es\/dp\/8491049436\" data-vars-ga-product-brand=\"Alianza\" data-vars-ga-product-id=\"9b219d03-93bf-4a07-af70-f43f345694dd\" data-vars-ga-product-price=\"16,10\u00a0\u20ac\" data-vars-ga-product-retailer-id=\"67c50bd2-d6c1-414f-b788-09c2b367de0b\" data-vars-ga-product-sem3-brand=\"Alianza\" data-vars-ga-product-sem3-category=\"Ficci\u00f3n contempor\u00e1nea\" data-vars-ga-link-treatment=\"(not set) | (not set)\" data-vars-ga-sku=\"8491049436\" data-vars-ga-magento-tracking=\"1\" class=\"product-image-link ebgq4gw2 e1b8bpvs0 css-g6od0w e1c1bym14\"><img  alt=\"Franny y Zooey (Alianza Literaria (AL))\" title=\"Franny y Zooey (Alianza Literaria (AL))\" src=\"https:\/\/www.europesays.com\/es\/wp-content\/uploads\/2025\/09\/1756815325-813POVUPnOL.jpg\" width=\"1000\" height=\"1379\" decoding=\"async\" loading=\"lazy\"\/><\/a><\/p>\n","protected":false},"excerpt":{"rendered":"\u00abDicen por ah\u00ed que est\u00e1 usted a punto de abrir una librer\u00eda. Eso significa que no le importa&hellip;\n","protected":false},"author":2,"featured_media":88511,"comment_status":"","ping_status":"","sticky":false,"template":"","format":"standard","meta":{"footnotes":""},"categories":[172],"tags":[224,146,147,25,24,225,12719,23],"class_list":{"0":"post-88510","1":"post","2":"type-post","3":"status-publish","4":"format-standard","5":"has-post-thumbnail","7":"category-libros","8":"tag-books","9":"tag-entertainment","10":"tag-entretenimiento","11":"tag-es","12":"tag-espana","13":"tag-libros","14":"tag-print","15":"tag-spain"},"share_on_mastodon":{"url":"","error":""},"_links":{"self":[{"href":"https:\/\/www.europesays.com\/es\/wp-json\/wp\/v2\/posts\/88510","targetHints":{"allow":["GET"]}}],"collection":[{"href":"https:\/\/www.europesays.com\/es\/wp-json\/wp\/v2\/posts"}],"about":[{"href":"https:\/\/www.europesays.com\/es\/wp-json\/wp\/v2\/types\/post"}],"author":[{"embeddable":true,"href":"https:\/\/www.europesays.com\/es\/wp-json\/wp\/v2\/users\/2"}],"replies":[{"embeddable":true,"href":"https:\/\/www.europesays.com\/es\/wp-json\/wp\/v2\/comments?post=88510"}],"version-history":[{"count":0,"href":"https:\/\/www.europesays.com\/es\/wp-json\/wp\/v2\/posts\/88510\/revisions"}],"wp:featuredmedia":[{"embeddable":true,"href":"https:\/\/www.europesays.com\/es\/wp-json\/wp\/v2\/media\/88511"}],"wp:attachment":[{"href":"https:\/\/www.europesays.com\/es\/wp-json\/wp\/v2\/media?parent=88510"}],"wp:term":[{"taxonomy":"category","embeddable":true,"href":"https:\/\/www.europesays.com\/es\/wp-json\/wp\/v2\/categories?post=88510"},{"taxonomy":"post_tag","embeddable":true,"href":"https:\/\/www.europesays.com\/es\/wp-json\/wp\/v2\/tags?post=88510"}],"curies":[{"name":"wp","href":"https:\/\/api.w.org\/{rel}","templated":true}]}}