{"id":88524,"date":"2025-09-02T15:11:08","date_gmt":"2025-09-02T15:11:08","guid":{"rendered":"https:\/\/www.europesays.com\/es\/88524\/"},"modified":"2025-09-02T15:11:08","modified_gmt":"2025-09-02T15:11:08","slug":"amazon-arrasa-con-sus-mejores-ofertas-del-dia-con-descuentos-brutales","status":"publish","type":"post","link":"https:\/\/www.europesays.com\/es\/88524\/","title":{"rendered":"Amazon arrasa con sus mejores ofertas del d\u00eda con descuentos brutales"},"content":{"rendered":"<p class=\"ft-text\">Con la vuelta a la rutina, <a class=\"ft-link ft-link--decoration\" href=\"https:\/\/www.elperiodico.com\/es\/shopping\/20250712\/chollos-amazon-prime-day-mas-vendidos-ofertas-119538198\" target=\"_blank\" rel=\"nofollow noopener\">Amazon nos lo pone f\u00e1cil: los chollos del d\u00eda<\/a> llegan <strong>cargadas de descuentos irresistibles <\/strong>que no querr\u00e1s dejar pasar. Si te gusta ahorrar, este es el momento ideal para <strong>darte ese peque\u00f1o capricho que llevas tiempo deseando<\/strong>.<\/p>\n<p class=\"ft-text\">Pensando en quienes quieren empezar septiembre con buen pie, <strong>Amazon ha desplegado un cat\u00e1logo lleno de promociones tentadoras<\/strong>. Desde art\u00edculos que ten\u00edas fichados hasta productos imprescindibles para el d\u00eda a d\u00eda \u2014s\u00ed, como <a class=\"ft-link ft-link--decoration\" href=\"https:\/\/www.elperiodico.com\/es\/shopping\/20250806\/crema-dia-color-recomendada-protegerte-116810957\" target=\"_blank\" rel=\"nofollow noopener\">la crema de d\u00eda con color m\u00e1s recomendada<\/a>\u2014, estas s\u00ed que son aut\u00e9nticas ofertas de fin de verano.<\/p>\n<p class=\"ft-text\">\u00bfLo mejor? Si eres <a class=\"ft-link ft-link--decoration\" href=\"https:\/\/www.amazon.es\/amazonprime?tag=epc022-21\" target=\"_blank\" rel=\"nofollow noopener\">Prime<\/a>, recibes tus compras en menos de 24 horas. As\u00ed, podr\u00e1s <strong>renovar tu escritorio, tu cocina o incluso tu neceser<\/strong>&#8230; justo a tiempo para arrancar el mes con todo en orden.<\/p>\n<p class=\"ft-text\">Probablemente, es uno de los productos m\u00e1s solicitados en la historia de Amazon. Y con m\u00e1s de 115.000 valoraciones sobresalientes\u2026 su efectividad est\u00e1 m\u00e1s que demostrada. Porque s\u00ed, la puntuaci\u00f3n que le dan los usuarios <strong>roza la matr\u00edcula de honor<\/strong>.<\/p>\n<p class=\"ft-text\">\u00bfY por qu\u00e9 optar por \u00e9l justo ahora? Septiembre es el mes perfecto para volver a organizar la cocina y hacer m\u00e1s f\u00e1cil el d\u00eda a d\u00eda. No importa si eres un experto o no entre fogones: un rallador, cortador, picador o incluso espiralizador <strong>nunca est\u00e1 de m\u00e1s<\/strong>. Y este lo tiene todo.<\/p>\n<p class=\"ft-text\">Disponible con distintos dise\u00f1os y correas en una amplia gama de tonalidades, <strong>encontramos a un precio indiscutiblemente bajo este smartwatch <\/strong>que est\u00e1 dise\u00f1ado para mejorar tu forma f\u00edsica. \u00bfC\u00f3mo? A trav\u00e9s de una monitorizaci\u00f3n contin\u00faa de la frecuencia card\u00edaca, que te ayudar\u00e1 a ponerte en buena forma.<\/p>\n<p class=\"ft-text\">Entre sus muchas virtudes: aguanta seis d\u00edas de bater\u00eda y sumergible hasta los 50 metros. <strong>Un aut\u00e9ntico chollo.<\/strong><\/p>\n<p class=\"ft-text\">Esta oferta de Amazon es una de las mejores del a\u00f1o: <strong>el <\/strong><a class=\"ft-link ft-link--decoration\" href=\"https:\/\/www.elperiodico.com\/es\/shopping\/20250820\/robot-aspirador-lefant-limpieza-suelo-109189345\" target=\"_blank\" rel=\"nofollow noopener\">robot aspirador Lefant, \u00a1por solo 89 euros! <\/a>Y s\u00ed, habitualmente, su precio suele rondar los 250 euros. De ah\u00ed que resulte se\u00f1alada como una de las grandes gangas del d\u00eda.<\/p>\n<p class=\"ft-text\">Ahora bien, \u00bfpor qu\u00e9 adquirirlo? Pues bien, m\u00e1s all\u00e1 de <strong>contar con una succi\u00f3n potente<\/strong>, tecnolog\u00eda ultras\u00f3nica para alfombras y habilidad para esquivar obst\u00e1culos, limpia todo tipo de superficies. Adem\u00e1s, es <strong>3 en 1: barre, aspira y friega<\/strong>. Su<strong> bater\u00eda dura horas y se recarga sola<\/strong>. Si buscas un hogar impecable sin esfuerzo, esta oferta del d\u00eda es imperdible. \u00a1No la dejes escapar!<\/p>\n<p class=\"ft-text\">\u201cBuena calidad, comodidad y suavidad al tacto\u201d, \u201cSon resistentes al calor y a los roces\u201d, \u201cSon geniales\u201d, son algunas de las valoraciones que se pueden leer sobre estas zapatillas Vans que se han convertido en una de las grandes ofertas del d\u00eda con su baj\u00edsimo precio.<\/p>\n<p class=\"ft-text\">Con <strong>m\u00e1s de 12.000 valoraciones positivas<\/strong>, este<strong> juego de sartenes antiadherentes<\/strong> se posiciona como una de las mejores opciones para renovar la cocina en la vuelta a la rutina. Son compatibles con inducci\u00f3n, gas y vitrocer\u00e1mica, lo que las hace vers\u00e1tiles y pr\u00e1cticas.<\/p>\n<p class=\"ft-text\">\u00bfY por qu\u00e9 elegir estas y no otras? Principalmente porque <strong>ofrecen un calentamiento r\u00e1pido y uniforme, evitando deformaciones<\/strong>. Y si eres de los que a veces tiene accidentes\u2026 te encantar\u00e1 saber que est\u00e1n dise\u00f1adas a prueba de impactos. <strong>Adi\u00f3s a golpes y rasgu\u00f1os<\/strong>: estas sartenes est\u00e1n hechas para durar.<\/p>\n<p class=\"ft-text ft-helper-align-justify\"><strong>\u00bfCloro, sol y sal arruinando tu pelo? <\/strong>Devu\u00e9lvele la vida con <strong>este pack reparador de champ\u00fa y mascarilla <\/strong>Valquer, dise\u00f1ado para hidratar en profundidad y recuperar hasta las melenas m\u00e1s secas.<\/p>\n<p class=\"ft-text ft-helper-align-justify\">\u00bfLo mejor? \u00a1Est\u00e1 a mitad de precio! S\u00ed, con un <strong>51 % de descuento<\/strong>, podr\u00e1s <strong>olvidarte de las tijeras y presumir de pelazo saludable todo el a\u00f1o<\/strong>.<\/p>\n<p class=\"ft-text ft-helper-align-justify\">Es tu momento de mimar tu cabello y ahorrar. \u00a1Corre, antes de que vuele!<\/p>\n<p class=\"ft-text\">Esta <strong>mini depiladora facial <\/strong>ha conseguido hacerse un hueco en muchos neceseres y no es para menos.<\/p>\n<p class=\"ft-text\">Con su dise\u00f1o, podr\u00e1s rasurar el vello limpiamente. Est\u00e1 dise\u00f1ada para lograr una depilaci\u00f3n eficaz y suave del vello. Por no hablar de lo vers\u00e1til que resulta.<\/p>\n<p class=\"ft-text\">Con un 42 % de descuento, las mejores c\u00e1psulas de la colecci\u00f3n de limpieza Fairy para eliminar restos dif\u00edciles y dejar la vajilla limpia y como nueva.<\/p>\n<p class=\"ft-text\">Restaura el brillo original de tus platos gracias a su tecnolog\u00eda contra la p\u00e9rdida de brillo.<\/p>\n<p class=\"ft-text\">Disponible en una paleta de colores vers\u00e1tiles, su dise\u00f1o sobrio y contempor\u00e1neo no solo facilita su combinaci\u00f3n en cualquier ocasi\u00f3n, sino que tambi\u00e9n desprende una elegancia atemporal gracias a su acabado monocrom\u00e1tico.<\/p>\n<p class=\"ft-text\">\u00a0La<strong> superficie de terciopelo de las perchas aumenta la fricci\u00f3n y las ranuras antideslizantes<\/strong> de los hombros evitan que la ropa se deslice, incluso las camisas de seda.<\/p>\n<p class=\"ft-text\">Por otro lado, <strong>cada percha de ropa de terciopelo es delgada<\/strong>, por lo que puedes colgar m\u00e1s ropa en el mismo espacio, haciendo que tu armario est\u00e9 menos lleno<\/p>\n<p class=\"ft-text\">Gracias a su tecnolog\u00eda avanzada, <strong>limpia hasta un 100 % mejor que un cepillo manual<\/strong>, siendo <strong>implacable con la placa y delicado con las enc\u00edas.<\/strong><\/p>\n<p class=\"ft-text\">Su dise\u00f1o intuitivo facilita la transici\u00f3n al cepillo el\u00e9ctrico: bot\u00f3n \u00fanico, sonido silencioso y bater\u00eda de larga duraci\u00f3n.<\/p>\n<p class=\"ft-text\">Incorpora sensor de presi\u00f3n autom\u00e1tico, temporizador profesional y tres niveles de intensidad para una experiencia personalizada. Los cabezales redondos alcanzan donde otros no llegan.<\/p>\n<p>Con un 30 % de descuento: hazte con las zapatillas adidas Court Bold<\/p>\n<p class=\"ft-text\">Por tiempo limitado, <strong>hazte con las zapatilla adidas VL Court Bold<\/strong> que, m\u00e1s all\u00e1 de estar disponible en un sinf\u00edn de colores, destaca por contar con una silueta de ca\u00f1a baja de lo m\u00e1s c\u00f3moda.<\/p>\n<p class=\"ft-text\">Asimismo, el empeine de piel, el forro textil y la suela de goma resistente al desgaste se combinan para proporcionarte una pisada m\u00e1s c\u00f3moda.<\/p>\n<p class=\"ft-text\">Afeitarse o, al menos, recortar un poco la barba es una de esas tareas que suelen figurar en\u00a0<strong>esta peque\u00f1a\u00a0<\/strong><strong>wishlist\u00a0<\/strong><strong>encabezada bajo \u00abvuelta a la rutina\u00bb<\/strong>.<\/p>\n<p class=\"ft-text\">En ese sentido, esta oferta protagonizada con los\u00a0<strong>recambios de cuchillas Gillete Fusion5 estar\u00e1n ya en tu radar<\/strong>.<\/p>\n<p class=\"ft-text\">Cada cuchilla presenta una mayor estabilidad de las hojas que se adapta a los contornos de tu cara.<\/p>\n<p class=\"ft-text\">Dise\u00f1ados y fabricados por Tatay, una marca de referencia dentro de los t\u00e1peres y almacenamiento. Est\u00e1n disponibles en diferentes tama\u00f1os y colores.<\/p>\n<p class=\"ft-text\">Hemos seleccionado este\u00a0<strong>paquete de cuatro unidades<\/strong>, con tama\u00f1o est\u00e1ndar de\u00a0<strong>17cm x 3,2cm x 25,2cm<\/strong>. Son muy finos y\u00a0<strong>perfectamente apilables<\/strong>, para ocupar el m\u00ednimo espacio en el frigor\u00edfico.<\/p>\n<p class=\"ft-text\">Este term\u00f3metro de o\u00eddo, cl\u00ednicamente validado, <strong>ofrece una medici\u00f3n r\u00e1pida y exacta en tan solo un segundo<\/strong>. El o\u00eddo es la zona ideal para tomar la temperatura, ya que refleja con mayor fidelidad la temperatura corporal central, lo que<strong> lo convierte en la opci\u00f3n perfecta para beb\u00e9s, ni\u00f1os peque\u00f1os y toda la familia.<\/strong><\/p>\n<p class=\"ft-text\">Con un pr\u00e1ctico indicador visual y ac\u00fastico de fiebre, <strong>los resultados se muestran en una pantalla digital clara<\/strong>. Adem\u00e1s, su sistema multipitido te alerta f\u00e1cilmente: un pitido indica temperatura normal, dos pitidos temperatura elevada y cuatro pitidos fiebre alta.<\/p>\n<p>Por solo 39 euros, el grill que transformar\u00e1 tus desayunos (y mucho m\u00e1s)<\/p>\n<p class=\"ft-text\">Dise\u00f1ado para tostar pan en cuesti\u00f3n de segundos \u2014sin necesidad de a\u00f1adir mantequilla ni aceite\u2014, este grill se convierte en el aliado perfecto para quienes buscan platos m\u00e1s ligeros sin sacrificar el sabor.<\/p>\n<p class=\"ft-text\">Su estructura pr\u00e1ctica incluye base antideslizante, asa de tacto fr\u00edo y bandeja recogegrasa, ideal para mantener la encimera impecable. Adem\u00e1s, su dise\u00f1o compacto permite guardarlo tanto en posici\u00f3n horizontal como vertical, optimizando el espacio en la cocina con elegancia y funcionalidad.<\/p>\n<p class=\"ft-text ft-helper-align-justify\">\u00bfQuieres descansar de verdad? Entonces, olv\u00eddate de probar con el ruido blanco <strong>Los tapones para los o\u00eddos m\u00e1s vendidos<\/strong>, con tecnolog\u00eda avanzada que bloquea hasta 35\u202fdB de ruido, est\u00e1n ahora con un <strong>86\u202f% de descuento<\/strong>.<\/p>\n<p class=\"ft-text ft-helper-align-justify\">Ligeros, c\u00f3modos y elegantes, incluyen 7 pares de puntas para un ajuste perfecto y vienen con estuche y cuerda antip\u00e9rdida.<\/p>\n<p class=\"ft-text ft-helper-align-justify\">Perfectos para dormir, trabajar o viajar, son la soluci\u00f3n definitiva para un entorno tranquilo donde sea que est\u00e9s. No pierdas <strong>esta oportunidad \u00fanica de llevarte el producto favorito de miles y recuperar tu paz al mejor precio<\/strong>.<\/p>\n<p class=\"ft-text\">Los contenidos publicados en la secci\u00f3n de\u00a0<a class=\"ft-link ft-link--decoration\" href=\"https:\/\/www.elperiodico.com\/es\/shopping\/\" target=\"_blank\" rel=\"nofollow noopener\">Shopping\u00a0<\/a>ofrecen recomendaciones objetivas e independientes sobre productos y servicios que podr\u00edan resultar de inter\u00e9s para los lectores. Si el usuario realiza una compra mediante los enlaces incluidos en dichos art\u00edculos, Prensa Ib\u00e9rica percibe una comisi\u00f3n.<\/p>\n","protected":false},"excerpt":{"rendered":"Con la vuelta a la rutina, Amazon nos lo pone f\u00e1cil: los chollos del d\u00eda llegan cargadas de&hellip;\n","protected":false},"author":2,"featured_media":88525,"comment_status":"","ping_status":"","sticky":false,"template":"","format":"standard","meta":{"footnotes":""},"categories":[80],"tags":[912,82,32500,95,94,25,24,10037,23],"class_list":{"0":"post-88524","1":"post","2":"type-post","3":"status-publish","4":"format-standard","5":"has-post-thumbnail","7":"category-economia","8":"tag-amazon","9":"tag-business","10":"tag-chollos","11":"tag-economia","12":"tag-economy","13":"tag-es","14":"tag-espana","15":"tag-ofertas","16":"tag-spain"},"share_on_mastodon":{"url":"","error":""},"_links":{"self":[{"href":"https:\/\/www.europesays.com\/es\/wp-json\/wp\/v2\/posts\/88524","targetHints":{"allow":["GET"]}}],"collection":[{"href":"https:\/\/www.europesays.com\/es\/wp-json\/wp\/v2\/posts"}],"about":[{"href":"https:\/\/www.europesays.com\/es\/wp-json\/wp\/v2\/types\/post"}],"author":[{"embeddable":true,"href":"https:\/\/www.europesays.com\/es\/wp-json\/wp\/v2\/users\/2"}],"replies":[{"embeddable":true,"href":"https:\/\/www.europesays.com\/es\/wp-json\/wp\/v2\/comments?post=88524"}],"version-history":[{"count":0,"href":"https:\/\/www.europesays.com\/es\/wp-json\/wp\/v2\/posts\/88524\/revisions"}],"wp:featuredmedia":[{"embeddable":true,"href":"https:\/\/www.europesays.com\/es\/wp-json\/wp\/v2\/media\/88525"}],"wp:attachment":[{"href":"https:\/\/www.europesays.com\/es\/wp-json\/wp\/v2\/media?parent=88524"}],"wp:term":[{"taxonomy":"category","embeddable":true,"href":"https:\/\/www.europesays.com\/es\/wp-json\/wp\/v2\/categories?post=88524"},{"taxonomy":"post_tag","embeddable":true,"href":"https:\/\/www.europesays.com\/es\/wp-json\/wp\/v2\/tags?post=88524"}],"curies":[{"name":"wp","href":"https:\/\/api.w.org\/{rel}","templated":true}]}}