{"id":88551,"date":"2025-09-02T15:27:08","date_gmt":"2025-09-02T15:27:08","guid":{"rendered":"https:\/\/www.europesays.com\/es\/88551\/"},"modified":"2025-09-02T15:27:08","modified_gmt":"2025-09-02T15:27:08","slug":"hay-cosas-que-no-cambian","status":"publish","type":"post","link":"https:\/\/www.europesays.com\/es\/88551\/","title":{"rendered":"Hay cosas que no cambian"},"content":{"rendered":"<p class=\"article-text\">\n        <strong>Antena 3 Noticias<\/strong> arranc\u00f3 este lunes su nueva temporada. Y lo hizo con cambios en su sinton\u00eda y su nueva l\u00ednea gr\u00e1fica. La sinton\u00eda, m\u00e1s suave que la anterior, se pudo escuchar por primera vez en la edici\u00f3n de las 15 horas, que volvi\u00f3 a tener a <strong>Sandra Golpe<\/strong> al frente. La presentadora se reincorpor\u00f3 tras sus vacaciones de verano anunciando estos cambios y vi\u00e9ndose rodeada por los nuevos grafismos que, a partir de ahora, lucir\u00e1 su informativo y los otros que forman la marca informativa de <strong>Antena 3<\/strong>.\n    <\/p>\n<p>    <a href=\"https:\/\/www.eldiario.es\/noticias\/lasexta-confia-cantera-ana-cuesta-presentara-noticias-semana-relevo-cristina-villanueva_1_12570269.html\" data-mrf-recirculation=\"saber-mas\" data-dl-event=\"saber-mas\" rel=\"nofollow noopener\" target=\"_blank\"><\/p>\n<p class=\"know-more__title\">laSexta conf\u00eda en su cantera: Ana Cuesta presentar\u00e1 las &#8216;Noticias Fin de semana&#8217; en relevo de Cristina Villanueva<\/p>\n<p>            <img decoding=\"async\" class=\"lazy\" loading=\"lazy\" data-src=\"https:\/\/static.eldiario.es\/clip\/a4776433-4f46-4243-b807-b0e191a8969f_16-9-aspect-ratio_default_0.jpg\" src=\"data:image\/svg+xml,%3Csvg xmlns=\" http:=\"\" viewbox=\"0 0 880 495\" alt=\"laSexta conf\u00eda en su cantera: Ana Cuesta presentar\u00e1 las 'Noticias Fin de semana' en relevo de Cristina Villanueva\"\/><\/p>\n<p>                        <\/a><\/p>\n<p class=\"article-text\">\n        Con ellos dio paso al sumario, donde recogi\u00f3 el pacto de Estado contra el cambio clim\u00e1tico que propone <strong>Pedro S\u00e1nchez<\/strong> o la negativa de <strong>Alberto N\u00fa\u00f1ez Feij\u00f3o<\/strong> a aceptarlo porque, seg\u00fan el l\u00edder del PP, \u201ceste Gobierno no tiene credibilidad para hacer pactos de Estados porque lo \u00fanico que ha hecho ha sido romper los pactos de Estado\u201d. \u201cComo ven, hay cosas que no han cambiado\u201d, dijo Golpe tras escuchar a Feij\u00f3o y antes de decir se\u00f1alar otra cosa que tambi\u00e9n se mantiene respecto al pasado curso pol\u00edtico: \u201cEl futuro de la legislatura sigue en manos de Carles Puigdemont\u201d,\n    <\/p>\n<p class=\"article-text\">\n        En lo que se refiere a la l\u00ednea gr\u00e1fica, la nueva que luce Antena 3 Noticias mantiene los colores amarillo, blanco y negro que predominaban en la anterior, aunque a ellos se suman ahora algunos tonos grises. La tipograf\u00eda tambi\u00e9n es distinta respecto a la de la pasada temporada, al igual que el logotipo, pues ahora ya no vemos el logo de Antena 3 junto a la palabra &#8216;Noticias&#8217; en azul o blanco, seg\u00fan el fondo. Ahora, el logo de Antena 3 Noticias es el logo de Antena 3 junto<strong> a un &#8216;3&#8217; y una &#8216;N&#8217;<\/strong>. Las tres partes, en negro sobre un recuadro blanco (negro en el momento del sumario) que este lunes se pudo ver en la parte central inferior de la pantalla durante toda la emisi\u00f3n.\n    <\/p>\n<p class=\"article-text\">\n        Al margen de los toques amarillos, el color m\u00e1s llamativo que lucen los &#8216;nuevos&#8217; informativos de Antena 3 sigue siendo el naranja de los micr\u00f3fonos, que repite respecto al anterior dise\u00f1o y que alude, evidentemente, al color corporativo de la cadena. Quiz\u00e1 un micr\u00f3fono negro ir\u00eda m\u00e1s en consonancia con el dise\u00f1o de esta renovada l\u00ednea gr\u00e1fica, pero cabe recordar que negros son los micr\u00f3fonos del grupo <strong>Atresmedia<\/strong>. Por tanto, manteniendo el color naranja se mantiene un rasgo visual f\u00e1cilmente identificable con Antena 3, al igual que pasa con los micr\u00f3fonos verdes en el caso de <strong>laSexta<\/strong>.\n    <\/p>\n<p>    <a href=\"https:\/\/www.eldiario.es\/vertele\/audiencias-tv\/lunes-1-septiembre-2025-el-hormiguero-firma-mejor-estreno-temporada-masterchef-celebrity-10-arranca-fuerza_1_12571216.html\" data-mrf-recirculation=\"saber-mas-abajo\" data-dl-event=\"saber-mas-abajo\" rel=\"nofollow noopener\" target=\"_blank\"><\/p>\n<p class=\"know-more__title\">&#8216;El Hormiguero&#8217; (21.1%) firma su mejor estreno de temporada y &#8216;MasterChef Celebrity 10&#8217; (16.4%) arranca con fuerza\n<\/p>\n<p>            <img decoding=\"async\" class=\"lazy\" loading=\"lazy\" data-src=\"https:\/\/static.eldiario.es\/clip\/5ca6cc05-b6f3-437b-aee4-8987bdadae1a_16-9-aspect-ratio_default_0.jpg\" src=\"data:image\/svg+xml,%3Csvg xmlns=\" http:=\"\" viewbox=\"0 0 880 495\" alt=\"'El Hormiguero' (21.1%) firma su mejor estreno de temporada y 'MasterChef Celebrity 10' (16.4%) arranca con fuerza\"\/><\/p>\n<p>                        <\/a><\/p>\n<p>            <img decoding=\"async\" class=\"lazy\" loading=\"lazy\" data-src=\"https:\/\/static.eldiario.es\/clip\/88e684cd-fed3-429d-b5a4-f87f623982a7_16-9-discover-aspect-ratio_default_0.jpg\" src=\"data:image\/svg+xml,%3Csvg xmlns=\" http:=\"\" viewbox=\"0 0 1200 675\" alt=\"Sandra Golpe, en el estreno de temporada de 'Antena 3 Noticias 1'\"\/><\/p>\n<p>            <img decoding=\"async\" class=\"lazy\" loading=\"lazy\" data-src=\"https:\/\/static.eldiario.es\/clip\/0fddea0e-5ca1-4704-a691-e409ad0d5934_16-9-discover-aspect-ratio_default_0.jpg\" src=\"data:image\/svg+xml,%3Csvg xmlns=\" http:=\"\" viewbox=\"0 0 1200 675\" alt=\"Los nuevos r\u00f3tulos de 'Antena 3 Noticias'\"\/><\/p>\n<p>            <img decoding=\"async\" class=\"lazy\" loading=\"lazy\" data-src=\"https:\/\/static.eldiario.es\/clip\/d5bab75e-f618-4673-a8fc-4aa49b91f9c4_16-9-discover-aspect-ratio_default_0.jpg\" src=\"data:image\/svg+xml,%3Csvg xmlns=\" http:=\"\" viewbox=\"0 0 1200 675\" alt=\"Los nuevos r\u00f3tulos de Antena 3 Noticias\"\/><\/p>\n<blockquote class=\"twitter-tweet\" data-lang=\"es\"><p><a href=\"https:\/\/twitter.com\/X\/status\/1962501884159144437?ref_src=twsrc%5Etfw\" rel=\"nofollow noopener\" target=\"_blank\"><\/p><\/blockquote>\n<p class=\"article-text\">\n        Lo que no cambi\u00f3 este lunes, ni parece que vaya a cambiar a lo largo del curso, fue el dominio en audiencias de Antena 3 Noticias respecto a sus rivales. Las ediciones de Sandra Golpe (22.7% y 2.061.000) y Vicente Vall\u00e9s (18.2% y 1.780.000) arrancaron el curso con datos muy superiores a los d sus rivales. Entre ellos, los del Telediario de La 1, que tambi\u00e9n lucieron una <a href=\"https:\/\/www.eldiario.es\/vertele\/noticias\/telediarios-rtve-estrenan-nueva-linea-grafica-aplica-canal-24h_1_12569553.html\" target=\"_blank\" data-mrf-recirculation=\"links-noticia\" class=\"link\" rel=\"nofollow noopener\">nueva l\u00ednea gr\u00e1fica<\/a> y, adem\u00e1s, contaron con el <a href=\"https:\/\/www.eldiario.es\/vertele\/noticias\/arrancado-pepa-bueno-regreso-telediario-temporada-intensa-apasionante-compleja_1_12570874.html\" target=\"_blank\" data-mrf-recirculation=\"links-noticia\" class=\"link\" rel=\"nofollow noopener\">&#8216;redebut&#8217; de Pepa Bueno<\/a> al frente del Telediario 2, donde <a href=\"https:\/\/www.eldiario.es\/vertele\/audiencias-tv\/entrevista-pepa-bueno-pedro-sanchez-reunio-1-5-millones-espectadores-segunda-opcion_1_12571246.html\" target=\"_blank\" data-mrf-recirculation=\"links-noticia\" class=\"link\" rel=\"nofollow noopener\">entrevist\u00f3 a Pedro S\u00e1nchez<\/a>.\n    <\/p>\n<p>                                    <script async src=\"https:\/\/platform.twitter.com\/widgets.js\" charset=\"utf-8\"><\/script><\/p>\n","protected":false},"excerpt":{"rendered":"Antena 3 Noticias arranc\u00f3 este lunes su nueva temporada. Y lo hizo con cambios en su sinton\u00eda y&hellip;\n","protected":false},"author":2,"featured_media":88552,"comment_status":"","ping_status":"","sticky":false,"template":"","format":"standard","meta":{"footnotes":""},"categories":[171],"tags":[20396,32507,5580,19922,14532,3445,234,146,147,25,24,1634,689,524,952,23,214],"class_list":{"0":"post-88551","1":"post","2":"type-post","3":"status-publish","4":"format-standard","5":"has-post-thumbnail","7":"category-tv","8":"tag-abrio","9":"tag-antena-3-noticias","10":"tag-cambian","11":"tag-cosas","12":"tag-crispacion","13":"tag-curso","14":"tag-diseno","15":"tag-entertainment","16":"tag-entretenimiento","17":"tag-es","18":"tag-espana","19":"tag-hay","20":"tag-no","21":"tag-nuevo","22":"tag-politica","23":"tag-spain","24":"tag-tv"},"share_on_mastodon":{"url":"","error":""},"_links":{"self":[{"href":"https:\/\/www.europesays.com\/es\/wp-json\/wp\/v2\/posts\/88551","targetHints":{"allow":["GET"]}}],"collection":[{"href":"https:\/\/www.europesays.com\/es\/wp-json\/wp\/v2\/posts"}],"about":[{"href":"https:\/\/www.europesays.com\/es\/wp-json\/wp\/v2\/types\/post"}],"author":[{"embeddable":true,"href":"https:\/\/www.europesays.com\/es\/wp-json\/wp\/v2\/users\/2"}],"replies":[{"embeddable":true,"href":"https:\/\/www.europesays.com\/es\/wp-json\/wp\/v2\/comments?post=88551"}],"version-history":[{"count":0,"href":"https:\/\/www.europesays.com\/es\/wp-json\/wp\/v2\/posts\/88551\/revisions"}],"wp:featuredmedia":[{"embeddable":true,"href":"https:\/\/www.europesays.com\/es\/wp-json\/wp\/v2\/media\/88552"}],"wp:attachment":[{"href":"https:\/\/www.europesays.com\/es\/wp-json\/wp\/v2\/media?parent=88551"}],"wp:term":[{"taxonomy":"category","embeddable":true,"href":"https:\/\/www.europesays.com\/es\/wp-json\/wp\/v2\/categories?post=88551"},{"taxonomy":"post_tag","embeddable":true,"href":"https:\/\/www.europesays.com\/es\/wp-json\/wp\/v2\/tags?post=88551"}],"curies":[{"name":"wp","href":"https:\/\/api.w.org\/{rel}","templated":true}]}}