{"id":88559,"date":"2025-09-02T15:32:08","date_gmt":"2025-09-02T15:32:08","guid":{"rendered":"https:\/\/www.europesays.com\/es\/88559\/"},"modified":"2025-09-02T15:32:08","modified_gmt":"2025-09-02T15:32:08","slug":"cristina-pedroche-vuelve-a-instagram-con-una-reflexion-sobre-la-maternidad-y-lo-que-ha-cambiado-con-su-segundo-hijo-solo-he-estado-en-casa-con-mono-y-dando-teta-gente","status":"publish","type":"post","link":"https:\/\/www.europesays.com\/es\/88559\/","title":{"rendered":"Cristina Pedroche vuelve a Instagram con una reflexi\u00f3n sobre la maternidad y lo que ha cambiado con su segundo hijo: \u201cSolo he estado en casa, con mo\u00f1o y dando teta\u201d | Gente"},"content":{"rendered":"<p class=\"\">El pasado jueves 17 de julio, la pareja formada por la presentadora Cristina Pedroche (Madrid, 36 a\u00f1os) y el cocinero Dabiz Mu\u00f1oz (Madrid, 45 a\u00f1os) <a href=\"https:\/\/elpais.com\/gente\/2025-07-18\/cristina-pedroche-y-dabiz-munoz-padres-de-su-segundo-hijo-isai.html\" target=\"_self\" rel=\"nofollow noopener\" title=\"https:\/\/elpais.com\/gente\/2025-07-18\/cristina-pedroche-y-dabiz-munoz-padres-de-su-segundo-hijo-isai.html\">dieron la bienvenida a su segundo hijo, llamado Isai<\/a>. Comunicaron el nacimiento a trav\u00e9s de sus redes sociales, en concreto de un post en Instagram \u2014tambi\u00e9n compartido en el perfil del chef\u2014 publicado al d\u00eda siguiente en el que, junto a <a href=\"https:\/\/www.instagram.com\/cristipedroche\/p\/DMPs2h_N93D\/?hl=es\" target=\"_self\" rel=\"nofollow noopener\" title=\"https:\/\/www.instagram.com\/cristipedroche\/p\/DMPs2h_N93D\/?hl=es\">una imagen en la que se ve\u00edan cuatro manos entrelazadas<\/a>, pod\u00eda leerse: \u201cPues s\u00ed, el amor se multiplica. Isai Pedroche Mu\u00f1oz\u201d. <\/p>\n<p class=\"\">Ahora, un mes y medio despu\u00e9s de la feliz llegada de su segundo hijo, Pedroche ha vuelto a publicar en su perfil de Instagram, aprovechando para compartir una reflexi\u00f3n sobre la maternidad con sus seguidores. En la foto se ve a la madrile\u00f1a sentada en el suelo de una habitaci\u00f3n infantil, rodeada de juguetes y pa\u00f1uelos de papel, en pijama y con un mo\u00f1o de andar por casa. Es decir, una imagen p\u00fablica que no es tan habitual encontrar de ella, sobre todo trat\u00e1ndose de una mujer que, por motivos sobre todo profesionales, cuida mucho cada una de sus apariciones. As\u00ed, como una mujer m\u00e1s que ha dado a luz recientemente y que adem\u00e1s tiene que encargarse de una ni\u00f1a a\u00fan muy peque\u00f1a, <a href=\"https:\/\/elpais.com\/gente\/2023-07-14\/cristina-pedroche-y-dabiz-munoz-dan-la-bienvenida-a-su-primera-hija.html\" target=\"_self\" rel=\"nofollow noopener\" title=\"https:\/\/elpais.com\/gente\/2023-07-14\/cristina-pedroche-y-dabiz-munoz-dan-la-bienvenida-a-su-primera-hija.html\">su hija Laia, nacida en julio de 2023<\/a>, Pedroche hace referencia en su nueva publicaci\u00f3n a los duros momentos a los que tuvo que enfrentarse tras el nacimiento de la mayor y que afectaron a su salud mental. Lo explica en el siguiente texto: <\/p>\n<p>M\u00e1s informaci\u00f3n<\/p>\n<p class=\"\">\u201cClaro que iba a volver. Hay Pedroche para rato \ud83d\ude02. Os cuento un poco. \u2764\ufe0fHe cogido unos d\u00edas, que se han convertido en semanas, para estar tranquila con mis beb\u00e9s y conmigo misma sin notar la presi\u00f3n de las redes sociales ni leer los comentarios da\u00f1inos, porque s\u00e9 que muchos o pocos, siempre hay. Hace dos a\u00f1os, cuando naci\u00f3 mi primera hija, no me di este tiempo. Os cont\u00e9 muchas cosas, os mostr\u00e9 mis sentimientos, me abr\u00ed en canal cuando m\u00e1s vulnerable estaba\u2026 y ya sab\u00e9is que no me fue muy bien. Aunque much\u00edsimos me apoyasteis y me mandasteis cari\u00f1o, creo que todo el odio que recib\u00ed tambi\u00e9n contribuy\u00f3 a hundirme un poco m\u00e1s en el hoyo en el que el posparto me estaba metiendo. M\u00e1s miedos, m\u00e1s inseguridades. (Los que hay\u00e1is le\u00eddo mi libro ya sab\u00e9is). Me ha venido muy bien el haber estado este tiempo solo viviendo mi vida, sin ver nada m\u00e1s, sin compararme con nadie, d\u00e1ndome mis tiempos\u2026 Alg\u00fan momento de baj\u00f3n he tenido, pero nada que ver con la otra vez\u2026 (cruzo dedos\ud83e\udd1e\ud83c\udffd). La semana pasada me plante\u00e9 volver, pero no sab\u00eda c\u00f3mo hacerlo, sent\u00eda que no ten\u00eda ninguna foto \u201cbuena\u201d para subir. Intent\u00e9 hacerme una en la piscina (la subir\u00e9 m\u00e1s adelante. Prometido\ud83d\ude09) As\u00ed que al final he decidido subiros mi verdad, mi felicidad y mi momento. En este tiempo solo he estado en casa, con mo\u00f1o y dando teta\ud83d\ude02. Me paso todo el d\u00eda con uno, con la otra o con los dos a la vez en la teta. Todos los pijamas manchados de leche, y la casa llena de pa\u00f1uelos. El t\u00e1ndem est\u00e1 siendo precioso, pero duro e intenso tambi\u00e9n. Otro d\u00eda os contar\u00e9 m\u00e1s si os apetece. Gracias a todos los que me hab\u00e9is estado escribiendo preocup\u00e1ndoos por m\u00ed. A los que me hab\u00e9is estado criticando y mandando odio aun cuando no sub\u00eda nada, quiz\u00e1s deber\u00edais apuntaros a alg\u00fan curso o algo ahora que estamos en septiembre, que parece que os sobra el tiempo\ud83d\ude02. No, en serio, gracias a todos, a los que me dese\u00e1is el bien y el mal, os mando un abrazo muy fuerte y mucho amor. \u2764\ufe0f\u2764\ufe0f\u2764\ufe0f\u201c.<\/p>\n<p class=\"\">Pedroche, que durante a\u00f1os ha sufrido y denunciando acoso en redes sociales, quiso bajar el perfil de sus publicaciones ante el nacimiento de Laia: \u201cEsto es lo m\u00e1s \u00edntimo que tengo, lo m\u00e1s bonito que me ha pasado\u201d, <a href=\"https:\/\/elpais.com\/gente\/2023-01-27\/cristina-pedroche-no-hablara-de-su-embarazo-en-redes-por-miedo-no-se-si-estoy-lista-para-enfrentarme-a-criticas.html\" target=\"_self\" rel=\"nofollow noopener\" title=\"https:\/\/elpais.com\/gente\/2023-01-27\/cristina-pedroche-no-hablara-de-su-embarazo-en-redes-por-miedo-no-se-si-estoy-lista-para-enfrentarme-a-criticas.html\">dijo en enero de 2023<\/a>. Despu\u00e9s de la llegada al mundo de su hija, la presentadora <a href=\"https:\/\/elpais.com\/gente\/2024-06-06\/cristina-pedroche-a-mi-hija-le-voy-a-dar-todo-mi-amor-pero-no-todo-mi-dinero.html\" target=\"_self\" rel=\"nofollow noopener\" title=\"https:\/\/elpais.com\/gente\/2024-06-06\/cristina-pedroche-a-mi-hija-le-voy-a-dar-todo-mi-amor-pero-no-todo-mi-dinero.html\">lleg\u00f3 a reconocer en una entrevista a EL PA\u00cdS<\/a>: \u201cVe\u00eda que otras madres eran muy felices y yo, sin embargo, no paraba de llorar cada d\u00eda. Me daba p\u00e1nico salir de casa, llevarla al pediatra, que alguien la tocara, que los paparazis me siguieran\u2026 Mi ginec\u00f3loga me sugiri\u00f3 que escribiera esos pensamientos cada vez que los tuviera\u201d. Confesiones como esta, que comenz\u00f3 a escribir a modo de terapia, adem\u00e1s de todo lo aprendido durante el embarazo, acabaron dando forma a Gracias al miedo (Planeta), su debut literario y lo que le hubiera gustado leer para sentirse un poco menos sola en aquellos momentos de duro posparto psicol\u00f3gico.<\/p>\n<p><script async src=\"\/\/www.instagram.com\/embed.js\"><\/script><\/p>\n","protected":false},"excerpt":{"rendered":"El pasado jueves 17 de julio, la pareja formada por la presentadora Cristina Pedroche (Madrid, 36 a\u00f1os) y&hellip;\n","protected":false},"author":2,"featured_media":88560,"comment_status":"","ping_status":"","sticky":false,"template":"","format":"standard","meta":{"footnotes":""},"categories":[91],"tags":[18875,6341,146,147,25,24,256,260,4536,1913,10758,1922,4474,23],"class_list":{"0":"post-88559","1":"post","2":"type-post","3":"status-publish","4":"format-standard","5":"has-post-thumbnail","7":"category-entretenimiento","8":"tag-cristina-pedroche","9":"tag-dabiz-munoz","10":"tag-entertainment","11":"tag-entretenimiento","12":"tag-es","13":"tag-espana","14":"tag-famosos","15":"tag-gente","16":"tag-instagram","17":"tag-maternidad","18":"tag-presentadores-television","19":"tag-redes-sociales","20":"tag-salud-mental","21":"tag-spain"},"share_on_mastodon":{"url":"","error":""},"_links":{"self":[{"href":"https:\/\/www.europesays.com\/es\/wp-json\/wp\/v2\/posts\/88559","targetHints":{"allow":["GET"]}}],"collection":[{"href":"https:\/\/www.europesays.com\/es\/wp-json\/wp\/v2\/posts"}],"about":[{"href":"https:\/\/www.europesays.com\/es\/wp-json\/wp\/v2\/types\/post"}],"author":[{"embeddable":true,"href":"https:\/\/www.europesays.com\/es\/wp-json\/wp\/v2\/users\/2"}],"replies":[{"embeddable":true,"href":"https:\/\/www.europesays.com\/es\/wp-json\/wp\/v2\/comments?post=88559"}],"version-history":[{"count":0,"href":"https:\/\/www.europesays.com\/es\/wp-json\/wp\/v2\/posts\/88559\/revisions"}],"wp:featuredmedia":[{"embeddable":true,"href":"https:\/\/www.europesays.com\/es\/wp-json\/wp\/v2\/media\/88560"}],"wp:attachment":[{"href":"https:\/\/www.europesays.com\/es\/wp-json\/wp\/v2\/media?parent=88559"}],"wp:term":[{"taxonomy":"category","embeddable":true,"href":"https:\/\/www.europesays.com\/es\/wp-json\/wp\/v2\/categories?post=88559"},{"taxonomy":"post_tag","embeddable":true,"href":"https:\/\/www.europesays.com\/es\/wp-json\/wp\/v2\/tags?post=88559"}],"curies":[{"name":"wp","href":"https:\/\/api.w.org\/{rel}","templated":true}]}}