{"id":88567,"date":"2025-09-02T15:36:09","date_gmt":"2025-09-02T15:36:09","guid":{"rendered":"https:\/\/www.europesays.com\/es\/88567\/"},"modified":"2025-09-02T15:36:09","modified_gmt":"2025-09-02T15:36:09","slug":"los-empresarios-valencianos-denuncian-que-la-quita-de-la-deuda-del-gobierno-perpetua-el-agravio-contra-la-region","status":"publish","type":"post","link":"https:\/\/www.europesays.com\/es\/88567\/","title":{"rendered":"Los empresarios valencianos denuncian que la quita de la deuda del Gobierno \u00abperpet\u00faa\u00bb el agravio contra la regi\u00f3n"},"content":{"rendered":"<p>02\/09\/2025<br \/>\n<br \/><strong><br \/>\nActualizado a las 16:53h.<br \/>\n<\/strong><\/p>\n<p class=\"voc-p\" style=\"\">La Confederaci\u00f3n Empresarial de la <a href=\"https:\/\/www.abc.es\/espana\/comunidad-valenciana\/\" target=\"_blank\" data-voc-vtm-id=\"in-text-traffic\" title=\"Comunidad Valenciana\" data-mrf-link=\"www.abc.es\" rel=\"nofollow noopener\">Comunidad Valenciana<\/a> (CEV) ha expresado su rechazo \u00abde forma tajante\u00bb a la distribuci\u00f3n auton\u00f3mica de la quita de la deuda que aprueba este martes el Consejo de Ministros al considerarla \u00ab<strong>insuficiente, injusta<\/strong> y alejada de la realidad\u00ab que sufre la autonom\u00eda, con la que se \u00bbperpet\u00faa\u00ab el \u00bbagravio\u00ab, aunque valora la iniciativa de la condonaci\u00f3n.<\/p>\n<p class=\"voc-p\" style=\"\">\u00abDecimos s\u00ed a la quita de la deuda, porque es de justicia, pero no en los t\u00e9rminos en los que se plantea. Con m\u00e1s de 60.000 millones de euros de deuda acumulada y siendo la Comunidad Valenciana la m\u00e1s endeudada en t\u00e9rminos de PIB y per c\u00e1pita, los criterios aplicados por el Gobierno en el c\u00e1lculo llevan a que nuestra regi\u00f3n sea la menos beneficiada en el reparto de la quita y, obviamente, no corrige la desventaja que arrastramos hist\u00f3ricamente frente al resto de comunidades\u00bb, ha afirmado en un comunicado el presidente de la CEV, <strong>Salvador Navarro.<\/strong><\/p>\n<p class=\"voc-p\" style=\"\">La CEV denuncia, en este sentido, que los criterios utilizados para repartir la condonaci\u00f3n, presentados como \u00abobjetivos\u00bb, \u00abno garantizan la equidad territorial\u00bb. \u00abSe intentan vender como t\u00e9cnicos lo que en realidad son m\u00e1s criterios pol\u00edticos, y eso no solo no resuelve desigualdades, sino que perpet\u00faa un modelo injusto con este territorio\u00bb, ha subrayado Navarro.<\/p>\n<p class=\"voc-p\" style=\"\">Para la CEV, esta medida \u00ab<strong>no es m\u00e1s que un parche<\/strong>\u00ab. \u00bbPuede suponer cierto alivio para las finanzas de la Generalitat Valenciana, pero no aborda el problema estructural de la infrafinanciaci\u00f3n, que condena a la Comunidad Valenciana a ser la peor financiada del Estado, seg\u00fan confirman todos los informes t\u00e9cnicos (AIReF, FEDEA, Ivie, Comisi\u00f3n de Expertos de Les Corts)\u00ab.<\/p>\n<p class=\"voc-p\" style=\"\">En este sentido subraya que esta situaci\u00f3n, adem\u00e1s, es \u00abdoblemente injusta, ya que la valenciana es la comunidad que soporta el mayor esfuerzo fiscal del pa\u00eds, superior incluso al de comunidades con mayor capacidad econ\u00f3mica como Catalu\u00f1a o Madrid\u00bb.<\/p>\n<p class=\"voc-p\" style=\"\">Por todo ello, la CEV insiste en que la quita de la deuda, aunque \u00abpositiva en el fondo no lo es en sus formas\u00bb. \u00abEl resultado queda muy por debajo de lo que ser\u00eda justo para la Comunidad Valenciana y, en ning\u00fan caso, puede sustituir la reforma estructural e inaplazable del sistema de financiaci\u00f3n auton\u00f3mica, que es la \u00fanica v\u00eda para garantizar un reparto equitativo de los recursos p\u00fablicos\u00bb, ha denunciado.<\/p>\n<p class=\"voc-p\" style=\"\">\u00abLa Comunidad Valenciana no puede conformarse con un alivio parcial. Necesitamos un cambio de modelo que ponga fin a la infrafinanciaci\u00f3n cr\u00f3nica y garantice igualdad con el resto de los territorios. S\u00ed a la quita de la deuda, pero no as\u00ed, no en estos t\u00e9rminos\u00bb, ha concluido Salvador Navarro.<\/p>\n<p>Reportar un error<\/p>\n","protected":false},"excerpt":{"rendered":"02\/09\/2025 Actualizado a las 16:53h. La Confederaci\u00f3n Empresarial de la Comunidad Valenciana (CEV) ha expresado su rechazo \u00abde&hellip;\n","protected":false},"author":2,"featured_media":88568,"comment_status":"","ping_status":"","sticky":false,"template":"","format":"standard","meta":{"footnotes":""},"categories":[8],"tags":[32513,17,18,3114,19065,17505,25,24,13,14,582,11,19,20,9,10,15,16,5923,17088,6192,23,12,21,22,17077],"class_list":{"0":"post-88567","1":"post","2":"type-post","3":"status-publish","4":"format-standard","5":"has-post-thumbnail","7":"category-espana","8":"tag-agravio","9":"tag-breaking-news","10":"tag-breakingnews","11":"tag-denuncian","12":"tag-deuda","13":"tag-empresarios","14":"tag-es","15":"tag-espana","16":"tag-featured-news","17":"tag-featurednews","18":"tag-gobierno","19":"tag-headlines","20":"tag-latest-news","21":"tag-latestnews","22":"tag-news","23":"tag-noticias","24":"tag-noticias-destacadas","25":"tag-noticiasdestacadas","26":"tag-perpetua","27":"tag-quita","28":"tag-region","29":"tag-spain","30":"tag-titulares","31":"tag-ultimas-noticias","32":"tag-ultimasnoticias","33":"tag-valencianos"},"share_on_mastodon":{"url":"","error":""},"_links":{"self":[{"href":"https:\/\/www.europesays.com\/es\/wp-json\/wp\/v2\/posts\/88567","targetHints":{"allow":["GET"]}}],"collection":[{"href":"https:\/\/www.europesays.com\/es\/wp-json\/wp\/v2\/posts"}],"about":[{"href":"https:\/\/www.europesays.com\/es\/wp-json\/wp\/v2\/types\/post"}],"author":[{"embeddable":true,"href":"https:\/\/www.europesays.com\/es\/wp-json\/wp\/v2\/users\/2"}],"replies":[{"embeddable":true,"href":"https:\/\/www.europesays.com\/es\/wp-json\/wp\/v2\/comments?post=88567"}],"version-history":[{"count":0,"href":"https:\/\/www.europesays.com\/es\/wp-json\/wp\/v2\/posts\/88567\/revisions"}],"wp:featuredmedia":[{"embeddable":true,"href":"https:\/\/www.europesays.com\/es\/wp-json\/wp\/v2\/media\/88568"}],"wp:attachment":[{"href":"https:\/\/www.europesays.com\/es\/wp-json\/wp\/v2\/media?parent=88567"}],"wp:term":[{"taxonomy":"category","embeddable":true,"href":"https:\/\/www.europesays.com\/es\/wp-json\/wp\/v2\/categories?post=88567"},{"taxonomy":"post_tag","embeddable":true,"href":"https:\/\/www.europesays.com\/es\/wp-json\/wp\/v2\/tags?post=88567"}],"curies":[{"name":"wp","href":"https:\/\/api.w.org\/{rel}","templated":true}]}}