{"id":88584,"date":"2025-09-02T15:48:07","date_gmt":"2025-09-02T15:48:07","guid":{"rendered":"https:\/\/www.europesays.com\/es\/88584\/"},"modified":"2025-09-02T15:48:07","modified_gmt":"2025-09-02T15:48:07","slug":"esta-es-la-ciudad-espanola-donde-se-construira-el-rascacielos-residencial-mas-alto-de-europa","status":"publish","type":"post","link":"https:\/\/www.europesays.com\/es\/88584\/","title":{"rendered":"esta es la ciudad espa\u00f1ola donde se construir\u00e1 el rascacielos residencial m\u00e1s alto de Europa"},"content":{"rendered":"<p class=\"c-paragraph\">Si hay una ciudad en Espa\u00f1a que se caracteriza por su<b> grandes edificaciones y rascacielos<\/b> poco comunes en el pa\u00eds y en Europa en general, es <a href=\"https:\/\/www.20minutos.es\/tags\/lugares\/benidorm.html\" title=\"Benidorm\" rel=\"nofollow noopener\" target=\"_blank\">Benidorm<\/a>. Sus playas vienen<a href=\"https:\/\/www.20minutos.es\/noticia\/5730898\/0\/britanico-reside-benidorm-rervela-atracciones-turistas-desperdicio-dinero\/\" title=\"Un brit\u00e1nico que reside en Benidorm revela las atracciones para turistas &quot;que son un desperdicio de dinero&quot;\" rel=\"nofollow noopener\" target=\"_blank\"> acompa\u00f1adas de hoteles y edificios residenciales <\/a>pensados para <b>el retiro de cientos de jubilados.<\/b> De hecho, la ciudad alicantina cuenta con ese sello y pretende seguir llen\u00e1ndose de r\u00e9cords en el \u00e1mbito de la<b> construcci\u00f3n de inmensos rascacielos.\u00a0<\/b><\/p>\n<p class=\"c-paragraph\">Ya son m\u00e1s de 25 edificios los que superan los 100 metros de altura en Benidorm y los planes apuntan a que ese n\u00famero se podr\u00eda multiplicar en unos 30 a\u00f1os. Sin embargo, ning\u00fan proyecto actual supera o incluso iguala\u00a0a <b>la futura TM Tower de Benidorm<\/b>, un edificio que apuesta por superar al Intempo (tambi\u00e9n en Benidorm) y convertirse en<b> el edificio residencial m\u00e1s alto de todo el continente.\u00a0<\/b><\/p>\n<p>Una torre de m\u00e1s de 200 metros de altura\u00a0<\/p>\n<p class=\"c-paragraph\">La TM Tower de Benidorm ya es, sobre el papel, el edificio para habitar m\u00e1s alto de Europa<b> con 200 metros de altura, superando en 2 metros al actual campe\u00f3n.<\/b> Lo m\u00e1s curiosos es que ambas edificaciones quedaran la una delante de la otra, ya que\u00a0La TM Tower de Benidorm se construir\u00e1 en el solar que existe justo delante de Intempo, <b>a 50 metros de la playa de Poniente.\u00a0<\/b><\/p>\n<p class=\"c-paragraph\">El &#8216;skyline&#8217; de la ciudad m\u00e1s tur\u00edstica de la Comunidad Valenciana esta en camino a imitar el de las grandes metr\u00f3polis como Miami. En este camino, la<b> TM Tower de Benidorm erige sus 64 plantas <\/b>para aportar al ecosistema cargado de rascacielos. En su interior se distribuir\u00e1n viviendas de una, dos, tres y hasta cuatro habitaciones y una zona com\u00fan envidiable con <b>instalaciones deportivas, piscina, gimnasio, cine y bares.\u00a0<\/b><\/p>\n<p>El rascacielos m\u00e1s alto de Espa\u00f1a\u00a0<\/p>\n<p class=\"c-paragraph\">Espa\u00f1a ya cuenta con edificios enormes, basta con ver las<a href=\"https:\/\/www.20minutos.es\/noticia\/5724154\/0\/madrid-rio-los-nuevos-barrios-gran-cambio-capital-los-ultimos-25-anos\/\" title=\"De Madrid R\u00edo a los nuevos barrios, el gran cambio de la capital en los \u00faltimos 25 a\u00f1os\" rel=\"nofollow noopener\" target=\"_blank\"> cuatro torres en Madrid<\/a> para darse cuenta que no solo el mercado de la vivienda se est\u00e1 moviendo en esa direcci\u00f3n, sino tambi\u00e9n<b> el sector empresarial que cada vez apuesta por instalaciones m\u00e1s modernas<\/b>, m\u00e1s altas y m\u00e1s innovadoras para llevar a cabo sus operaciones.\u00a0<\/p>\n<p class=\"c-paragraph\">En este orden de ideas, el edificio m\u00e1s alto de Espa\u00f1a se encuentra en Madrid, y es conocido como <b>&#8216;La torre de Cristal&#8217;. <\/b>Este edificio alcanza una altura de<b> 249 metros,<\/b> aunque cuenta con menos plantas que el mega proyecto de Benidorm (50 plantas).\u00a0\u00a0<\/p>\n<p class=\"c-paragraph\">Asimismo, tambi\u00e9n existe un proyecto en marcha llamado <b>Torre Madrid Nuevo Norte 1<\/b> (o Torre Madrid Norte), que planea alcanzar entre <b>300 y 330 metros<\/b> de altura con unas 70 plantas. De llegar a realizarse seg\u00fan lo previsto, se convertir\u00eda en el <b>edificio m\u00e1s alto de Espa\u00f1a<\/b> y, posiblemente, de toda Europa occidental.<\/p>\n","protected":false},"excerpt":{"rendered":"Si hay una ciudad en Espa\u00f1a que se caracteriza por su grandes edificaciones y rascacielos poco comunes en&hellip;\n","protected":false},"author":2,"featured_media":88585,"comment_status":"","ping_status":"","sticky":false,"template":"","format":"standard","meta":{"footnotes":""},"categories":[173],"tags":[229,233,231,230,210,777,32514,232,234,146,147,25,24,2501,205,3215,23],"class_list":{"0":"post-88584","1":"post","2":"type-post","3":"status-publish","4":"format-standard","5":"has-post-thumbnail","7":"category-arte-y-diseno","8":"tag-arte","9":"tag-arte-y-diseno","10":"tag-arts","11":"tag-arts-and-design","12":"tag-barcelona","13":"tag-ciudad","14":"tag-construira","15":"tag-design","16":"tag-diseno","17":"tag-entertainment","18":"tag-entretenimiento","19":"tag-es","20":"tag-espana","21":"tag-espanola","22":"tag-madrid","23":"tag-seo20","24":"tag-spain"},"share_on_mastodon":{"url":"","error":""},"_links":{"self":[{"href":"https:\/\/www.europesays.com\/es\/wp-json\/wp\/v2\/posts\/88584","targetHints":{"allow":["GET"]}}],"collection":[{"href":"https:\/\/www.europesays.com\/es\/wp-json\/wp\/v2\/posts"}],"about":[{"href":"https:\/\/www.europesays.com\/es\/wp-json\/wp\/v2\/types\/post"}],"author":[{"embeddable":true,"href":"https:\/\/www.europesays.com\/es\/wp-json\/wp\/v2\/users\/2"}],"replies":[{"embeddable":true,"href":"https:\/\/www.europesays.com\/es\/wp-json\/wp\/v2\/comments?post=88584"}],"version-history":[{"count":0,"href":"https:\/\/www.europesays.com\/es\/wp-json\/wp\/v2\/posts\/88584\/revisions"}],"wp:featuredmedia":[{"embeddable":true,"href":"https:\/\/www.europesays.com\/es\/wp-json\/wp\/v2\/media\/88585"}],"wp:attachment":[{"href":"https:\/\/www.europesays.com\/es\/wp-json\/wp\/v2\/media?parent=88584"}],"wp:term":[{"taxonomy":"category","embeddable":true,"href":"https:\/\/www.europesays.com\/es\/wp-json\/wp\/v2\/categories?post=88584"},{"taxonomy":"post_tag","embeddable":true,"href":"https:\/\/www.europesays.com\/es\/wp-json\/wp\/v2\/tags?post=88584"}],"curies":[{"name":"wp","href":"https:\/\/api.w.org\/{rel}","templated":true}]}}