{"id":88590,"date":"2025-09-02T15:51:08","date_gmt":"2025-09-02T15:51:08","guid":{"rendered":"https:\/\/www.europesays.com\/es\/88590\/"},"modified":"2025-09-02T15:51:08","modified_gmt":"2025-09-02T15:51:08","slug":"fechas-de-tankard-singles-de-helstar-y-wildhard-terminal-violence-y-exodia-en-valencia","status":"publish","type":"post","link":"https:\/\/www.europesays.com\/es\/88590\/","title":{"rendered":"Fechas de TANKARD. Singles de HELSTAR y WILDH\u00c4RD. TERMINAL VIOLENCE y EXODIA en Valencia."},"content":{"rendered":"<p>\u00a0<\/p>\n<p style=\"text-align: center;\"><strong><a href=\"#TANKARD\">Fechas de TANKARD<\/a> \u2013 <a href=\"#HELSTAR2\">Singles de HELSTAR<\/a> y <a href=\"#WILDHARD\">WILDH\u00c4RD<\/a> \u2013<a href=\"#EXODIA\"> TERMINAL VIOLENCE y EXODIA en Valencia<\/a>.<\/strong><\/p>\n<p><a href=\"https:\/\/www.facebook.com\/tankardofficial\" target=\"_blank\" rel=\"noopener nofollow\"><strong>TANKARD<\/strong><\/a> han anunciado las siguientes fechas en nuestro pa\u00eds:<\/p>\n<ul>\n<li>D\u00eda 29 de octubre \u2013 Sala Nazca \u2013 MADRID<\/li>\n<li>D\u00eda 30 de octubre \u2013 Sala Z\u00fclu \u2013 VALENCIA<\/li>\n<li>D\u00eda 31 de octubre \u2013 Sala Groove \u2013 PORTUGALETE<\/li>\n<\/ul>\n<p><a href=\"https:\/\/www.facebook.com\/tankardofficial\" target=\"_blank\" rel=\"noopener nofollow\"><strong>TANKARD<\/strong><\/a> editaron el 30 de septiembre de 2022 a trav\u00e9s de Reaper Entertainment su \u00faltimo disco \u00abPavlov\u2019s Dawgs\u00bb.<\/p>\n<p>Todos los detalles en esta <a href=\"https:\/\/www.rafabasa.com\/2022\/05\/19\/proximo-album-de-tankard-escucha-el-disco-de-sadist-excalibur-anuncian-nuevo-trabajo\/#TANKARD\" target=\"_blank\" rel=\"noopener nofollow\">noticia<\/a> y los singles aparecidos en <a href=\"https:\/\/www.rafabasa.com\/2022\/09\/30\/slipknot-tankard-them\/#TANKARD\" target=\"_blank\" rel=\"noopener nofollow\">esta<\/a>.<\/p>\n<p>Las\u00a0reediciones recientes de los alemanes en este\u00a0<a href=\"https:\/\/www.rafabasa.com\/2025\/01\/30\/saxon-tankard-sagrat\/#TANKARD\" target=\"_blank\" rel=\"noopener nofollow\">bloque<\/a>.<\/p>\n<p><img fetchpriority=\"high\" decoding=\"async\" src=\"https:\/\/www.europesays.com\/es\/wp-content\/uploads\/2025\/09\/tankard2024new1.jpg\" alt=\"TANKARD\" width=\"500\" height=\"333\"\/><\/p>\n<p>\u00a0<\/p>\n<p>\u00a0<\/p>\n<p>A continuaci\u00f3n ten\u00e9is el nuevo single de <strong>HELSTAR<\/strong> \u201cThe Devil\u2019s Masquerade\u201d.<\/p>\n<p>El tema da t\u00edtulo al pr\u00f3ximo disco del grupo que ver\u00e1 la luz el 12 de septiembre a trav\u00e9s de Massacre Records.<\/p>\n<p>M\u00e1s detalles en esta <a href=\"https:\/\/www.rafabasa.com\/2025\/08\/25\/gojira-cradle-of-filth-helstar\/#HELSTAR\" rel=\"nofollow noopener\" target=\"_blank\">noticia<\/a>.<\/p>\n<p>La banda nos <a href=\"https:\/\/www.rafabasa.com\/2025\/04\/10\/helloween-helstar-incordian\/#HELSTAR\" rel=\"nofollow noopener\" target=\"_blank\">visitar\u00e1 en diciembre<\/a>.<\/p>\n<p>\u00a0<\/p>\n<p>\u00a0<\/p>\n<p><strong>WILDH\u00c4RD<\/strong> han estrenado su nuevo single y v\u00eddeo titulado \u201cReady For The Night\u201d.<\/p>\n<p><strong>WILDH\u00c4RD<\/strong> editar\u00e1n el 19 de septiembre a trav\u00e9s de Maldito Digital su nuevo disco \u201cLove N\u2019 Lies\u201d.<\/p>\n<p>M\u00e1s detalles en esta <a href=\"https:\/\/www.rafabasa.com\/2025\/05\/13\/dirkschneider-fran-vazquez-wildhard\/#WILDHARD\" rel=\"nofollow noopener\" target=\"_blank\">noticia<\/a> y los singles anteriores en <a href=\"https:\/\/www.rafabasa.com\/2025\/07\/10\/tony-iommi-sweet-savage-wildhard\/#WILDHARD\" rel=\"nofollow noopener\" target=\"_blank\">esta<\/a>.<\/p>\n<p>\u00a0<\/p>\n<p>\u00a0<\/p>\n<p>\u00a0<\/p>\n<p><strong>TERMINAL VIOLENCE y EXODIA <\/strong>compartir\u00e1n cartel el 14 de noviembre en la Sala Zul\u00fa Klub de Aldaia, Valencia. Las puertas abrir\u00e1n a las 19:30h y el inicio del show ser\u00e1 a las 20:00h.<\/p>\n<p>Los barceloneses <strong>TERMINAL VIOLENCE<\/strong> editaron el 24 de octubre de forma independiente su debut \u201cMoshocalypse\u201d.<\/p>\n<p>Todos los detalles en esta <a href=\"https:\/\/www.rafabasa.com\/2024\/11\/27\/dynazty-litost-terminal-violence\/#TERMINAL_VIOLENCE\" rel=\"nofollow noopener\" target=\"_blank\">noticia<\/a>.<\/p>\n<p><strong>EXODIA<\/strong> por su parte editaron en diciembre de 2023 su tercer y \u00faltimo disco \u201cInto The Mouth Of Hell\u201d.<\/p>\n<p>Sus \u00faltimos singles en esta <a href=\"https:\/\/www.rafabasa.com\/2024\/01\/11\/amaranthe-exodia-infected-rain\/#EXODIA\" target=\"_blank\" rel=\"noopener nofollow\">noticia<\/a>.<\/p>\n<p>\u00a0<\/p>\n<p align=\"center\"><strong>Sigue el\u00a0<a href=\"https:\/\/whatsapp.com\/channel\/0029VaCprxVBA1f555USvT2O\" target=\"_blank\" rel=\"nofollow noopener\">Canal de RAFABASA.COM en WhatsApp<\/a>, donde encontrar\u00e1s todas nuestras novedades al instante<\/strong><\/p>\n<p>\u00a0<\/p>\n","protected":false},"excerpt":{"rendered":"\u00a0 Fechas de TANKARD \u2013 Singles de HELSTAR y WILDH\u00c4RD \u2013 TERMINAL VIOLENCE y EXODIA en Valencia. TANKARD&hellip;\n","protected":false},"author":2,"featured_media":88591,"comment_status":"","ping_status":"","sticky":false,"template":"","format":"standard","meta":{"footnotes":""},"categories":[170],"tags":[146,147,25,24,32515,28230,184,185,23,32516,32517,32518],"class_list":{"0":"post-88590","1":"post","2":"type-post","3":"status-publish","4":"format-standard","5":"has-post-thumbnail","7":"category-musica","8":"tag-entertainment","9":"tag-entretenimiento","10":"tag-es","11":"tag-espana","12":"tag-exodia","13":"tag-helstar","14":"tag-music","15":"tag-musica","16":"tag-spain","17":"tag-tankard","18":"tag-terminal-violence","19":"tag-wildhard"},"share_on_mastodon":{"url":"","error":""},"_links":{"self":[{"href":"https:\/\/www.europesays.com\/es\/wp-json\/wp\/v2\/posts\/88590","targetHints":{"allow":["GET"]}}],"collection":[{"href":"https:\/\/www.europesays.com\/es\/wp-json\/wp\/v2\/posts"}],"about":[{"href":"https:\/\/www.europesays.com\/es\/wp-json\/wp\/v2\/types\/post"}],"author":[{"embeddable":true,"href":"https:\/\/www.europesays.com\/es\/wp-json\/wp\/v2\/users\/2"}],"replies":[{"embeddable":true,"href":"https:\/\/www.europesays.com\/es\/wp-json\/wp\/v2\/comments?post=88590"}],"version-history":[{"count":0,"href":"https:\/\/www.europesays.com\/es\/wp-json\/wp\/v2\/posts\/88590\/revisions"}],"wp:featuredmedia":[{"embeddable":true,"href":"https:\/\/www.europesays.com\/es\/wp-json\/wp\/v2\/media\/88591"}],"wp:attachment":[{"href":"https:\/\/www.europesays.com\/es\/wp-json\/wp\/v2\/media?parent=88590"}],"wp:term":[{"taxonomy":"category","embeddable":true,"href":"https:\/\/www.europesays.com\/es\/wp-json\/wp\/v2\/categories?post=88590"},{"taxonomy":"post_tag","embeddable":true,"href":"https:\/\/www.europesays.com\/es\/wp-json\/wp\/v2\/tags?post=88590"}],"curies":[{"name":"wp","href":"https:\/\/api.w.org\/{rel}","templated":true}]}}