{"id":88592,"date":"2025-09-02T15:52:10","date_gmt":"2025-09-02T15:52:10","guid":{"rendered":"https:\/\/www.europesays.com\/es\/88592\/"},"modified":"2025-09-02T15:52:10","modified_gmt":"2025-09-02T15:52:10","slug":"simu-liu-adelanta-lo-que-viene-en-avengers-doomsday-y-su-sorpresa-con-robert-downey-jr-es-inspirador","status":"publish","type":"post","link":"https:\/\/www.europesays.com\/es\/88592\/","title":{"rendered":"Simu Liu adelanta lo que viene en &#8216;Avengers: Doomsday&#8217; y su sorpresa con Robert Downey Jr.: \u00abEs inspirador\u00bb"},"content":{"rendered":"<p>El actor <a href=\"https:\/\/www.ecartelera.com\/personas\/simu-liu\/\" rel=\"nofollow noopener\" target=\"_blank\">Simu Liu<\/a>, conocido mundialmente por dar vida a Shang-Chi en el <a href=\"https:\/\/www.ecartelera.com\/sagas\/universo-marvel\/\" rel=\"nofollow noopener\" target=\"_blank\">Universo Cinematogr\u00e1fico Marvel<\/a>, ha hablado sobre su participaci\u00f3n en &#8216;<a href=\"https:\/\/www.ecartelera.com\/peliculas\/avengers-kang-dynasty\/\" rel=\"nofollow noopener\" target=\"_blank\">Avengers: Doomsday<\/a>&#8216;, la <b>esperada superproducci\u00f3n que ya se rueda y que marcar\u00e1 su regreso a la franquicia<\/b> tras su debut en &#8216;<a href=\"https:\/\/www.ecartelera.com\/peliculas\/shang-chi-and-the-leyend-of-the-ten-rings\/\" rel=\"nofollow noopener\" target=\"_blank\">Shang-Chi y la leyenda de los diez anillos<\/a>&#8216; en 2021.<\/p>\n<p>Simu Liu: \u00ab&#8216;Shang-Chi y la leyenda de los diez anillos&#8217; es un puente entre culturas y personas\u00bb<\/p>\n<p><video id=\"vid-29449\" class=\"video-js vjs-default-skin\" data-title=\"Simu Liu: &quot;'Shang-Chi y la leyenda de los diez anillos' es un puente entre culturas y personas&quot;\" poster=\"https:\/\/www.ecartelera.com\/images\/videos\/29400\/f29449.jpg\" controls=\"\" preload=\"auto\" width=\"640\" height=\"360\" playsinline=\"\" data-vtt=\"\/\/v1.ecartelera.com\/video\/29400\/29449_sprite.vtt\" data-stream=\"1\">El navegador no soporta el tag de v\u00eddeo.<\/video><\/p>\n<p>X<\/p>\n<p>En una entrevista con el medio japon\u00e9s <a target=\"_blank\" href=\"https:\/\/theriver.jp\/liu-doomsday-shooting\/\" rel=\"nofollow noopener\">The River<\/a> con motivo del estreno de su nueva pel\u00edcula, &#8216;<a href=\"https:\/\/www.ecartelera.com\/peliculas\/sin-oxigeno\/\" rel=\"nofollow noopener\" target=\"_blank\">Sin ox\u00edgeno<\/a>&#8216;, Liu ha confesado que <b>volver al set de Marvel ha sido \u00abcomo vivir un sue\u00f1o\u00bb<\/b>. Seg\u00fan ha explicado, cada jornada de rodaje representa la oportunidad de<b> trabajar junto a int\u00e9rpretes a quienes admiraba desde ni\u00f1o<\/b>, incluso antes de imaginarse como actor profesional: \u00abNo puedo creer que ahora pueda compartir escenas con ellos y aprender de su talento\u00bb.<\/p>\n<p>El int\u00e9rprete ha descrito la experiencia como una <b>monta\u00f1a rusa emocional en la que se mezclan entusiasmo, nervios y cierto temor<\/b>, dada la magnitud de sus compa\u00f1eros de reparto. Sin embargo, ha destacado que la atm\u00f3sfera en el set es cercana y acogedora, lo que le ha permitido sentirse c\u00f3modo y disfrutar del trabajo.<\/p>\n<p>\t\t\t\t\t\t\t<img decoding=\"async\" loading=\"lazy\" src=\"https:\/\/www.europesays.com\/es\/wp-content\/uploads\/2025\/07\/237474_avengers-doomsday-robert-downey-jr-comparte-u.jpg\" alt=\"Robert Downey Jr. regresa al UCM como el Doctor Muerte\" width=\"1200\" height=\"750\"\/>\t<\/p>\n<p>\t\t\t\t\t\tRobert Downey Jr. regresa al UCM como el Doctor Muerte (Instagram)<br \/>\n\t\t\t\t\t\tA los pies de Robert Downey Jr.<\/p>\n<p>Preguntado por <b>qui\u00e9n le ha inspirado m\u00e1s en este rodaje<\/b>, Liu no ha dudado en se\u00f1alar a <a href=\"https:\/\/www.ecartelera.com\/personas\/robert-downey-jr\/\" rel=\"nofollow noopener\" target=\"_blank\">Robert Downey Jr.<\/a>, quien regresa de forma inesperada al UCM para interpretar al Doctor Muerte. \u00abEs realmente inspirador. Pese a todo lo que ha logrado, <b>sigue dedicando tiempo a conocer a la gente y a crear v\u00ednculos. Es amable y motivador<\/b>, alguien de quien siempre se aprende\u00bb, ha subrayado.<\/p>\n<p>El actor canadiense ha a\u00f1adido que <b>el p\u00fablico quedar\u00e1 sorprendido con la nueva faceta de Downey Jr.<\/b>, destacando la valent\u00eda del int\u00e9rprete al encarnar un personaje tan distinto a su ic\u00f3nico Iron Man. Sus declaraciones han alimentado las especulaciones sobre un posible enfrentamiento en pantalla entre Shang-Chi y Doom, uno de los grandes atractivos de la pel\u00edcula.<\/p>\n<p>\t\t\t\t\t\t\t<img decoding=\"async\" loading=\"lazy\" src=\"https:\/\/www.europesays.com\/es\/wp-content\/uploads\/2025\/09\/240464_avengers-doomsday-falcon-la-cosa-y-us-agent.jpg\" alt=\"'Avengers: Doosmday'\" width=\"1200\" height=\"703\"\/>\t<\/p>\n<p>\t\t\t\t\t\t&#8216;Avengers: Doosmday&#8217; (Disney)<\/p>\n<p>&#8216;Avengers: Doomsday&#8217; contar\u00e1 con un reparto que <b>re\u00fane a j\u00f3venes promesas y veteranos de renombre<\/b>, configurando uno de los elencos m\u00e1s ambiciosos en la historia del UCM. La cinta pretende convertirse en un evento cinematogr\u00e1fico de referencia y en un <b>punto clave para la pr\u00f3xima etapa de la saga<\/b>. Su estreno en cines est\u00e1 previsto para el 18 de diciembre de 2026.<\/p>\n","protected":false},"excerpt":{"rendered":"El actor Simu Liu, conocido mundialmente por dar vida a Shang-Chi en el Universo Cinematogr\u00e1fico Marvel, ha hablado&hellip;\n","protected":false},"author":2,"featured_media":88593,"comment_status":"","ping_status":"","sticky":false,"template":"","format":"standard","meta":{"footnotes":""},"categories":[169],"tags":[1014,1015,1013,177,1011,146,147,25,24,782,176,1019,1016,175,753,1012,23,1017,1018],"class_list":{"0":"post-88592","1":"post","2":"type-post","3":"status-publish","4":"format-standard","5":"has-post-thumbnail","7":"category-cine","8":"tag-actores","9":"tag-actrices","10":"tag-cartelera","11":"tag-cine","12":"tag-ecartelera","13":"tag-entertainment","14":"tag-entretenimiento","15":"tag-es","16":"tag-espana","17":"tag-estrellas","18":"tag-film","19":"tag-fotogramas","20":"tag-fotos","21":"tag-movies","22":"tag-peliculas","23":"tag-pelis","24":"tag-spain","25":"tag-trailers","26":"tag-videos"},"share_on_mastodon":{"url":"","error":""},"_links":{"self":[{"href":"https:\/\/www.europesays.com\/es\/wp-json\/wp\/v2\/posts\/88592","targetHints":{"allow":["GET"]}}],"collection":[{"href":"https:\/\/www.europesays.com\/es\/wp-json\/wp\/v2\/posts"}],"about":[{"href":"https:\/\/www.europesays.com\/es\/wp-json\/wp\/v2\/types\/post"}],"author":[{"embeddable":true,"href":"https:\/\/www.europesays.com\/es\/wp-json\/wp\/v2\/users\/2"}],"replies":[{"embeddable":true,"href":"https:\/\/www.europesays.com\/es\/wp-json\/wp\/v2\/comments?post=88592"}],"version-history":[{"count":0,"href":"https:\/\/www.europesays.com\/es\/wp-json\/wp\/v2\/posts\/88592\/revisions"}],"wp:featuredmedia":[{"embeddable":true,"href":"https:\/\/www.europesays.com\/es\/wp-json\/wp\/v2\/media\/88593"}],"wp:attachment":[{"href":"https:\/\/www.europesays.com\/es\/wp-json\/wp\/v2\/media?parent=88592"}],"wp:term":[{"taxonomy":"category","embeddable":true,"href":"https:\/\/www.europesays.com\/es\/wp-json\/wp\/v2\/categories?post=88592"},{"taxonomy":"post_tag","embeddable":true,"href":"https:\/\/www.europesays.com\/es\/wp-json\/wp\/v2\/tags?post=88592"}],"curies":[{"name":"wp","href":"https:\/\/api.w.org\/{rel}","templated":true}]}}