{"id":88603,"date":"2025-09-02T15:58:07","date_gmt":"2025-09-02T15:58:07","guid":{"rendered":"https:\/\/www.europesays.com\/es\/88603\/"},"modified":"2025-09-02T15:58:07","modified_gmt":"2025-09-02T15:58:07","slug":"decenas-de-docentes-se-encierran-en-el-circulo-de-bellas-artes-de-madrid-exigiendo-el-embargo-de-armas-a-israel","status":"publish","type":"post","link":"https:\/\/www.europesays.com\/es\/88603\/","title":{"rendered":"Decenas de docentes se encierran en el C\u00edrculo de Bellas Artes de Madrid exigiendo el embargo de armas a Israel"},"content":{"rendered":"<p class=\"article-text\">\n        El movimiento de apoyo a Palestina ha irrumpido este martes el C\u00edrculo de Bellas Artes de Madrid para llevar a cabo un encierro con el que presionar al Gobierno para que apruebe un embargo de armas a Israel. Los convocantes, el colectivo Marea Palestina: educaci\u00f3n contra el genocidio, exigen que el Consejo de Ministros apruebe este acuerdo para poner fin a una clausura que acaba de comenzar pero que tiene car\u00e1cter indefinido.\n    <\/p>\n<p>    <a href=\"https:\/\/www.eldiario.es\/internacional\/mariam-quedo-gaza-documentar-guerra-camara-israel-asesino-hospital_129_12570764.html\" data-mrf-recirculation=\"saber-mas\" data-dl-event=\"saber-mas\" rel=\"nofollow noopener\" target=\"_blank\"><\/p>\n<p class=\"know-more__title\">Mariam se qued\u00f3 en Gaza para documentar la guerra con su c\u00e1mara, pero Israel la asesin\u00f3 en un hospital<\/p>\n<p>            <img decoding=\"async\" class=\"lazy\" loading=\"lazy\" data-src=\"https:\/\/static.eldiario.es\/clip\/e466c512-997d-4463-9263-604d55c2e86f_16-9-aspect-ratio_default_0.jpg\" src=\"data:image\/svg+xml,%3Csvg xmlns=\" http:=\"\" viewbox=\"0 0 880 495\" alt=\"Mariam se qued\u00f3 en Gaza para documentar la guerra con su c\u00e1mara, pero Israel la asesin\u00f3 en un hospital\"\/><\/p>\n<p>                        <\/a><\/p>\n<p class=\"article-text\">\n        El acto reivindicativo ha comenzado con una asamblea de docentes en el C\u00edrculo que ha derivado en el citado encierro. \u201cDe aqu\u00ed no nos vamos a mover\u201d, explica a este peri\u00f3dico Carlos D\u00edez, profesor de Secundaria de 63 a\u00f1os que forma parte del colectivo educativo contra el genocidio y que re\u00fane a unas 60 profesoras y profesores, adem\u00e1s de personas del entorno de la cultura.\n    <\/p>\n<p class=\"article-text\">\n        El encierro, explica, se extender\u00e1 hasta que el Gobierno apruebe \u201cel decreto tantas veces anunciado\u201d de embargo de compraventa de armas al estado de Israel. Se inicia desde el movimiento educativo pero est\u00e1 abierto a cualquier persona que quiera sumarse, comentan sus impulsores mientras negocian su permanencia con la direcci\u00f3n del centro cultural, a la que no hab\u00edan avisado de la acci\u00f3n.\n    <\/p>\n<p class=\"article-text\">\n        La del C\u00edrculo es la primera de una serie de iniciativas que ha programado este colectivo de car\u00e1cter estatal, formado durante el verano para agrupar a miembros del entorno educativo que apoya al pueblo palestino ante la invasi\u00f3n israel\u00ed de Gaza. No es normal empezar el curso con normalidad, es el lema de esta actuaci\u00f3n.\n    <\/p>\n<p class=\"article-text\">\n        El movimiento busca que se aprueben declaraciones de los claustros de profesores en toda Espa\u00f1a en favor del embargo y de su segundo objetivo inmediato: la ruptura de relaciones diplom\u00e1ticas y comerciales con Israel. <a href=\"https:\/\/feccoo-madrid.org\/noticia:734991--Declaracion_de_%E2%80%9CMarea_Palestina_la_educacion_contra_el_genocidio%E2%80%9D_para_todos_los_centros_educativos_del_estado_espanol&amp;opc_id=9f666eca08d47ba26c6a09927d7abbbb\" target=\"_blank\" rel=\"nofollow noopener\" data-mrf-recirculation=\"links-noticia\" class=\"link\">En el texto propuesto<\/a>, los docentes recuerdan que \u201cante los cr\u00edmenes que Israel est\u00e1 cometiendo en Gaza, la educaci\u00f3n emerge como herramienta indispensable para combatir la deshumanizaci\u00f3n y defender la dignidad humana (&#8230;) hacemos un llamamiento urgente al conjunto de los claustros y consejos escolares de todo el estado espa\u00f1ol, que deben regirse por principios \u00e9ticos, humanitarios y de justicia. Es necesario que la Marea Palestina arrastre el silencio y retire el manto de indiferencia que ha cubierto este genocidio sin parang\u00f3n en el siglo XXI, del que est\u00e1 siendo v\u00edctima mayoritariamente la poblaci\u00f3n civil\u201d.\n    <\/p>\n<p>    <a href=\"https:\/\/www.eldiario.es\/internacional\/trabajadores-puerto-genova-amenazan-bloquear-mercancias-israel-si-flotilla-no-llega-gaza_1_12572177.html\" data-mrf-recirculation=\"saber-mas-abajo\" data-dl-event=\"saber-mas-abajo\" rel=\"nofollow noopener\" target=\"_blank\"><\/p>\n<p class=\"know-more__title\">Trabajadores del puerto de G\u00e9nova amenazan con \u201cbloquear\u201d las mercanc\u00edas a Israel si la Flotilla no llega a Gaza<\/p>\n<p>            <img decoding=\"async\" class=\"lazy\" loading=\"lazy\" data-src=\"https:\/\/static.eldiario.es\/clip\/f9a958d9-49e9-4604-b063-ada3cc688f01_16-9-aspect-ratio_default_0.jpg\" src=\"data:image\/svg+xml,%3Csvg xmlns=\" http:=\"\" viewbox=\"0 0 880 495\" alt=\"Trabajadores del puerto de G\u00e9nova amenazan con &quot;bloquear&quot; las mercanc\u00edas a Israel si la Flotilla no llega a Gaza\"\/><\/p>\n<p>                        <\/a><\/p>\n<p class=\"article-text\">\n        Adem\u00e1s de la acci\u00f3n de este martes en Madrid, tambi\u00e9n vendr\u00e1n m\u00e1s encierros en otros lugares -advierten- y una lectura \u00edntegra de los nombres de las 18.500 ni\u00f1as y ni\u00f1os asesinados por Israel en Gaza, prevista para el pr\u00f3ximo fin de semana en diferentes espacios p\u00fablicos.\n    <\/p>\n","protected":false},"excerpt":{"rendered":"El movimiento de apoyo a Palestina ha irrumpido este martes el C\u00edrculo de Bellas Artes de Madrid para&hellip;\n","protected":false},"author":2,"featured_media":88604,"comment_status":"","ping_status":"","sticky":false,"template":"","format":"standard","meta":{"footnotes":""},"categories":[42],"tags":[4512,1968,1967,17,18,23808,19878,25251,7173,32519,32520,13,14,11,61,62,63,64,74,19,20,205,9,10,15,16,12,21,22,65,66,67],"class_list":{"0":"post-88603","1":"post","2":"type-post","3":"status-publish","4":"format-standard","5":"has-post-thumbnail","7":"category-internacional","8":"tag-armas","9":"tag-artes","10":"tag-bellas","11":"tag-breaking-news","12":"tag-breakingnews","13":"tag-circulo","14":"tag-decenas","15":"tag-docentes","16":"tag-embargo","17":"tag-encierran","18":"tag-exigiendo","19":"tag-featured-news","20":"tag-featurednews","21":"tag-headlines","22":"tag-internacional","23":"tag-international","24":"tag-international-news","25":"tag-internationalnews","26":"tag-israel","27":"tag-latest-news","28":"tag-latestnews","29":"tag-madrid","30":"tag-news","31":"tag-noticias","32":"tag-noticias-destacadas","33":"tag-noticiasdestacadas","34":"tag-titulares","35":"tag-ultimas-noticias","36":"tag-ultimasnoticias","37":"tag-world","38":"tag-world-news","39":"tag-worldnews"},"share_on_mastodon":{"url":"","error":""},"_links":{"self":[{"href":"https:\/\/www.europesays.com\/es\/wp-json\/wp\/v2\/posts\/88603","targetHints":{"allow":["GET"]}}],"collection":[{"href":"https:\/\/www.europesays.com\/es\/wp-json\/wp\/v2\/posts"}],"about":[{"href":"https:\/\/www.europesays.com\/es\/wp-json\/wp\/v2\/types\/post"}],"author":[{"embeddable":true,"href":"https:\/\/www.europesays.com\/es\/wp-json\/wp\/v2\/users\/2"}],"replies":[{"embeddable":true,"href":"https:\/\/www.europesays.com\/es\/wp-json\/wp\/v2\/comments?post=88603"}],"version-history":[{"count":0,"href":"https:\/\/www.europesays.com\/es\/wp-json\/wp\/v2\/posts\/88603\/revisions"}],"wp:featuredmedia":[{"embeddable":true,"href":"https:\/\/www.europesays.com\/es\/wp-json\/wp\/v2\/media\/88604"}],"wp:attachment":[{"href":"https:\/\/www.europesays.com\/es\/wp-json\/wp\/v2\/media?parent=88603"}],"wp:term":[{"taxonomy":"category","embeddable":true,"href":"https:\/\/www.europesays.com\/es\/wp-json\/wp\/v2\/categories?post=88603"},{"taxonomy":"post_tag","embeddable":true,"href":"https:\/\/www.europesays.com\/es\/wp-json\/wp\/v2\/tags?post=88603"}],"curies":[{"name":"wp","href":"https:\/\/api.w.org\/{rel}","templated":true}]}}