{"id":88608,"date":"2025-09-02T16:01:09","date_gmt":"2025-09-02T16:01:09","guid":{"rendered":"https:\/\/www.europesays.com\/es\/88608\/"},"modified":"2025-09-02T16:01:09","modified_gmt":"2025-09-02T16:01:09","slug":"el-balonmano-zamora-tira-de-historia-y-rescata-la-camiseta-de-hace-25-anos-para-su-nueva-equipacion","status":"publish","type":"post","link":"https:\/\/www.europesays.com\/es\/88608\/","title":{"rendered":"El Balonmano Zamora tira de historia y rescata la camiseta de hace 25 a\u00f1os para su nueva equipaci\u00f3n"},"content":{"rendered":"<p class=\"paragraph\" id=\"paragraph_1\">El Club Balonmano Zamora ha celebrado este martes en el claustro del Palacio de La Encarnaci\u00f3n de la Diputaci\u00f3n Provincial la presentaci\u00f3n oficial de sus equipaciones para la temporada 2025\/2026.<\/p>\n<p class=\"paragraph\" id=\"paragraph_2\">Las nuevas camisetas evocan las primeras que visti\u00f3 el equipo hace 25 a\u00f1os, en un homenaje a su trayectoria desde la refundaci\u00f3n en 1999.<\/p>\n<p class=\"paragraph\" id=\"paragraph_3\">El club ha querido que el acto fuera tambi\u00e9n un reconocimiento a la cantera y al futuro del balonmano en la provincia, por lo que centenares de j\u00f3venes han llenado la sede de la Diputaci\u00f3n en este acto.<\/p>\n<p><img decoding=\"async\" alt=\"Nueva equipaci\u00f3n del Club Balonmano Zamora, presentada en la Diputaci\u00f3n de Zamora\" data-imgm=\"true\" height=\"180\" loading=\"lazy\"  src=\"https:\/\/www.europesays.com\/es\/wp-content\/uploads\/2025\/09\/1003743908608_258395495_1024x576.jpg\"  width=\"320\"\/><\/p>\n<p>                                                            Nueva equipaci\u00f3n del Club Balonmano Zamora, presentada en la Diputaci\u00f3n de Zamora<\/p>\n<p class=\"paragraph\" id=\"paragraph_4\">La primera equipaci\u00f3n mantiene el tradicional verde pistacho, acompa\u00f1ado de azul, con el emblema de Viriato presente en toda la trama de la camiseta; mientras que el uniforme de portero se distingue en rojo.<\/p>\n<p class=\"paragraph\" id=\"paragraph_5\">La segunda indumentaria recupera los colores azul y blanco con los que el equipo debut\u00f3, como recuerdo a aquel hist\u00f3rico Ezaco que marc\u00f3 el inicio del proyecto. \u00abQuer\u00edamos hacer un gui\u00f1o a los or\u00edgenes y recordar de d\u00f3nde venimos\u00bb, detallaba el presidente I\u00f1aki G\u00f3mez.<\/p>\n<p class=\"paragraph\" id=\"paragraph_6\">Durante el acto, Javier Fa\u00fandez, presidente de la Diputaci\u00f3n de Zamora, ha querido destacar que el Balonmano Zamora \u00abya es un referente en el deporte zamorano\u00bb y alab\u00f3 el trabajo con la cantera, que suma 700 j\u00f3venes, de los cuales 250 est\u00e1n federados.<\/p>\n<p class=\"paragraph\" id=\"paragraph_7\">Adem\u00e1s, Fa\u00fandez aprovechaba la presentaci\u00f3n para anunciar una ayuda de 110.000 euros en los pr\u00f3ximos presupuestos provinciales para apoyar econ\u00f3micamente al club pistacho durante el pr\u00f3ximo a\u00f1o.<\/p>\n<p class=\"paragraph\" id=\"paragraph_8\">El concejal de Econom\u00eda y Hacienda del Ayuntamiento de Zamora, Diego Bernardo, tambi\u00e9n quiso remarcar la importancia del balonmano en la ciudad. \u00abM\u00e1s que la presentaci\u00f3n de una camiseta, es el arranque de una temporada. Sois uno de los pilares fundamentales del deporte en Zamora\u00bb, se\u00f1alaba, deseando \u00e9xito tanto al primer equipo como a la base.<\/p>\n<p class=\"paragraph\" id=\"paragraph_9\">Diego Bernardo tambi\u00e9n quiso destacar la importancia de la cantera, a la que anim\u00f3 a seguir \u00abenamorados de este deporte\u00bb, convencido de que algunos de esos j\u00f3venes acabar\u00e1n llevando el nombre de Zamora por toda Espa\u00f1a.<\/p>\n<p class=\"paragraph\" id=\"paragraph_10\">Por parte de Caja Rural de Zamora, sponsor principal del equipo, su t\u00e9cnico de comunicaci\u00f3n, Laura Huertos, reafirmaba el compromiso de la entidad con el club.<\/p>\n<p class=\"paragraph\" id=\"paragraph_11\">\u00abFormamos parte de la piel del Balonmano Zamora. Es un orgullo acompa\u00f1ar a esta cantera que cada semana se ilusiona con el deporte\u00bb, expresaba durante el acto.<\/p>\n<p class=\"paragraph\" id=\"paragraph_12\">Mientras que el presidente del club, I\u00f1aki G\u00f3mez, quiso repasar la historia de estos 25 a\u00f1os en los que el equipo ha disputado ocho temporadas en liga territorial, seis en primera nacional, nueve en Divisi\u00f3n de Honor Plata y dos en la Liga Asobal.<\/p>\n<p class=\"paragraph\" id=\"paragraph_13\">Y no quiso olvidarse referentes como Mar\u00eda Prieto O\u2019Mullony o Elba \u00c1lvarez, jugadoras pistachas que llegaron a la \u00e9lite tras formarse en Zamora, y defendi\u00f3 el papel del deporte como \u00abinversi\u00f3n en valores y en conciliaci\u00f3n familiar\u00bb.<\/p>\n<p class=\"paragraph\" id=\"paragraph_14\">La presentaci\u00f3n concluy\u00f3 con una foto de grupo en la que participaron jugadores del primer equipo y decenas de ni\u00f1os y ni\u00f1as de la cantera, una imagen que simboliza la continuidad del proyecto.<\/p>\n<p class=\"paragraph\" id=\"paragraph_15\">\u00abSon 25 a\u00f1os haciendo escuela y demostrando que desde Zamora tambi\u00e9n se puede llegar a lo m\u00e1s alto\u00bb, finalizaba I\u00f1aki G\u00f3mez.<\/p>\n","protected":false},"excerpt":{"rendered":"El Club Balonmano Zamora ha celebrado este martes en el claustro del Palacio de La Encarnaci\u00f3n de la&hellip;\n","protected":false},"author":2,"featured_media":88609,"comment_status":"","ping_status":"","sticky":false,"template":"","format":"standard","meta":{"footnotes":""},"categories":[278],"tags":[32521,376,2434,168,7134,25,24,375,23,167,2946,17294],"class_list":{"0":"post-88608","1":"post","2":"type-post","3":"status-publish","4":"format-standard","5":"has-post-thumbnail","7":"category-balonmano","8":"tag-ayuntamiento-de-zamora","9":"tag-balonmano","10":"tag-caja-rural-de-zamora","11":"tag-deportes","12":"tag-diputacion-de-zamora","13":"tag-es","14":"tag-espana","15":"tag-handball","16":"tag-spain","17":"tag-sports","18":"tag-zamora","19":"tag-zamora-municipio"},"share_on_mastodon":{"url":"","error":""},"_links":{"self":[{"href":"https:\/\/www.europesays.com\/es\/wp-json\/wp\/v2\/posts\/88608","targetHints":{"allow":["GET"]}}],"collection":[{"href":"https:\/\/www.europesays.com\/es\/wp-json\/wp\/v2\/posts"}],"about":[{"href":"https:\/\/www.europesays.com\/es\/wp-json\/wp\/v2\/types\/post"}],"author":[{"embeddable":true,"href":"https:\/\/www.europesays.com\/es\/wp-json\/wp\/v2\/users\/2"}],"replies":[{"embeddable":true,"href":"https:\/\/www.europesays.com\/es\/wp-json\/wp\/v2\/comments?post=88608"}],"version-history":[{"count":0,"href":"https:\/\/www.europesays.com\/es\/wp-json\/wp\/v2\/posts\/88608\/revisions"}],"wp:featuredmedia":[{"embeddable":true,"href":"https:\/\/www.europesays.com\/es\/wp-json\/wp\/v2\/media\/88609"}],"wp:attachment":[{"href":"https:\/\/www.europesays.com\/es\/wp-json\/wp\/v2\/media?parent=88608"}],"wp:term":[{"taxonomy":"category","embeddable":true,"href":"https:\/\/www.europesays.com\/es\/wp-json\/wp\/v2\/categories?post=88608"},{"taxonomy":"post_tag","embeddable":true,"href":"https:\/\/www.europesays.com\/es\/wp-json\/wp\/v2\/tags?post=88608"}],"curies":[{"name":"wp","href":"https:\/\/api.w.org\/{rel}","templated":true}]}}