{"id":88610,"date":"2025-09-02T16:04:07","date_gmt":"2025-09-02T16:04:07","guid":{"rendered":"https:\/\/www.europesays.com\/es\/88610\/"},"modified":"2025-09-02T16:04:07","modified_gmt":"2025-09-02T16:04:07","slug":"andy-murray-debutara-en-un-torneo-profesional-de-golf","status":"publish","type":"post","link":"https:\/\/www.europesays.com\/es\/88610\/","title":{"rendered":"Andy Murray debutar\u00e1 en un torneo profesional de golf"},"content":{"rendered":"<p data-mrf-recirculation=\"Links P\u00e1rrafos\" class=\"ue-c-article__paragraph paragraph ue-c-article--first-letter-highlighted\">En el perfil de Instagram de <strong>Andy Murray<\/strong>, el extenista tiene escrita bajo su nombre la siguiente frase: \u00abI played tennis\u00bb (Yo jugu\u00e9 al tenis). En el de X, junto a ella leemos: \u00abI now play golf\u00bb (Ahora juego al golf). Y as\u00ed es. El escoc\u00e9s, que <strong><a href=\"https:\/\/www.marca.com\/juegos-olimpicos\/tenis\/2024\/07\/23\/669f710ee2704ecc5f8b4570.html\" rel=\"nofollow noopener\" target=\"_blank\">se retir\u00f3 el a\u00f1o pasado de las pistas tras los Juegos de Par\u00eds<\/a><\/strong>,\u00a0<strong>debutar\u00e1 en un torneo profesional de golf en el Alfred Dunhill Links Championship<\/strong>, que se disputar\u00e1 del 2 al 5 de octubre en Escocia, con rondas en los campos del Old Course de St Andrews, Carnoustie y Kingsbarns.\u00a0<\/p>\n<p data-mrf-recirculation=\"Links P\u00e1rrafos\" class=\"ue-c-article__paragraph paragraph\">\u00abTengo muchas ganas de que llegue este momento. <strong>Es muy especial poder jugar en un evento profesional en toda regla, y para un escoc\u00e9s como yo poder hacerlo en Escocia, en un lugar tan \u00fanico, lo hace a\u00fan m\u00e1s excepcional.<\/strong> En muchos sentidos, el Old Course de St Andrews se parece mucho a la pista central de Wimbledon. <strong>Ambos tienen el mismo ambiente hist\u00f3rico y una atm\u00f3sfera que no existe en muchos recintos deportivos del mundo<\/strong>. Ser\u00e1 un placer poder saborearlo\u00bb, dijo el bicampe\u00f3n de Wimbledon (2013 y 2016) y doble medallista de oro ol\u00edmpico.<\/p>\n<blockquote class=\"ue-c-article__blockquote\">\n<p>Es muy especial poder jugar en un evento profesional en toda regla, y para un escoc\u00e9s como yo poder hacerlo en Escocia, en un lugar tan \u00fanico, lo hace a\u00fan m\u00e1s excepcional<\/p>\n<p>Andy Murray, bicampe\u00f3n ol\u00edmpico de tenis<\/p><\/blockquote>\n<p data-mrf-recirculation=\"Links P\u00e1rrafos\" class=\"ue-c-article__paragraph paragraph\"><strong>Durante la edici\u00f3n de Wimbledon, <a href=\"https:\/\/www.marca.com\/tenis\/wimbledon\/2025\/07\/05\/momentazo-alcaraz-murray-golf-te-dijo-me-hicieras-pregunta-verdad.html\" rel=\"nofollow noopener\" target=\"_blank\">Murray jug\u00f3 al golf con Carlos Alcaraz<\/a><\/strong>, qui\u00e9n asegur\u00f3 entre risas que iban empatados con una victoria cada uno. \u00ab\u00bfQui\u00e9n gan\u00f3?\u00bb, le pregunt\u00f3 la entrevistadora que al espa\u00f1ol tras ganar a Struff. \u00ab\u00c9l te dijo que me hicieras esta pregunta, \u00bfverdad?. Est\u00e1 bien, lo s\u00e9, lo s\u00e9, porque ese d\u00eda \u00e9l me gan\u00f3. Me gan\u00f3 en golf ese d\u00eda, pero unos d\u00edas despu\u00e9s jugamos de nuevo y yo le gan\u00e9. As\u00ed que vamos 1-1. Estamos empatados\u00bb, dijo entre risas el murciano.<\/p>\n<p>El murciano provoc\u00f3 una carcajada en la Centre Court de Wimbledon tras su triunfo sobre Struff<\/p>\n<p>Competir\u00e1 en el Campeonato por equipos<\/p>\n<p data-mrf-recirculation=\"Links P\u00e1rrafos\" class=\"ue-c-article__paragraph paragraph\">Con un <strong>premio de 5 millones de d\u00f3lares<\/strong>, incorpora dos competiciones separadas: un <strong>torneo profesional individual<\/strong> para los mejores golfistas del mundo y el <strong>Campeonato por Equipos<\/strong>, en el que <strong>los profesionales se emparejan con golfistas aficionados, como el es caso de Murray<\/strong>.\u00a0Este torneo tradicionalmente invita a &#8216;celebrities&#8217;. En 2012, por ejemplo, lo disputaron el exnadador ol\u00edmpico <strong><a href=\"https:\/\/www.marca.com\/2012\/10\/03\/golf\/1349276561.html\" rel=\"nofollow noopener\" target=\"_blank\">Michael Phelps <\/a><\/strong>o el extaleta paral\u00edmpico Oscar Pistorius.<\/p>\n<p data-mrf-recirculation=\"Links P\u00e1rrafos\" class=\"ue-c-article__paragraph paragraph\">El evento, que celebra 40 a\u00f1os, tambi\u00e9n tiene un <strong>componente solidario, con millones recaudados para el desarrollo de j\u00f3venes golfistas en Escocia y Sud\u00e1frica<\/strong>, as\u00ed como para la Universidad de St Andrews y la preservaci\u00f3n de monumentos hist\u00f3ricos locales, mientras que el campeonato profesional contar\u00e1 con un premio de cinco millones de d\u00f3lares.<\/p>\n","protected":false},"excerpt":{"rendered":"En el perfil de Instagram de Andy Murray, el extenista tiene escrita bajo su nombre la siguiente frase:&hellip;\n","protected":false},"author":2,"featured_media":88611,"comment_status":"","ping_status":"","sticky":false,"template":"","format":"standard","meta":{"footnotes":""},"categories":[275],"tags":[168,25,24,329,23,167],"class_list":{"0":"post-88610","1":"post","2":"type-post","3":"status-publish","4":"format-standard","5":"has-post-thumbnail","7":"category-golf","8":"tag-deportes","9":"tag-es","10":"tag-espana","11":"tag-golf","12":"tag-spain","13":"tag-sports"},"share_on_mastodon":{"url":"","error":""},"_links":{"self":[{"href":"https:\/\/www.europesays.com\/es\/wp-json\/wp\/v2\/posts\/88610","targetHints":{"allow":["GET"]}}],"collection":[{"href":"https:\/\/www.europesays.com\/es\/wp-json\/wp\/v2\/posts"}],"about":[{"href":"https:\/\/www.europesays.com\/es\/wp-json\/wp\/v2\/types\/post"}],"author":[{"embeddable":true,"href":"https:\/\/www.europesays.com\/es\/wp-json\/wp\/v2\/users\/2"}],"replies":[{"embeddable":true,"href":"https:\/\/www.europesays.com\/es\/wp-json\/wp\/v2\/comments?post=88610"}],"version-history":[{"count":0,"href":"https:\/\/www.europesays.com\/es\/wp-json\/wp\/v2\/posts\/88610\/revisions"}],"wp:featuredmedia":[{"embeddable":true,"href":"https:\/\/www.europesays.com\/es\/wp-json\/wp\/v2\/media\/88611"}],"wp:attachment":[{"href":"https:\/\/www.europesays.com\/es\/wp-json\/wp\/v2\/media?parent=88610"}],"wp:term":[{"taxonomy":"category","embeddable":true,"href":"https:\/\/www.europesays.com\/es\/wp-json\/wp\/v2\/categories?post=88610"},{"taxonomy":"post_tag","embeddable":true,"href":"https:\/\/www.europesays.com\/es\/wp-json\/wp\/v2\/tags?post=88610"}],"curies":[{"name":"wp","href":"https:\/\/api.w.org\/{rel}","templated":true}]}}