{"id":88661,"date":"2025-09-02T16:34:17","date_gmt":"2025-09-02T16:34:17","guid":{"rendered":"https:\/\/www.europesays.com\/es\/88661\/"},"modified":"2025-09-02T16:34:17","modified_gmt":"2025-09-02T16:34:17","slug":"sede-de-coleccion-es-en-santander-carbajo-hermanos","status":"publish","type":"post","link":"https:\/\/www.europesays.com\/es\/88661\/","title":{"rendered":"Sede de Colecci\u00f3n ES en Santander &#8211; Carbajo Hermanos\u00a0"},"content":{"rendered":"<p>El proyecto aborda la reforma integral de un local de 660 metros cuadrados ubicado en la ciudad de Santander, con el objetivo de transformarlo en un espacio polivalente destinado a albergar una colecci\u00f3n privada de arte. Concebido no solo como galer\u00eda expositiva, el nuevo espacio deb\u00eda responder tambi\u00e9n a las necesidades funcionales de una oficina y lugar de reuni\u00f3n.<\/p>\n<p>Las \u00e1reas expositivas coexisten con espacios de car\u00e1cter m\u00e1s funcional, como un almac\u00e9n, un ba\u00f1o privado, dos aseos para invitados, una cocina con comedor, y un despacho con un amplio ventanal orientado hacia un patio de manzana.<\/p>\n<p>Uno de los elementos m\u00e1s caracter\u00edsticos de la intervenci\u00f3n es la manera en que las estancias pr\u00e1cticas se integran visualmente en el conjunto. Lejos de ocultarse, se incorporan mediante un sistema de mamparas cuadradas de vidrio enmarcadas en rosa, que se repiten a lo largo del recorrido como un motivo constante, generando permeabilidad visual. Esta soluci\u00f3n aporta unidad al conjunto y establece un di\u00e1logo entre lo utilitario y lo est\u00e9tico.<\/p>\n<p>La planta del espacio responde a una l\u00f3gica geom\u00e9trica basada en ejes cartesianos, en un gui\u00f1o expl\u00edcito a la formaci\u00f3n matem\u00e1tica del coleccionista. Esta estructura racional confiere orden y claridad a la disposici\u00f3n de los ambientes, y subraya la importancia del m\u00f3dulo \u2014en este caso, el cuadrado\u2014 como base compositiva. <\/p>\n<p>En cuanto a la paleta crom\u00e1tica, el blanco act\u00faa como color dominante, reforzando la luminosidad y ofreciendo un fondo neutro para la obra art\u00edstica. Las concesiones al color, como los marcos rosados de las mamparas, se introducen de forma puntual y controlada, aportando singularidad sin restar protagonismo al contenido expositivo.<\/p>\n<p><img decoding=\"async\" class=\"graf-image\" src=\"https:\/\/www.europesays.com\/es\/wp-content\/uploads\/2025\/09\/av_medium__av_299610.jpeg\" data-db-id=\"299610\" src-normal=\"\/assets\/uploads\/obras\/58102\/av_medium__av_299610.jpeg\" src-full=\"\/assets\/uploads\/obras\/58102\/av_299610.jpeg\" data-fotografo=\"Jos\u00e9 Hevia\" title=\"Sede de Colecci\u00f3n ES en Santander\"\/><img decoding=\"async\" class=\"graf-image\" src=\"https:\/\/www.europesays.com\/es\/wp-content\/uploads\/2025\/09\/av_medium__av_299605.jpeg\" data-db-id=\"299605\" src-normal=\"\/assets\/uploads\/obras\/58102\/av_medium__av_299605.jpeg\" src-full=\"\/assets\/uploads\/obras\/58102\/av_299605.jpeg\" style=\"\" data-fotografo=\"Jos\u00e9 Hevia\" title=\"Sede de Colecci\u00f3n ES en Santander\"\/><img decoding=\"async\" class=\"graf-image\" src=\"https:\/\/www.europesays.com\/es\/wp-content\/uploads\/2025\/09\/av_medium__av_299607.jpeg\" data-db-id=\"299607\" src-normal=\"\/assets\/uploads\/obras\/58102\/av_medium__av_299607.jpeg\" src-full=\"\/assets\/uploads\/obras\/58102\/av_299607.jpeg\" style=\"\" data-fotografo=\"Jos\u00e9 Hevia\" title=\"Sede de Colecci\u00f3n ES en Santander\"\/><img decoding=\"async\" class=\"graf-image\" src=\"https:\/\/www.europesays.com\/es\/wp-content\/uploads\/2025\/09\/av_medium__av_299606.jpeg\" data-db-id=\"299606\" src-normal=\"\/assets\/uploads\/obras\/58102\/av_medium__av_299606.jpeg\" src-full=\"\/assets\/uploads\/obras\/58102\/av_299606.jpeg\" data-fotografo=\"Jos\u00e9 Hevia\" title=\"Sede de Colecci\u00f3n ES en Santander\"\/><img decoding=\"async\" class=\"graf-image\" src=\"https:\/\/www.europesays.com\/es\/wp-content\/uploads\/2025\/09\/av_medium__av_299597.jpeg\" data-db-id=\"299597\" src-normal=\"\/assets\/uploads\/obras\/58102\/av_medium__av_299597.jpeg\" src-full=\"\/assets\/uploads\/obras\/58102\/av_299597.jpeg\" data-fotografo=\"Jos\u00e9 Hevia\" title=\"Sede de Colecci\u00f3n ES en Santander\"\/><img decoding=\"async\" class=\"graf-image\" src=\"https:\/\/www.europesays.com\/es\/wp-content\/uploads\/2025\/09\/av_medium__av_299600.jpeg\" data-db-id=\"299600\" src-normal=\"\/assets\/uploads\/obras\/58102\/av_medium__av_299600.jpeg\" src-full=\"\/assets\/uploads\/obras\/58102\/av_299600.jpeg\" data-fotografo=\"Jos\u00e9 Hevia\" title=\"Sede de Colecci\u00f3n ES en Santander\"\/><img decoding=\"async\" class=\"graf-image\" src=\"https:\/\/www.europesays.com\/es\/wp-content\/uploads\/2025\/09\/av_medium__av_299604.jpeg\" data-db-id=\"299604\" src-normal=\"\/assets\/uploads\/obras\/58102\/av_medium__av_299604.jpeg\" src-full=\"\/assets\/uploads\/obras\/58102\/av_299604.jpeg\" data-fotografo=\"Jos\u00e9 Hevia\" title=\"Sede de Colecci\u00f3n ES en Santander\"\/><img decoding=\"async\" class=\"graf-image\" src=\"https:\/\/www.europesays.com\/es\/wp-content\/uploads\/2025\/09\/av_medium__av_299599.jpeg\" data-db-id=\"299599\" src-normal=\"\/assets\/uploads\/obras\/58102\/av_medium__av_299599.jpeg\" src-full=\"\/assets\/uploads\/obras\/58102\/av_299599.jpeg\" data-fotografo=\"Jos\u00e9 Hevia\" title=\"Sede de Colecci\u00f3n ES en Santander\"\/><img decoding=\"async\" class=\"graf-image\" src=\"https:\/\/www.europesays.com\/es\/wp-content\/uploads\/2025\/09\/av_medium__av_299598.jpeg\" data-db-id=\"299598\" src-normal=\"\/assets\/uploads\/obras\/58102\/av_medium__av_299598.jpeg\" src-full=\"\/assets\/uploads\/obras\/58102\/av_299598.jpeg\" data-fotografo=\"Jos\u00e9 Hevia\" title=\"Sede de Colecci\u00f3n ES en Santander\"\/><img decoding=\"async\" class=\"graf-image\" src=\"https:\/\/www.europesays.com\/es\/wp-content\/uploads\/2025\/09\/av_medium__av_299608.jpeg\" data-db-id=\"299608\" src-normal=\"\/assets\/uploads\/obras\/58102\/av_medium__av_299608.jpeg\" src-full=\"\/assets\/uploads\/obras\/58102\/av_299608.jpeg\" data-fotografo=\"Jos\u00e9 Hevia\" title=\"Sede de Colecci\u00f3n ES en Santander\"\/><img decoding=\"async\" class=\"graf-image\" src=\"https:\/\/www.europesays.com\/es\/wp-content\/uploads\/2025\/09\/av_medium__av_299609.jpeg\" data-db-id=\"299609\" src-normal=\"\/assets\/uploads\/obras\/58102\/av_medium__av_299609.jpeg\" src-full=\"\/assets\/uploads\/obras\/58102\/av_299609.jpeg\" data-fotografo=\"Jos\u00e9 Hevia\" title=\"Sede de Colecci\u00f3n ES en Santander\"\/><img decoding=\"async\" class=\"graf-image\" src=\"https:\/\/www.europesays.com\/es\/wp-content\/uploads\/2025\/09\/av_medium__av_299601.jpeg\" data-db-id=\"299601\" src-normal=\"\/assets\/uploads\/obras\/58102\/av_medium__av_299601.jpeg\" src-full=\"\/assets\/uploads\/obras\/58102\/av_299601.jpeg\" style=\"\" data-fotografo=\"Jos\u00e9 Hevia\" title=\"Sede de Colecci\u00f3n ES en Santander\"\/><img decoding=\"async\" class=\"graf-image\" src=\"https:\/\/www.europesays.com\/es\/wp-content\/uploads\/2025\/09\/av_medium__av_299603.jpeg\" data-db-id=\"299603\" src-normal=\"\/assets\/uploads\/obras\/58102\/av_medium__av_299603.jpeg\" src-full=\"\/assets\/uploads\/obras\/58102\/av_299603.jpeg\" style=\"\" data-fotografo=\"Jos\u00e9 Hevia\" title=\"Sede de Colecci\u00f3n ES en Santander\"\/><img decoding=\"async\" class=\"graf-image\" src=\"https:\/\/www.europesays.com\/es\/wp-content\/uploads\/2025\/09\/av_medium__av_299602.jpeg\" data-db-id=\"299602\" src-normal=\"\/assets\/uploads\/obras\/58102\/av_medium__av_299602.jpeg\" src-full=\"\/assets\/uploads\/obras\/58102\/av_299602.jpeg\" style=\"\" data-fotografo=\"Jos\u00e9 Hevia\" title=\"Sede de Colecci\u00f3n ES en Santander\"\/><img decoding=\"async\" class=\"graf-image\" src=\"https:\/\/www.europesays.com\/es\/wp-content\/uploads\/2025\/09\/av_medium__av_299595.jpeg\" data-db-id=\"299595\" src-normal=\"\/assets\/uploads\/obras\/58102\/av_medium__av_299595.jpeg\" src-full=\"\/assets\/uploads\/obras\/58102\/av_299595.jpeg\" style=\"\" data-fotografo=\"Jos\u00e9 Hevia\" title=\"Sede de Colecci\u00f3n ES en Santander\"\/><img decoding=\"async\" class=\"graf-image\" src=\"https:\/\/www.europesays.com\/es\/wp-content\/uploads\/2025\/09\/av_medium__av_299596.jpeg\" data-db-id=\"299596\" src-normal=\"\/assets\/uploads\/obras\/58102\/av_medium__av_299596.jpeg\" src-full=\"\/assets\/uploads\/obras\/58102\/av_299596.jpeg\" style=\"\" data-fotografo=\"Jos\u00e9 Hevia\" title=\"Sede de Colecci\u00f3n ES en Santander\"\/><img decoding=\"async\" class=\"graf-image\" src=\"https:\/\/www.europesays.com\/es\/wp-content\/uploads\/2025\/09\/av_medium__av_299611.jpeg\" data-db-id=\"299611\" src-normal=\"\/assets\/uploads\/obras\/58102\/av_medium__av_299611.jpeg\" src-full=\"\/assets\/uploads\/obras\/58102\/av_299611.jpeg\" title=\"Sede de Colecci\u00f3n ES en Santander\"\/><\/p>\n","protected":false},"excerpt":{"rendered":"El proyecto aborda la reforma integral de un local de 660 metros cuadrados ubicado en la ciudad de&hellip;\n","protected":false},"author":2,"featured_media":88662,"comment_status":"","ping_status":"","sticky":false,"template":"","format":"standard","meta":{"footnotes":""},"categories":[173],"tags":[229,233,231,230,232,234,146,147,25,24,23],"class_list":{"0":"post-88661","1":"post","2":"type-post","3":"status-publish","4":"format-standard","5":"has-post-thumbnail","7":"category-arte-y-diseno","8":"tag-arte","9":"tag-arte-y-diseno","10":"tag-arts","11":"tag-arts-and-design","12":"tag-design","13":"tag-diseno","14":"tag-entertainment","15":"tag-entretenimiento","16":"tag-es","17":"tag-espana","18":"tag-spain"},"share_on_mastodon":{"url":"","error":""},"_links":{"self":[{"href":"https:\/\/www.europesays.com\/es\/wp-json\/wp\/v2\/posts\/88661","targetHints":{"allow":["GET"]}}],"collection":[{"href":"https:\/\/www.europesays.com\/es\/wp-json\/wp\/v2\/posts"}],"about":[{"href":"https:\/\/www.europesays.com\/es\/wp-json\/wp\/v2\/types\/post"}],"author":[{"embeddable":true,"href":"https:\/\/www.europesays.com\/es\/wp-json\/wp\/v2\/users\/2"}],"replies":[{"embeddable":true,"href":"https:\/\/www.europesays.com\/es\/wp-json\/wp\/v2\/comments?post=88661"}],"version-history":[{"count":0,"href":"https:\/\/www.europesays.com\/es\/wp-json\/wp\/v2\/posts\/88661\/revisions"}],"wp:featuredmedia":[{"embeddable":true,"href":"https:\/\/www.europesays.com\/es\/wp-json\/wp\/v2\/media\/88662"}],"wp:attachment":[{"href":"https:\/\/www.europesays.com\/es\/wp-json\/wp\/v2\/media?parent=88661"}],"wp:term":[{"taxonomy":"category","embeddable":true,"href":"https:\/\/www.europesays.com\/es\/wp-json\/wp\/v2\/categories?post=88661"},{"taxonomy":"post_tag","embeddable":true,"href":"https:\/\/www.europesays.com\/es\/wp-json\/wp\/v2\/tags?post=88661"}],"curies":[{"name":"wp","href":"https:\/\/api.w.org\/{rel}","templated":true}]}}